{"id":31884,"date":"2024-05-25T02:54:00","date_gmt":"2024-05-25T02:54:00","guid":{"rendered":"https:\/\/webpe.colegiomayor.cl\/?p=31884"},"modified":"2024-05-25T02:54:00","modified_gmt":"2024-05-25T02:54:00","slug":"acto-de-conmemoracion-de-las-glorias-navales","status":"publish","type":"post","link":"https:\/\/webpe.colegiomayor.cl\/?p=31884","title":{"rendered":"Acto de conmemoraci\u00f3n de las Glorias Navales"},"content":{"rendered":"\n<p class=\"has-background has-very-light-gray-background-color\"><strong><em>El d\u00eda mi\u00e9rcoles 22 de mayo, una delegaci\u00f3n del Colegio Mayor de Pe\u00f1alol\u00e9n encabezada por la rectora Sra. Macarena Salas, se congreg\u00f3 en el auditorio, con el objetivo de ser parte de una ceremonia de Conmemoraci\u00f3n de las Glorias Navales.<\/em><\/strong><\/p>\n\n\n\n\n\n<p>En este mes\ndel Mar, la Direcci\u00f3n del Colegio Mayor de Pe\u00f1alol\u00e9n, junto a una delegaci\u00f3n de\nestudiantes, directivos, profesores, centro de estudiantes y centro de padres\nse congreg\u00f3 para rendir un homenaje a este insigne marino chileno, Capit\u00e1n de\nFragata, Arturo Prat Chac\u00f3n.<\/p>\n\n\n\n<p>En la oportunidad el himno nacional y el de nuestro colegio fueron\ncantados en compa\u00f1\u00eda del coro dirigido por la profesora de m\u00fasica Sra. Mar\u00eda\nTeresa Gonz\u00e1lez.<\/p>\n\n\n\n<p>&nbsp;Asimismo, la profesora Varinia\nCaballero fue parte del evento con una intervenci\u00f3n art\u00edstica.<\/p>\n\n\n\n<p>Para reflexionar acerca de este hito\nde nuestra historia, se dirigi\u00f3 a los presentes el Director de Educaci\u00f3n\nMedia, el Profesor de Historia\nSr. Jos\u00e9 Miguel Arriagada,\nquien comenz\u00f3 recordando\nel combate naval de Iquique en el contexto de la\nGuerra del Pac\u00edfico hace 145 a\u00f1os.<\/p>\n\n\n\n<p>Fue as\u00ed como\nColegio Mayor Pe\u00f1alol\u00e9n dio t\u00e9rmino a esta solemne ceremonia en homenaje al\ninsigne marino y h\u00e9roe de Iquique, Capit\u00e1n de Fragata Don Arturo Prat Chac\u00f3n.<\/p>\n","protected":false},"excerpt":{"rendered":"<p>El d\u00eda mi\u00e9rcoles 22 de mayo, una delegaci\u00f3n del Colegio Mayor de Pe\u00f1alol\u00e9n encabezada por la rectora Sra. Macarena Salas, se congreg\u00f3 en el auditorio, con el objetivo de ser parte de una ceremonia de Conmemoraci\u00f3n de las Glorias Navales. En este mes del Mar,&nbsp;<a href=\"https:\/\/webpe.colegiomayor.cl\/?p=31884\">&hellip;<\/a><\/p>\n","protected":false},"author":5,"featured_media":0,"comment_status":"closed","ping_status":"closed","sticky":false,"template":"","format":"standard","meta":{"content-type":"","footnotes":""},"categories":[23],"tags":[],"class_list":["post-31884","post","type-post","status-publish","format-standard","hentry","category-actualidad","odd"],"rttpg_featured_image_url":null,"rttpg_author":{"display_name":"Flor Parragu\u00e9z","author_link":"https:\/\/webpe.colegiomayor.cl\/?author=5"},"rttpg_comment":0,"rttpg_category":"<a href=\"https:\/\/webpe.colegiomayor.cl\/?cat=23\" rel=\"category\">COLEGIO<\/a>","rttpg_excerpt":"El d\u00eda mi\u00e9rcoles 22 de mayo, una delegaci\u00f3n del Colegio Mayor de Pe\u00f1alol\u00e9n encabezada por la rectora Sra. Macarena Salas, se congreg\u00f3 en el auditorio, con el objetivo de ser parte de una ceremonia de Conmemoraci\u00f3n de las Glorias Navales. En este mes del Mar,&nbsp;&hellip;","_links":{"self":[{"href":"https:\/\/webpe.colegiomayor.cl\/index.php?rest_route=\/wp\/v2\/posts\/31884","targetHints":{"allow":["GET"]}}],"collection":[{"href":"https:\/\/webpe.colegiomayor.cl\/index.php?rest_route=\/wp\/v2\/posts"}],"about":[{"href":"https:\/\/webpe.colegiomayor.cl\/index.php?rest_route=\/wp\/v2\/types\/post"}],"author":[{"embeddable":true,"href":"https:\/\/webpe.colegiomayor.cl\/index.php?rest_route=\/wp\/v2\/users\/5"}],"replies":[{"embeddable":true,"href":"https:\/\/webpe.colegiomayor.cl\/index.php?rest_route=%2Fwp%2Fv2%2Fcomments&post=31884"}],"version-history":[{"count":0,"href":"https:\/\/webpe.colegiomayor.cl\/index.php?rest_route=\/wp\/v2\/posts\/31884\/revisions"}],"wp:attachment":[{"href":"https:\/\/webpe.colegiomayor.cl\/index.php?rest_route=%2Fwp%2Fv2%2Fmedia&parent=31884"}],"wp:term":[{"taxonomy":"category","embeddable":true,"href":"https:\/\/webpe.colegiomayor.cl\/index.php?rest_route=%2Fwp%2Fv2%2Fcategories&post=31884"},{"taxonomy":"post_tag","embeddable":true,"href":"https:\/\/webpe.colegiomayor.cl\/index.php?rest_route=%2Fwp%2Fv2%2Ftags&post=31884"}],"curies":[{"name":"wp","href":"https:\/\/api.w.org\/{rel}","templated":true}]}}