{"id":31846,"date":"2024-06-19T19:25:15","date_gmt":"2024-06-19T19:25:15","guid":{"rendered":"https:\/\/webpe.colegiomayor.cl\/?p=31846"},"modified":"2024-06-19T19:25:15","modified_gmt":"2024-06-19T19:25:15","slug":"seleccion-de-gimnasia-artistica-obtuvo-primer-lugar-por-equipo-en-copa-lega","status":"publish","type":"post","link":"https:\/\/webpe.colegiomayor.cl\/?p=31846","title":{"rendered":"Selecci\u00f3n de Gimnasia Art\u00edstica obtuvo Primer Lugar por Equipo en Copa Lega"},"content":{"rendered":"\n<p class=\"has-background has-text-align-center has-very-light-gray-background-color\"><strong>El pasado s\u00e1bado 15 de junio, se realiz\u00f3 la competencia COPA LEGA, una de las m\u00e1s importantes a nivel escolar. Esta competencia se llev\u00f3 a cabo en el colegio Sagrados Corazones, ubicado en la comuna de Santiago. En esta ocasi\u00f3n la Selecci\u00f3n de Gimnasia Art\u00edstica obtuvo el 1er lugar por equipo y varias medallas en el all around <em>(AA) <\/em>de los diferentes niveles y franjas.&nbsp; <\/strong><\/p>\n\n\n\n<figure class=\"wp-block-image size-large\"><img decoding=\"async\" src=\"https:\/\/webpe.colegiomayor.cl\/wp-content\/uploads\/WhatsApp-Image-2024-06-15-at-19.30.09-1-1024x768.jpeg\" alt=\"\" class=\"wp-image-31848\"\/><\/figure>\n\n\n\n<p>Compitieron 14 equipos, m\u00e1s de 140 gimnastas entre clubes y colegios.<\/p>\n\n\n\n<figure class=\"wp-block-gallery columns-3 is-cropped wp-block-gallery-1 is-layout-flex wp-block-gallery-is-layout-flex\"><ul class=\"blocks-gallery-grid\"><li class=\"blocks-gallery-item\"><figure><img decoding=\"async\" src=\"https:\/\/webpe.colegiomayor.cl\/wp-content\/uploads\/WhatsApp-Image-2024-06-15-at-19.30.11-1-768x1024.jpeg\" alt=\"\" data-id=\"31851\" data-full-url=\"https:\/\/webpe.colegiomayor.cl\/wp-content\/uploads\/WhatsApp-Image-2024-06-15-at-19.30.11-1.jpeg\" data-link=\"https:\/\/webpe.colegiomayor.cl\/?attachment_id=31851\" class=\"wp-image-31851\"\/><\/figure><\/li><li class=\"blocks-gallery-item\"><figure><img decoding=\"async\" src=\"https:\/\/webpe.colegiomayor.cl\/wp-content\/uploads\/WhatsApp-Image-2024-06-15-at-19.30.03-768x1024.jpeg\" alt=\"\" data-id=\"31850\" data-full-url=\"https:\/\/webpe.colegiomayor.cl\/wp-content\/uploads\/WhatsApp-Image-2024-06-15-at-19.30.03.jpeg\" data-link=\"https:\/\/webpe.colegiomayor.cl\/?attachment_id=31850\" class=\"wp-image-31850\"\/><\/figure><\/li><li class=\"blocks-gallery-item\"><figure><img decoding=\"async\" src=\"https:\/\/webpe.colegiomayor.cl\/wp-content\/uploads\/WhatsApp-Image-2024-06-15-at-19.29.57-768x1024.jpeg\" alt=\"\" data-id=\"31849\" data-full-url=\"https:\/\/webpe.colegiomayor.cl\/wp-content\/uploads\/WhatsApp-Image-2024-06-15-at-19.29.57.jpeg\" data-link=\"https:\/\/webpe.colegiomayor.cl\/?attachment_id=31849\" class=\"wp-image-31849\"\/><\/figure><\/li><\/ul><\/figure>\n\n\n\n<p>Destacamos a todas las gimnastas por lograr un puesto dentro de las diez mejores, en especial a Isabella Poblete, Mariana Arredondo y Luciana Serrano en nivel 1, Matilde Lobos en nivel 2, Catalina Vera en nivel 3, Anastasia Le\u00f3n y Valentina Garc\u00eda en nivel 4 por obtener el primer lugar all around. Destacar a Isabella Poblete y Valentina Garc\u00eda por ser elegidas las mejores gimnastas de la competencia.&nbsp; <\/p>\n\n\n\n<figure class=\"wp-block-gallery columns-1 is-cropped wp-block-gallery-2 is-layout-flex wp-block-gallery-is-layout-flex\"><ul class=\"blocks-gallery-grid\"><li class=\"blocks-gallery-item\"><figure><img decoding=\"async\" src=\"https:\/\/webpe.colegiomayor.cl\/wp-content\/uploads\/WhatsApp-Image-2024-06-15-at-19.29.53-768x1024.jpeg\" alt=\"\" data-id=\"31855\" data-full-url=\"https:\/\/webpe.colegiomayor.cl\/wp-content\/uploads\/WhatsApp-Image-2024-06-15-at-19.29.53.jpeg\" data-link=\"https:\/\/webpe.colegiomayor.cl\/?attachment_id=31855\" class=\"wp-image-31855\"\/><\/figure><\/li><\/ul><\/figure>\n\n\n\n<p>Felicitamos\na toda la selecci\u00f3n de gimnasia como a sus entrenadores por los logros\nobtenidos este primer semestre. <\/p>\n\n\n\n<p class=\"has-background has-very-light-gray-background-color\"><strong>Equipo Colegio Mayor:<\/strong><\/p>\n\n\n\n<p>Mariana Arredondo, Isabella Poblete, Amparo Rodr\u00edguez, Luciana Serrano, Matilde Lobos, Javiera Lobos, Valentina Bucarey, Amanda Acevedo, Roci\u00f3 Cerda, Macarena Jelve, Agustina Avenda\u00f1o, Catalina Vera, Isidora Jim\u00e9nez, Valentina Garc\u00eda, Josefa Guti\u00e9rrez, Anastasia Le\u00f3n.<\/p>\n\n\n\n<figure class=\"wp-block-image size-large\"><img decoding=\"async\" src=\"https:\/\/webpe.colegiomayor.cl\/wp-content\/uploads\/WhatsApp-Image-2024-06-15-at-19.29.49-1024x768.jpeg\" alt=\"\" class=\"wp-image-31847\"\/><\/figure>\n","protected":false},"excerpt":{"rendered":"<p>El pasado s\u00e1bado 15 de junio, se realiz\u00f3 la competencia COPA LEGA, una de las m\u00e1s importantes a nivel escolar. Esta competencia se llev\u00f3 a cabo en el colegio Sagrados Corazones, ubicado en la comuna de Santiago. En esta ocasi\u00f3n la Selecci\u00f3n de Gimnasia Art\u00edstica&nbsp;<a href=\"https:\/\/webpe.colegiomayor.cl\/?p=31846\">&hellip;<\/a><\/p>\n","protected":false},"author":5,"featured_media":31848,"comment_status":"closed","ping_status":"closed","sticky":false,"template":"","format":"standard","meta":{"content-type":"","footnotes":""},"categories":[25],"tags":[],"class_list":["post-31846","post","type-post","status-publish","format-standard","has-post-thumbnail","hentry","category-deportes","odd"],"rttpg_featured_image_url":null,"rttpg_author":{"display_name":"Flor Parragu\u00e9z","author_link":"https:\/\/webpe.colegiomayor.cl\/?author=5"},"rttpg_comment":0,"rttpg_category":"<a href=\"https:\/\/webpe.colegiomayor.cl\/?cat=25\" rel=\"category\">DEPORTES<\/a>","rttpg_excerpt":"El pasado s\u00e1bado 15 de junio, se realiz\u00f3 la competencia COPA LEGA, una de las m\u00e1s importantes a nivel escolar. Esta competencia se llev\u00f3 a cabo en el colegio Sagrados Corazones, ubicado en la comuna de Santiago. En esta ocasi\u00f3n la Selecci\u00f3n de Gimnasia Art\u00edstica&nbsp;&hellip;","_links":{"self":[{"href":"https:\/\/webpe.colegiomayor.cl\/index.php?rest_route=\/wp\/v2\/posts\/31846","targetHints":{"allow":["GET"]}}],"collection":[{"href":"https:\/\/webpe.colegiomayor.cl\/index.php?rest_route=\/wp\/v2\/posts"}],"about":[{"href":"https:\/\/webpe.colegiomayor.cl\/index.php?rest_route=\/wp\/v2\/types\/post"}],"author":[{"embeddable":true,"href":"https:\/\/webpe.colegiomayor.cl\/index.php?rest_route=\/wp\/v2\/users\/5"}],"replies":[{"embeddable":true,"href":"https:\/\/webpe.colegiomayor.cl\/index.php?rest_route=%2Fwp%2Fv2%2Fcomments&post=31846"}],"version-history":[{"count":0,"href":"https:\/\/webpe.colegiomayor.cl\/index.php?rest_route=\/wp\/v2\/posts\/31846\/revisions"}],"wp:featuredmedia":[{"embeddable":true,"href":"https:\/\/webpe.colegiomayor.cl\/index.php?rest_route=\/"}],"wp:attachment":[{"href":"https:\/\/webpe.colegiomayor.cl\/index.php?rest_route=%2Fwp%2Fv2%2Fmedia&parent=31846"}],"wp:term":[{"taxonomy":"category","embeddable":true,"href":"https:\/\/webpe.colegiomayor.cl\/index.php?rest_route=%2Fwp%2Fv2%2Fcategories&post=31846"},{"taxonomy":"post_tag","embeddable":true,"href":"https:\/\/webpe.colegiomayor.cl\/index.php?rest_route=%2Fwp%2Fv2%2Ftags&post=31846"}],"curies":[{"name":"wp","href":"https:\/\/api.w.org\/{rel}","templated":true}]}}