{"id":31821,"date":"2024-06-18T16:01:56","date_gmt":"2024-06-18T16:01:56","guid":{"rendered":"https:\/\/webpe.colegiomayor.cl\/?p=31821"},"modified":"2024-06-18T16:01:56","modified_gmt":"2024-06-18T16:01:56","slug":"nos-vemos-al-regreso","status":"publish","type":"post","link":"https:\/\/webpe.colegiomayor.cl\/?p=31821","title":{"rendered":"\u00a1Nos vemos al regreso!"},"content":{"rendered":"\n<figure class=\"wp-block-image size-large\"><img decoding=\"async\" src=\"https:\/\/webpe.colegiomayor.cl\/wp-content\/uploads\/web-vacaciones-de-invierno-1024x589.jpg\" alt=\"\" class=\"wp-image-31822\"\/><\/figure>\n\n\n\n<p class=\"has-background has-text-align-center has-very-light-gray-background-color\"><strong>Felices vacaciones. Tiempo para descansar, renovar energ\u00eda y as\u00ed concluir con \u00e9xito el segundo semestre del a\u00f1o escolar.<\/strong><\/p>\n","protected":false},"excerpt":{"rendered":"<p>Felices vacaciones. Tiempo para descansar, renovar energ\u00eda y as\u00ed concluir con \u00e9xito el segundo semestre del a\u00f1o escolar.<\/p>\n","protected":false},"author":5,"featured_media":31822,"comment_status":"closed","ping_status":"closed","sticky":false,"template":"","format":"standard","meta":{"content-type":"","footnotes":""},"categories":[23,22],"tags":[],"class_list":["post-31821","post","type-post","status-publish","format-standard","has-post-thumbnail","hentry","category-actualidad","category-convivencia","odd"],"rttpg_featured_image_url":null,"rttpg_author":{"display_name":"Flor Parragu\u00e9z","author_link":"https:\/\/webpe.colegiomayor.cl\/?author=5"},"rttpg_comment":0,"rttpg_category":"<a href=\"https:\/\/webpe.colegiomayor.cl\/?cat=23\" rel=\"category\">COLEGIO<\/a> <a href=\"https:\/\/webpe.colegiomayor.cl\/?cat=22\" rel=\"category\">NEWS EL ENCUENTRO<\/a>","rttpg_excerpt":"Felices vacaciones. Tiempo para descansar, renovar energ\u00eda y as\u00ed concluir con \u00e9xito el segundo semestre del a\u00f1o escolar.","_links":{"self":[{"href":"https:\/\/webpe.colegiomayor.cl\/index.php?rest_route=\/wp\/v2\/posts\/31821","targetHints":{"allow":["GET"]}}],"collection":[{"href":"https:\/\/webpe.colegiomayor.cl\/index.php?rest_route=\/wp\/v2\/posts"}],"about":[{"href":"https:\/\/webpe.colegiomayor.cl\/index.php?rest_route=\/wp\/v2\/types\/post"}],"author":[{"embeddable":true,"href":"https:\/\/webpe.colegiomayor.cl\/index.php?rest_route=\/wp\/v2\/users\/5"}],"replies":[{"embeddable":true,"href":"https:\/\/webpe.colegiomayor.cl\/index.php?rest_route=%2Fwp%2Fv2%2Fcomments&post=31821"}],"version-history":[{"count":0,"href":"https:\/\/webpe.colegiomayor.cl\/index.php?rest_route=\/wp\/v2\/posts\/31821\/revisions"}],"wp:featuredmedia":[{"embeddable":true,"href":"https:\/\/webpe.colegiomayor.cl\/index.php?rest_route=\/"}],"wp:attachment":[{"href":"https:\/\/webpe.colegiomayor.cl\/index.php?rest_route=%2Fwp%2Fv2%2Fmedia&parent=31821"}],"wp:term":[{"taxonomy":"category","embeddable":true,"href":"https:\/\/webpe.colegiomayor.cl\/index.php?rest_route=%2Fwp%2Fv2%2Fcategories&post=31821"},{"taxonomy":"post_tag","embeddable":true,"href":"https:\/\/webpe.colegiomayor.cl\/index.php?rest_route=%2Fwp%2Fv2%2Ftags&post=31821"}],"curies":[{"name":"wp","href":"https:\/\/api.w.org\/{rel}","templated":true}]}}