{"id":31797,"date":"2024-06-11T14:42:41","date_gmt":"2024-06-11T14:42:41","guid":{"rendered":"https:\/\/webpe.colegiomayor.cl\/?p=31797"},"modified":"2024-06-11T14:42:41","modified_gmt":"2024-06-11T14:42:41","slug":"natacion-campeonato-festival-de-menores-invierno-2024","status":"publish","type":"post","link":"https:\/\/webpe.colegiomayor.cl\/?p=31797","title":{"rendered":"Nataci\u00f3n: Campeonato Festival de Menores invierno 2024"},"content":{"rendered":"\n<p class=\"has-background has-text-align-center has-very-light-gray-background-color\"><strong><em>Los d\u00edas 8 y 9 de junio en el Estadio San Carlos de Apoquindo, piscina 25 metros Club Deportivo Universidad Cat\u00f3lica UC, se llev\u00f3 a cabo al Campeonato de Menores Invierno 2024, que re\u00fane a estudiantes nacidos entre 2013 y 2016, pertenecientes a clubes de todo Chile.<\/em><\/strong><\/p>\n\n\n\n<figure class=\"wp-block-image size-large\"><img decoding=\"async\" src=\"https:\/\/webpe.colegiomayor.cl\/wp-content\/uploads\/Sin-t\u00edtulo-72-1024x775.png\" alt=\"\" class=\"wp-image-31798\"\/><\/figure>\n\n\n\n<p>En el evento deportivo participaron un total de 32 clubes\ndeportivos pertenecientes a todo Chile, con m\u00e1s de 300 nadadores,&nbsp; y fue organizado por la Federaci\u00f3n Chilena de\nDeportes Acu\u00e1ticos.<\/p>\n\n\n\n<p>El profesor entrenador, Sim\u00f3n Fern\u00e1ndez, nos se\u00f1al\u00f3 al\nrespecto \u201cVeo que el deporte en el \u00e1rea formativa ha tomado mucha fuerza por lo\ncual el n\u00famero de deportistas en estas categor\u00edas ha crecido bastante los\n\u00faltimos a\u00f1os, esto hace que cada d\u00eda la competencia se haga m\u00e1s estrecha entre\nclub y colegios\u201d y agreg\u00f3 \u201cEl Colegio Mayor ha preparado este torneo con mucho\ndetalle, nuestros deportistas han mostrado un avance t\u00e9cnico t\u00e1ctico positivo\nobteniendo como resultado al 90% del equipo subiendo al podio a nivel nacional,\nestamos conformes y contentos, pero con ganas de seguir trabajando y mejorado\nd\u00eda a d\u00eda\u201d.<\/p>\n\n\n\n<p class=\"has-background has-very-light-gray-background-color\"><strong>Destacamos la participaci\u00f3n de nuestros estudiantes que demostraron su esfuerzo, entrega y energ\u00eda en cada brazada.<\/strong><\/p>\n\n\n\n<p>1.- Magdalena G\u00f3mez <\/p>\n\n\n\n<p>2.- Samantha Montiel <\/p>\n\n\n\n<p>3.- Catalina Quenaya<\/p>\n\n\n\n<p>4.- Amanda Coloma <\/p>\n\n\n\n<p>5.- Julieta Fern\u00e1ndez <\/p>\n\n\n\n<p>6.- Juan Carlos Ram\u00edrez<\/p>\n\n\n\n<p>7.- Diego Rivas <\/p>\n\n\n\n<p>8.- Agust\u00edn Guerrero<\/p>\n\n\n\n<p>9.- Mat\u00edas Ch\u00e1vez <\/p>\n","protected":false},"excerpt":{"rendered":"<p>Los d\u00edas 8 y 9 de junio en el Estadio San Carlos de Apoquindo, piscina 25 metros Club Deportivo Universidad Cat\u00f3lica UC, se llev\u00f3 a cabo al Campeonato de Menores Invierno 2024, que re\u00fane a estudiantes nacidos entre 2013 y 2016, pertenecientes a clubes de&nbsp;<a href=\"https:\/\/webpe.colegiomayor.cl\/?p=31797\">&hellip;<\/a><\/p>\n","protected":false},"author":5,"featured_media":31798,"comment_status":"closed","ping_status":"closed","sticky":false,"template":"","format":"standard","meta":{"content-type":"","footnotes":""},"categories":[25],"tags":[],"class_list":["post-31797","post","type-post","status-publish","format-standard","has-post-thumbnail","hentry","category-deportes","odd"],"rttpg_featured_image_url":null,"rttpg_author":{"display_name":"Flor Parragu\u00e9z","author_link":"https:\/\/webpe.colegiomayor.cl\/?author=5"},"rttpg_comment":0,"rttpg_category":"<a href=\"https:\/\/webpe.colegiomayor.cl\/?cat=25\" rel=\"category\">DEPORTES<\/a>","rttpg_excerpt":"Los d\u00edas 8 y 9 de junio en el Estadio San Carlos de Apoquindo, piscina 25 metros Club Deportivo Universidad Cat\u00f3lica UC, se llev\u00f3 a cabo al Campeonato de Menores Invierno 2024, que re\u00fane a estudiantes nacidos entre 2013 y 2016, pertenecientes a clubes de&nbsp;&hellip;","_links":{"self":[{"href":"https:\/\/webpe.colegiomayor.cl\/index.php?rest_route=\/wp\/v2\/posts\/31797","targetHints":{"allow":["GET"]}}],"collection":[{"href":"https:\/\/webpe.colegiomayor.cl\/index.php?rest_route=\/wp\/v2\/posts"}],"about":[{"href":"https:\/\/webpe.colegiomayor.cl\/index.php?rest_route=\/wp\/v2\/types\/post"}],"author":[{"embeddable":true,"href":"https:\/\/webpe.colegiomayor.cl\/index.php?rest_route=\/wp\/v2\/users\/5"}],"replies":[{"embeddable":true,"href":"https:\/\/webpe.colegiomayor.cl\/index.php?rest_route=%2Fwp%2Fv2%2Fcomments&post=31797"}],"version-history":[{"count":0,"href":"https:\/\/webpe.colegiomayor.cl\/index.php?rest_route=\/wp\/v2\/posts\/31797\/revisions"}],"wp:featuredmedia":[{"embeddable":true,"href":"https:\/\/webpe.colegiomayor.cl\/index.php?rest_route=\/"}],"wp:attachment":[{"href":"https:\/\/webpe.colegiomayor.cl\/index.php?rest_route=%2Fwp%2Fv2%2Fmedia&parent=31797"}],"wp:term":[{"taxonomy":"category","embeddable":true,"href":"https:\/\/webpe.colegiomayor.cl\/index.php?rest_route=%2Fwp%2Fv2%2Fcategories&post=31797"},{"taxonomy":"post_tag","embeddable":true,"href":"https:\/\/webpe.colegiomayor.cl\/index.php?rest_route=%2Fwp%2Fv2%2Ftags&post=31797"}],"curies":[{"name":"wp","href":"https:\/\/api.w.org\/{rel}","templated":true}]}}