{"id":31769,"date":"2024-06-07T12:51:37","date_gmt":"2024-06-07T12:51:37","guid":{"rendered":"https:\/\/webpe.colegiomayor.cl\/?p=31769"},"modified":"2024-06-07T12:51:37","modified_gmt":"2024-06-07T12:51:37","slug":"plan-de-prevencion-y-medio-ambiente","status":"publish","type":"post","link":"https:\/\/webpe.colegiomayor.cl\/?p=31769","title":{"rendered":"Plan de prevenci\u00f3n y Medio ambiente"},"content":{"rendered":"\n<figure class=\"wp-block-image size-large\"><img decoding=\"async\" src=\"https:\/\/webpe.colegiomayor.cl\/wp-content\/uploads\/1200x690-prevencion-1024x589.jpg\" alt=\"\" class=\"wp-image-31603\"\/><\/figure>\n\n\n\n<p class=\"has-background has-text-align-center has-very-light-gray-background-color\"><strong><em>Durante la \u00e9poca de invierno las bajas temperaturas ocasionan una mala calidad del aire en la Regi\u00f3n Metropolitana, perjudicando y siendo riesgoso para la salud.<\/em><\/strong><\/p>\n\n\n\n<p>Es por ello que para no afectar la salud de\nlos estudiantes se recomienda planificar de manera diferenciada dependiendo de\nla calidad del aire y las medidas tomadas por las autoridades.<\/p>\n\n\n\n<p class=\"has-background has-cyan-bluish-gray-background-color\"><strong>De acuerdo a lo anterior se detalla lo siguiente:<\/strong><\/p>\n\n\n\n<p class=\"has-background has-very-light-gray-background-color\"><strong>Alerta Ambiental:<\/strong> \u00edndices de calidad de aire superior a 200.<\/p>\n\n\n\n<p>Todas las actividades de Educaci\u00f3n F\u00edsica y\nDeportes se realizan, pero con baja intensidad aer\u00f3bica y cardiovascular. Privilegiando\nactividades de car\u00e1cter l\u00fadico y recreativo.Te\u00f3rico en el caso de estudiantes\ncon antecedentes de enfermedades respiratorias.<\/p>\n\n\n\n<p class=\"has-background has-very-light-gray-background-color\"><strong>Preemergencia: <\/strong>&nbsp;\u00cdndice de calidad de aire sobre 300.<\/p>\n\n\n\n<p>En el caso de las clases de <strong>Educaci\u00f3n F\u00edsica, Deportes y Academias,<\/strong>\nse realiza un cambio de actividades, bajando la intensidad. Es decir, se puede\nhacer clases, modificando la estructura de las actividades y realizando\ntrabajos m\u00e1s t\u00e9cnicos que no provoquen dificultad f\u00edsica a los estudiantes. <\/p>\n\n\n\n<ol class=\"wp-block-list\"><li><strong>Las Selecciones Deportivas: <\/strong><\/li><\/ol>\n\n\n\n<p>&nbsp;Atletismo, F\u00fatbol, Tenis<strong>, se ajustar\u00e1 la actividad por trabajo intramuro (T\u00e9cnico-T\u00e1ctico).<\/strong><\/p>\n\n\n\n<ol class=\"wp-block-list\"><li><strong>Las Selecciones Deportivas Indoor: <\/strong><\/li><\/ol>\n\n\n\n<p>B\u00e1squetbol, Gimnasia, Cheerleader, Nataci\u00f3n y\nV\u00f3leibol<strong> se trabajar\u00e1 con una baja\nintensidad (T\u00e9cnica-T\u00e1ctica).<\/strong><\/p>\n\n\n\n<ol class=\"wp-block-list\"><li><strong>&nbsp;Las\n     competencias y\/o encuentros estar\u00e1n sujetas al ente organizador.<\/strong><\/li><\/ol>\n\n\n\n<p class=\"has-background has-very-light-gray-background-color\"><strong>Emergencia\nAmbiental: \u00cdndice<\/strong> de calidad\ndel aire sobre 500.<\/p>\n\n\n\n<p>Todas las actividades de Educaci\u00f3n F\u00edsica,\nDeportes, Selecci\u00f3n y extra program\u00e1ticas se <strong>suspenden.<\/strong><\/p>\n\n\n\n<p>Las clases de Educaci\u00f3n F\u00edsica y Deportes se\nrealizan dentro de la sala o foro con car\u00e1cter te\u00f3rico.<\/p>\n\n\n\n<p>Quedan suspendidas las academias y las\nselecciones deportivas.<\/p>\n\n\n\n<p>Estas medidas se dan en el marco de la\ncontingencia ambiental y el aumento de virus respiratorios.<\/p>\n\n\n\n<p>Atentamente.<\/p>\n\n\n\n<p class=\"has-background has-text-align-center has-very-light-gray-background-color\"><strong>Departamento de Educaci\u00f3n F\u00edsica, Deportes y Salud.<\/strong><\/p>\n\n\n\n<figure class=\"wp-block-image size-large\"><img decoding=\"async\" src=\"https:\/\/webpe.colegiomayor.cl\/wp-content\/uploads\/Plan-de-prevencion-2-675x1024.jpg\" alt=\"\" class=\"wp-image-31859\"\/><\/figure>\n","protected":false},"excerpt":{"rendered":"<p>Durante la \u00e9poca de invierno las bajas temperaturas ocasionan una mala calidad del aire en la Regi\u00f3n Metropolitana, perjudicando y siendo riesgoso para la salud. Es por ello que para no afectar la salud de los estudiantes se recomienda planificar de manera diferenciada dependiendo de&nbsp;<a href=\"https:\/\/webpe.colegiomayor.cl\/?p=31769\">&hellip;<\/a><\/p>\n","protected":false},"author":5,"featured_media":31603,"comment_status":"closed","ping_status":"closed","sticky":false,"template":"","format":"standard","meta":{"content-type":"","footnotes":""},"categories":[25],"tags":[],"class_list":["post-31769","post","type-post","status-publish","format-standard","has-post-thumbnail","hentry","category-deportes","odd"],"rttpg_featured_image_url":null,"rttpg_author":{"display_name":"Flor Parragu\u00e9z","author_link":"https:\/\/webpe.colegiomayor.cl\/?author=5"},"rttpg_comment":0,"rttpg_category":"<a href=\"https:\/\/webpe.colegiomayor.cl\/?cat=25\" rel=\"category\">DEPORTES<\/a>","rttpg_excerpt":"Durante la \u00e9poca de invierno las bajas temperaturas ocasionan una mala calidad del aire en la Regi\u00f3n Metropolitana, perjudicando y siendo riesgoso para la salud. Es por ello que para no afectar la salud de los estudiantes se recomienda planificar de manera diferenciada dependiendo de&nbsp;&hellip;","_links":{"self":[{"href":"https:\/\/webpe.colegiomayor.cl\/index.php?rest_route=\/wp\/v2\/posts\/31769","targetHints":{"allow":["GET"]}}],"collection":[{"href":"https:\/\/webpe.colegiomayor.cl\/index.php?rest_route=\/wp\/v2\/posts"}],"about":[{"href":"https:\/\/webpe.colegiomayor.cl\/index.php?rest_route=\/wp\/v2\/types\/post"}],"author":[{"embeddable":true,"href":"https:\/\/webpe.colegiomayor.cl\/index.php?rest_route=\/wp\/v2\/users\/5"}],"replies":[{"embeddable":true,"href":"https:\/\/webpe.colegiomayor.cl\/index.php?rest_route=%2Fwp%2Fv2%2Fcomments&post=31769"}],"version-history":[{"count":0,"href":"https:\/\/webpe.colegiomayor.cl\/index.php?rest_route=\/wp\/v2\/posts\/31769\/revisions"}],"wp:featuredmedia":[{"embeddable":true,"href":"https:\/\/webpe.colegiomayor.cl\/index.php?rest_route=\/"}],"wp:attachment":[{"href":"https:\/\/webpe.colegiomayor.cl\/index.php?rest_route=%2Fwp%2Fv2%2Fmedia&parent=31769"}],"wp:term":[{"taxonomy":"category","embeddable":true,"href":"https:\/\/webpe.colegiomayor.cl\/index.php?rest_route=%2Fwp%2Fv2%2Fcategories&post=31769"},{"taxonomy":"post_tag","embeddable":true,"href":"https:\/\/webpe.colegiomayor.cl\/index.php?rest_route=%2Fwp%2Fv2%2Ftags&post=31769"}],"curies":[{"name":"wp","href":"https:\/\/api.w.org\/{rel}","templated":true}]}}