{"id":31751,"date":"2024-06-06T22:04:02","date_gmt":"2024-06-06T22:04:02","guid":{"rendered":"https:\/\/webpe.colegiomayor.cl\/?p=31751"},"modified":"2024-06-06T22:04:02","modified_gmt":"2024-06-06T22:04:02","slug":"tour-corridas-milo-santiago","status":"publish","type":"post","link":"https:\/\/webpe.colegiomayor.cl\/?p=31751","title":{"rendered":"Tour Corridas Milo Santiago"},"content":{"rendered":"\n<p class=\"has-background has-text-align-center has-very-light-gray-background-color\"><em><strong>El domingo 02 de junio, en la Plaza de la Aviaci\u00f3n, comuna de Providencia, se vivi\u00f3 el Tour Corridas Milo Santiago. Prueba pedestre organizada por Milo, cuyo fin es promover, potenciar la vida sana y el deporte escolar. Alrededor de 5.000 estudiantes de toda la regi\u00f3n metropolitana, participaron en las distancias de 3K y 5K.<\/strong><\/em><\/p>\n\n\n\n<figure class=\"wp-block-image size-large\"><img decoding=\"async\" src=\"https:\/\/webpe.colegiomayor.cl\/wp-content\/uploads\/Foto-principal-foto-de-equipo-1ra-foto-1024x580.jpeg\" alt=\"\" class=\"wp-image-31752\"\/><\/figure>\n\n\n\n<p>Nuestro colegio, se hizo presente con un gran n\u00famero de estudiantes de segundo y tercer ciclo. Destacamos la participaci\u00f3n por categor\u00eda de los siguientes alumnos: <\/p>\n\n\n\n<figure class=\"wp-block-image size-large\"><img decoding=\"async\" src=\"https:\/\/webpe.colegiomayor.cl\/wp-content\/uploads\/WhatsApp-Image-2024-06-04-at-02.19.34-1024x623.jpeg\" alt=\"\" class=\"wp-image-31756\"\/><\/figure>\n\n\n\n<p><strong>Damas 3 km categor\u00eda 08 a 09 a\u00f1os<\/strong>, de 687 competidores Camila P\u00e9rez (4C) qued\u00f3 en el lugar 29.&nbsp; <\/p>\n\n\n\n<p><strong>Damas 3 km categor\u00eda 10 a 11 a\u00f1os<\/strong>, de 396 competidores Aline De Almeida (5B) qued\u00f3 en el lugar 19.<\/p>\n\n\n\n<p><strong>Damas 3 km categor\u00eda 12 a 13 a\u00f1os<\/strong>, de 234 competidores Montserrat Flores del 8D qued\u00f3 en el lugar\n10.<\/p>\n\n\n\n<p><strong>Damas 5 km categor\u00eda 14 a 15 a\u00f1os<\/strong>, de 170 competidores Constanza Araya (IB) qued\u00f3 en el lugar 21.<\/p>\n\n\n\n<p><strong>Varones 3 km categor\u00eda 10 a 11 a\u00f1os<\/strong>, de 417 competidores Gabriel \u00c1guila (6A) qued\u00f3 en el lugar 12.<\/p>\n\n\n\n<p><strong>Varones 3 km categor\u00eda 12 a 13 a\u00f1os<\/strong>, de 336 competidores Samuel \u00c1guila (7D) qued\u00f3 en el lugar 29.<\/p>\n\n\n\n<p><strong>Varones 5 km categor\u00eda 14 a 15 a\u00f1os<\/strong>, de 262 competidores Lucas Olgu\u00edn (ID) qued\u00f3 en el lugar 43.<\/p>\n\n\n\n<p><strong>Varones 5 km categor\u00eda 16 a 18 a\u00f1os<\/strong>, de 300 competidores Benjam\u00edn P\u00e9rez del IVD qued\u00f3 en el lugar 25. <\/p>\n\n\n\n<figure class=\"wp-block-image size-large\"><img decoding=\"async\" src=\"https:\/\/webpe.colegiomayor.cl\/wp-content\/uploads\/WhatsApp-Image-2024-06-02-at-23.01.11-1024x551.jpeg\" alt=\"\" class=\"wp-image-31754\"\/><\/figure>\n\n\n\n<p>Felicitamos el compromiso y participaci\u00f3n de todos los estudiantes que estuvieron presentes en esta gran corrida Milo y los invitamos a continuar con entusiasmo para que d\u00eda a d\u00eda juntos vayamos construyendo esta gran rama deportiva.<\/p>\n\n\n\n<p>Queremos destacar el gran apoyo de nuestro querido profesor Claudio Ulloa, quien gracias a su destacada experiencia y trayectoria ha logrado imprimir un nuevo sello para el atletismo en el Colegio Mayor.<\/p>\n\n\n\n<figure class=\"wp-block-image size-large\"><img decoding=\"async\" src=\"https:\/\/webpe.colegiomayor.cl\/wp-content\/uploads\/WhatsApp-Image-2024-06-02-at-23.01.12-1-1024x486.jpeg\" alt=\"\" class=\"wp-image-31755\"\/><\/figure>\n","protected":false},"excerpt":{"rendered":"<p>El domingo 02 de junio, en la Plaza de la Aviaci\u00f3n, comuna de Providencia, se vivi\u00f3 el Tour Corridas Milo Santiago. Prueba pedestre organizada por Milo, cuyo fin es promover, potenciar la vida sana y el deporte escolar. Alrededor de 5.000 estudiantes de toda la&nbsp;<a href=\"https:\/\/webpe.colegiomayor.cl\/?p=31751\">&hellip;<\/a><\/p>\n","protected":false},"author":5,"featured_media":31752,"comment_status":"closed","ping_status":"closed","sticky":false,"template":"","format":"standard","meta":{"content-type":"","footnotes":""},"categories":[25],"tags":[],"class_list":["post-31751","post","type-post","status-publish","format-standard","has-post-thumbnail","hentry","category-deportes","odd"],"rttpg_featured_image_url":null,"rttpg_author":{"display_name":"Flor Parragu\u00e9z","author_link":"https:\/\/webpe.colegiomayor.cl\/?author=5"},"rttpg_comment":0,"rttpg_category":"<a href=\"https:\/\/webpe.colegiomayor.cl\/?cat=25\" rel=\"category\">DEPORTES<\/a>","rttpg_excerpt":"El domingo 02 de junio, en la Plaza de la Aviaci\u00f3n, comuna de Providencia, se vivi\u00f3 el Tour Corridas Milo Santiago. Prueba pedestre organizada por Milo, cuyo fin es promover, potenciar la vida sana y el deporte escolar. Alrededor de 5.000 estudiantes de toda la&nbsp;&hellip;","_links":{"self":[{"href":"https:\/\/webpe.colegiomayor.cl\/index.php?rest_route=\/wp\/v2\/posts\/31751","targetHints":{"allow":["GET"]}}],"collection":[{"href":"https:\/\/webpe.colegiomayor.cl\/index.php?rest_route=\/wp\/v2\/posts"}],"about":[{"href":"https:\/\/webpe.colegiomayor.cl\/index.php?rest_route=\/wp\/v2\/types\/post"}],"author":[{"embeddable":true,"href":"https:\/\/webpe.colegiomayor.cl\/index.php?rest_route=\/wp\/v2\/users\/5"}],"replies":[{"embeddable":true,"href":"https:\/\/webpe.colegiomayor.cl\/index.php?rest_route=%2Fwp%2Fv2%2Fcomments&post=31751"}],"version-history":[{"count":0,"href":"https:\/\/webpe.colegiomayor.cl\/index.php?rest_route=\/wp\/v2\/posts\/31751\/revisions"}],"wp:featuredmedia":[{"embeddable":true,"href":"https:\/\/webpe.colegiomayor.cl\/index.php?rest_route=\/"}],"wp:attachment":[{"href":"https:\/\/webpe.colegiomayor.cl\/index.php?rest_route=%2Fwp%2Fv2%2Fmedia&parent=31751"}],"wp:term":[{"taxonomy":"category","embeddable":true,"href":"https:\/\/webpe.colegiomayor.cl\/index.php?rest_route=%2Fwp%2Fv2%2Fcategories&post=31751"},{"taxonomy":"post_tag","embeddable":true,"href":"https:\/\/webpe.colegiomayor.cl\/index.php?rest_route=%2Fwp%2Fv2%2Ftags&post=31751"}],"curies":[{"name":"wp","href":"https:\/\/api.w.org\/{rel}","templated":true}]}}