{"id":31739,"date":"2024-06-06T21:28:29","date_gmt":"2024-06-06T21:28:29","guid":{"rendered":"https:\/\/webpe.colegiomayor.cl\/?p=31739"},"modified":"2024-06-06T21:28:29","modified_gmt":"2024-06-06T21:28:29","slug":"festival-internacional-de-natacion-uc-menores-e-infantil","status":"publish","type":"post","link":"https:\/\/webpe.colegiomayor.cl\/?p=31739","title":{"rendered":"Festival Internacional de nataci\u00f3n UC menores e infantil"},"content":{"rendered":"\n<p class=\"has-background has-text-align-center has-very-light-gray-background-color\"><strong><em>El pasado fin de semana 01 y 02 de junio, se realiz\u00f3 en la piscina de Universidad Cat\u00f3lica en su sede San Carlos de Apoquindo,  el evento deportivo festival internacional , en piscina de 50 mts repartida en tres jornadas de competencia<\/em><\/strong>.<\/p>\n\n\n\n<figure class=\"wp-block-image size-large\"><img decoding=\"async\" src=\"https:\/\/webpe.colegiomayor.cl\/wp-content\/uploads\/WhatsApp-Image-2024-06-05-at-12.09.09-1024x682.jpeg\" alt=\"\" class=\"wp-image-31740\"\/><\/figure>\n\n\n\n<p><br>El evento tuvo la particularidad de reunir a 19 equipos provenientes de las diferentes regiones del pa\u00eds, adem\u00e1s de la participaci\u00f3n de las selecci\u00f3n Mendocina de nataci\u00f3n provenientes de Argentina.<\/p>\n\n\n\n<p>El Colegio Mayor particip\u00f3 con una delegaci\u00f3n de doce deportistas. <\/p>\n\n\n\n<figure class=\"wp-block-image size-large\"><img decoding=\"async\" src=\"https:\/\/webpe.colegiomayor.cl\/wp-content\/uploads\/WhatsApp-Image-2024-06-05-at-12.09.47-1024x682.jpeg\" alt=\"\" class=\"wp-image-31742\"\/><\/figure>\n\n\n\n<p>Queremos felicitar a quienes con tenacidad, esfuerzo, sacrificio y entusiasmo defendieron los colores de nuestro colegio <br> <br> <strong>1.-Agustina Ansaldo<br> 2.- Agust\u00edn Cabezas <br> 3.- Alonso Encina <br> 4.- Raffaela Falcone <br> 5.- Bianca Hern\u00e1ndez<br> 6.- Facundo Jaque<br> 7.- Martin Morch\u00f3n<br> 8.- Juan Carlos Ram\u00edrez<br> 9.- \u00a0Diego Rivas<br> 10.- Catalina Salas <br> 11.- Alicia Vald\u00e9s <br> 12.- Santiago Veliz <br>  <\/strong><br>Destacamos a quienes lograron posicionarse dentro de los primeros tres lugares en sus respectivas pruebas<br> <strong>1.- Alicia Vald\u00e9s <br> 2.- Diego Rivas <br> 3.- Bianca Hern\u00e1ndez <br> 4.- Catalina Salas <br> 5.- Agustina Ansaldo <br> 6.- Raffaela Falcone <\/strong><\/p>\n\n\n\n<figure class=\"wp-block-image size-large\"><img decoding=\"async\" src=\"https:\/\/webpe.colegiomayor.cl\/wp-content\/uploads\/WhatsApp-Image-2024-06-05-at-12.09.19-1024x682.jpeg\" alt=\"\" class=\"wp-image-31741\"\/><\/figure>\n\n\n\n<p><strong><br> <\/strong>Este torneo fue valido para la obtenci\u00f3n de marcas minias para participar en el pr\u00f3ximo nacional de invierno de categor\u00edas infantiles.<\/p>\n","protected":false},"excerpt":{"rendered":"<p>El pasado fin de semana 01 y 02 de junio, se realiz\u00f3 en la piscina de Universidad Cat\u00f3lica en su sede San Carlos de Apoquindo, el evento deportivo festival internacional , en piscina de 50 mts repartida en tres jornadas de competencia. El evento tuvo&nbsp;<a href=\"https:\/\/webpe.colegiomayor.cl\/?p=31739\">&hellip;<\/a><\/p>\n","protected":false},"author":5,"featured_media":31740,"comment_status":"closed","ping_status":"closed","sticky":false,"template":"","format":"standard","meta":{"content-type":"","footnotes":""},"categories":[25],"tags":[],"class_list":["post-31739","post","type-post","status-publish","format-standard","has-post-thumbnail","hentry","category-deportes","odd"],"rttpg_featured_image_url":null,"rttpg_author":{"display_name":"Flor Parragu\u00e9z","author_link":"https:\/\/webpe.colegiomayor.cl\/?author=5"},"rttpg_comment":0,"rttpg_category":"<a href=\"https:\/\/webpe.colegiomayor.cl\/?cat=25\" rel=\"category\">DEPORTES<\/a>","rttpg_excerpt":"El pasado fin de semana 01 y 02 de junio, se realiz\u00f3 en la piscina de Universidad Cat\u00f3lica en su sede San Carlos de Apoquindo, el evento deportivo festival internacional , en piscina de 50 mts repartida en tres jornadas de competencia. El evento tuvo&nbsp;&hellip;","_links":{"self":[{"href":"https:\/\/webpe.colegiomayor.cl\/index.php?rest_route=\/wp\/v2\/posts\/31739","targetHints":{"allow":["GET"]}}],"collection":[{"href":"https:\/\/webpe.colegiomayor.cl\/index.php?rest_route=\/wp\/v2\/posts"}],"about":[{"href":"https:\/\/webpe.colegiomayor.cl\/index.php?rest_route=\/wp\/v2\/types\/post"}],"author":[{"embeddable":true,"href":"https:\/\/webpe.colegiomayor.cl\/index.php?rest_route=\/wp\/v2\/users\/5"}],"replies":[{"embeddable":true,"href":"https:\/\/webpe.colegiomayor.cl\/index.php?rest_route=%2Fwp%2Fv2%2Fcomments&post=31739"}],"version-history":[{"count":0,"href":"https:\/\/webpe.colegiomayor.cl\/index.php?rest_route=\/wp\/v2\/posts\/31739\/revisions"}],"wp:featuredmedia":[{"embeddable":true,"href":"https:\/\/webpe.colegiomayor.cl\/index.php?rest_route=\/"}],"wp:attachment":[{"href":"https:\/\/webpe.colegiomayor.cl\/index.php?rest_route=%2Fwp%2Fv2%2Fmedia&parent=31739"}],"wp:term":[{"taxonomy":"category","embeddable":true,"href":"https:\/\/webpe.colegiomayor.cl\/index.php?rest_route=%2Fwp%2Fv2%2Fcategories&post=31739"},{"taxonomy":"post_tag","embeddable":true,"href":"https:\/\/webpe.colegiomayor.cl\/index.php?rest_route=%2Fwp%2Fv2%2Ftags&post=31739"}],"curies":[{"name":"wp","href":"https:\/\/api.w.org\/{rel}","templated":true}]}}