{"id":31731,"date":"2024-05-30T19:43:53","date_gmt":"2024-05-30T19:43:53","guid":{"rendered":"https:\/\/webpe.colegiomayor.cl\/?p=31731"},"modified":"2024-05-30T19:43:53","modified_gmt":"2024-05-30T19:43:53","slug":"actividades-deportivas-sabado-01-de-junio","status":"publish","type":"post","link":"https:\/\/webpe.colegiomayor.cl\/?p=31731","title":{"rendered":"Actividades Deportivas, s\u00e1bado 01 de junio."},"content":{"rendered":"\n<figure class=\"wp-block-image size-large\"><img decoding=\"async\" src=\"https:\/\/webpe.colegiomayor.cl\/wp-content\/uploads\/dest_deportes_04-1024x589.jpg\" alt=\"\" class=\"wp-image-25803\"\/><\/figure>\n\n\n\n<p class=\"has-background has-very-light-gray-background-color\"><strong>Atletismo Selecci\u00f3n:<\/strong><\/p>\n\n\n\n<p><strong>ENTRENAMIENTO NORMAL<\/strong><\/p>\n\n\n\n<p><strong>Lugar:<\/strong> Pista\natl\u00e9tica Estadio Mayor.<\/p>\n\n\n\n<p><strong>Horario:<\/strong> 09:00 a\n10:20 horas.<\/p>\n\n\n\n<p><strong>Categor\u00edas:<\/strong> Penecas \/ Preparatoria.<\/p>\n\n\n\n<p><strong>Horario:<\/strong> 10:30 a\n12:00 horas.<\/p>\n\n\n\n<p><strong>Categor\u00edas:<\/strong>\nInfantil \/ Intermedia \/ Superior<\/p>\n\n\n\n<p><strong>Profesores a Cargo:<\/strong>\n\u00darsula Rebolledo \u2013 Carlos Soto \u2013 Javiera Gonz\u00e1lez<\/p>\n\n\n\n<p class=\"has-background has-very-light-gray-background-color\"><strong>B\u00e1squetbol<\/strong>:<\/p>\n\n\n\n<p><strong>TORNEO UC CMPE V\/S\nCOLEGIO INSTITUTO LA SALLE<\/strong><\/p>\n\n\n\n<p><strong>Lugar:<\/strong>&nbsp; Colegio San Agust\u00edn, Av. Dubl\u00e9 Almeida 4950,\n\u00d1u\u00f1oa.<\/p>\n\n\n\n<p><strong>Horario: <\/strong>desde\nlas 10:45 horas <\/p>\n\n\n\n<p><strong>Categor\u00edas:<\/strong> Superior\n<\/p>\n\n\n\n<p><strong>Profesora a cargo:<\/strong>\nNicol\u00e1s Ortiz<\/p>\n\n\n\n<p><strong>ENTRENAMIENTO NORMAL<\/strong><\/p>\n\n\n\n<p><strong>Lugar:<\/strong>&nbsp; Carpeta Estadio mayor<\/p>\n\n\n\n<p><strong>Horario: <\/strong>desde\nlas 09:00 horas <\/p>\n\n\n\n<p><strong>Categor\u00edas:<\/strong> Mini <\/p>\n\n\n\n<p><strong>Profesora a cargo:<\/strong>\nCarlos Cerecera<\/p>\n\n\n\n<p class=\"has-background has-very-light-gray-background-color\"><strong>Cheerleaders<\/strong>:<\/p>\n\n\n\n<p><strong>ENTRENAMIENTO NORMAL<\/strong><\/p>\n\n\n\n<p><strong>Lugar:<\/strong> Foro<\/p>\n\n\n\n<p><strong>Horario: <\/strong>desde las 09:00 horas.<\/p>\n\n\n\n<p><strong>Categor\u00edas:<\/strong> Junior &#8211; Senior.<\/p>\n\n\n\n<p><strong>Profesora a cargo:<\/strong> Daniela Acu\u00f1a \u2013 Ricardo Vergara.<\/p>\n\n\n\n<p class=\"has-background has-very-light-gray-background-color\"><strong>F\u00fatbol Selecci\u00f3n:<\/strong><\/p>\n\n\n\n<p><strong>TORNEO UC CMPE V\/S\nMAYFLOWER <\/strong><\/p>\n\n\n\n<p><strong>Lugar:<\/strong> Cancha Estadio Mayor.<\/p>\n\n\n\n<p><strong>Horario<\/strong>: Desde 09:00 horas.<\/p>\n\n\n\n<p><strong>Categor\u00edas:<\/strong> Intermedia \u2013 Superior.<\/p>\n\n\n\n<p><strong>Profesores a Cargo:<\/strong> Ra\u00fal briones &#8211; Edgar Vargas.<\/p>\n\n\n\n<p><strong>Gimnasia Art\u00edstica\nSelecci\u00f3n:<\/strong><\/p>\n\n\n\n<p><strong>LEGA NIVEL 1<\/strong><\/p>\n\n\n\n<p><strong>Lugar:<\/strong> Colegio Instituci\u00f3n\nTeresiana, Isabel la Cat\u00f3lica 7454, Las Condes <\/p>\n\n\n\n<p><strong>Horario: <\/strong>Desde\nlas 07:50 horas<\/p>\n\n\n\n<p><strong>Profesores a Cargo:<\/strong>\nLoreto Erazo \u2013 Millaray Albornoz<\/p>\n\n\n\n<p><strong>ENTRENAMIENTO NORMAL\nNIVELES 0 &#8211; 1 \u2013 2- 3 \u2013 4 \u2013 5 &#8211; 6<\/strong><\/p>\n\n\n\n<p><strong>Lugar:<\/strong> Carpeta Estadio Mayor.<\/p>\n\n\n\n<p><strong>Horario: <\/strong>09:00 a 12:00 horas.<\/p>\n\n\n\n<p><strong>Profesores a Cargo:<\/strong> Yabhet Olbitas .<\/p>\n\n\n\n<p class=\"has-background has-very-light-gray-background-color\"><strong>Nataci\u00f3n Selecci\u00f3n:<\/strong><\/p>\n\n\n\n<p><strong>ENTRENAMIENTO NORMAL<\/strong><\/p>\n\n\n\n<p><strong>Lugar:<\/strong> Piscina Estadio Mayor.<\/p>\n\n\n\n<p><strong>Horario Primer\nBloque:<\/strong> 09:00 a 10:20 horas<\/p>\n\n\n\n<p><strong>Categor\u00edas:<\/strong> (3 B\u00e1sico a III\u00ba Medio).<\/p>\n\n\n\n<p>Profesores a cargo: Sim\u00f3n Fern\u00e1ndez \u2013 Marly Delgado.<\/p>\n\n\n\n<p><strong>Horario Segundo\nBloque:<\/strong> 10:30 a 12:00 horas<\/p>\n\n\n\n<p><strong>Categor\u00edas:<\/strong> (2\u00ba a\n4\u00ba B\u00e1sico).<\/p>\n\n\n\n<p><strong>Profesores a Cargo:<\/strong>\nMat\u00edas Jaque <\/p>\n\n\n\n<p class=\"has-background has-very-light-gray-background-color\"><strong>Tenis Selecci\u00f3n:<\/strong><\/p>\n\n\n\n<p><strong>ENTRENAMIENTO NORMAL <\/strong><\/p>\n\n\n\n<p><strong>Lugar:<\/strong> Colegio\nMayor<\/p>\n\n\n\n<p><strong>Categor\u00eda<\/strong>: Todas<\/p>\n\n\n\n<p><strong>Horario:<\/strong> Desde las 09:00 horas.<\/p>\n\n\n\n<p><strong>Profesores a cargo: <\/strong>Claudio Catal\u00e1n \u2013 Sebasti\u00e1n Mondaca.<\/p>\n\n\n\n<p><strong>Voleibol Femenino<\/strong><\/p>\n\n\n\n<p><strong>TORNEO UC CMPE V\/S INSTITUTO\nHEBREO<\/strong><\/p>\n\n\n\n<p><strong>Lugar:<\/strong> Colegio\nInstituto Hebreo<\/p>\n\n\n\n<p><strong>Horario:<\/strong> citaci\u00f3n\ndesde las 08:15 horas<\/p>\n\n\n\n<p><strong>Profesores a cargo: <\/strong>Joaqu\u00edn M\u00e9ndez \u2013 Maximiliano Ram\u00edrez.<\/p>\n\n\n\n<p><strong>ENTRENAMIENTO NORMAL <\/strong><\/p>\n\n\n\n<p><strong>Lugar:<\/strong> Colegio Mayor.<\/p>\n\n\n\n<p><strong>Categor\u00eda<\/strong>: Mini &#8211; infantil.<\/p>\n\n\n\n<p><strong>Horario:<\/strong> Desde las 09:00 horas.<\/p>\n\n\n\n<p><strong>Profesores a cargo:<\/strong> Joaqu\u00edn M\u00e9ndez \u2013 Maximiliano Ram\u00edrez.<\/p>\n\n\n\n<p class=\"has-background has-very-light-gray-background-color\"><strong>Voleibol Masculino<\/strong>:<\/p>\n\n\n\n<p><strong>TORNEO UC CMPE V\/S SAN\nANSELMO<\/strong><\/p>\n\n\n\n<p><strong>Lugar:<\/strong> Colegio SSCC\nAlameda, Av. Libertador Bernardo O\u2019Higgins 2062 <\/p>\n\n\n\n<p><strong>Horario:<\/strong> Desde 09:00 horas.<\/p>\n\n\n\n<p>Profesores a cargo: Pablo Beltr\u00e1n.<\/p>\n\n\n\n<p><strong>ENTRENAMIENTOS NORMAL<\/strong><\/p>\n\n\n\n<p><strong>Lugar:<\/strong> Colegio Mayor.<\/p>\n\n\n\n<p><strong>Categor\u00eda<\/strong>: mini \u2013 sub14.<\/p>\n\n\n\n<p><strong>Horario:<\/strong> Desde las 09:00 horas.<\/p>\n\n\n\n<p><strong>Profesores a cargo: <\/strong>Joaqu\u00edn M\u00e9ndez \u2013 Maximiliano Ram\u00edrez.<\/p>\n","protected":false},"excerpt":{"rendered":"<p>Atletismo Selecci\u00f3n: ENTRENAMIENTO NORMAL Lugar: Pista atl\u00e9tica Estadio Mayor. Horario: 09:00 a 10:20 horas. Categor\u00edas: Penecas \/ Preparatoria. Horario: 10:30 a 12:00 horas. Categor\u00edas: Infantil \/ Intermedia \/ Superior Profesores a Cargo: \u00darsula Rebolledo \u2013 Carlos Soto \u2013 Javiera Gonz\u00e1lez B\u00e1squetbol: TORNEO UC CMPE V\/S&nbsp;<a href=\"https:\/\/webpe.colegiomayor.cl\/?p=31731\">&hellip;<\/a><\/p>\n","protected":false},"author":5,"featured_media":25803,"comment_status":"closed","ping_status":"closed","sticky":false,"template":"","format":"standard","meta":{"content-type":"","footnotes":""},"categories":[25],"tags":[],"class_list":["post-31731","post","type-post","status-publish","format-standard","has-post-thumbnail","hentry","category-deportes","odd"],"rttpg_featured_image_url":null,"rttpg_author":{"display_name":"Flor Parragu\u00e9z","author_link":"https:\/\/webpe.colegiomayor.cl\/?author=5"},"rttpg_comment":0,"rttpg_category":"<a href=\"https:\/\/webpe.colegiomayor.cl\/?cat=25\" rel=\"category\">DEPORTES<\/a>","rttpg_excerpt":"Atletismo Selecci\u00f3n: ENTRENAMIENTO NORMAL Lugar: Pista atl\u00e9tica Estadio Mayor. Horario: 09:00 a 10:20 horas. Categor\u00edas: Penecas \/ Preparatoria. Horario: 10:30 a 12:00 horas. Categor\u00edas: Infantil \/ Intermedia \/ Superior Profesores a Cargo: \u00darsula Rebolledo \u2013 Carlos Soto \u2013 Javiera Gonz\u00e1lez B\u00e1squetbol: TORNEO UC CMPE V\/S&nbsp;&hellip;","_links":{"self":[{"href":"https:\/\/webpe.colegiomayor.cl\/index.php?rest_route=\/wp\/v2\/posts\/31731","targetHints":{"allow":["GET"]}}],"collection":[{"href":"https:\/\/webpe.colegiomayor.cl\/index.php?rest_route=\/wp\/v2\/posts"}],"about":[{"href":"https:\/\/webpe.colegiomayor.cl\/index.php?rest_route=\/wp\/v2\/types\/post"}],"author":[{"embeddable":true,"href":"https:\/\/webpe.colegiomayor.cl\/index.php?rest_route=\/wp\/v2\/users\/5"}],"replies":[{"embeddable":true,"href":"https:\/\/webpe.colegiomayor.cl\/index.php?rest_route=%2Fwp%2Fv2%2Fcomments&post=31731"}],"version-history":[{"count":0,"href":"https:\/\/webpe.colegiomayor.cl\/index.php?rest_route=\/wp\/v2\/posts\/31731\/revisions"}],"wp:featuredmedia":[{"embeddable":true,"href":"https:\/\/webpe.colegiomayor.cl\/index.php?rest_route=\/"}],"wp:attachment":[{"href":"https:\/\/webpe.colegiomayor.cl\/index.php?rest_route=%2Fwp%2Fv2%2Fmedia&parent=31731"}],"wp:term":[{"taxonomy":"category","embeddable":true,"href":"https:\/\/webpe.colegiomayor.cl\/index.php?rest_route=%2Fwp%2Fv2%2Fcategories&post=31731"},{"taxonomy":"post_tag","embeddable":true,"href":"https:\/\/webpe.colegiomayor.cl\/index.php?rest_route=%2Fwp%2Fv2%2Ftags&post=31731"}],"curies":[{"name":"wp","href":"https:\/\/api.w.org\/{rel}","templated":true}]}}