{"id":31723,"date":"2024-05-29T18:27:46","date_gmt":"2024-05-29T18:27:46","guid":{"rendered":"https:\/\/webpe.colegiomayor.cl\/?p=31723"},"modified":"2024-05-29T18:27:46","modified_gmt":"2024-05-29T18:27:46","slug":"gimnasia-artistica-campeonato-nivel-iniciacion","status":"publish","type":"post","link":"https:\/\/webpe.colegiomayor.cl\/?p=31723","title":{"rendered":"Gimnasia Art\u00edstica: Campeonato nivel Iniciaci\u00f3n"},"content":{"rendered":"\n<p class=\"has-background has-text-align-center has-very-light-gray-background-color\"><strong>El pasado s\u00e1bado 25 de mayo, las estudiantes del grupo inicial de la Selecci\u00f3n de Gimnasia Art\u00edstica de nuestro colegio, participaron en la segunda competencia del a\u00f1o realizada en el Colegio Hispanoamericano.<\/strong><\/p>\n\n\n\n<figure class=\"wp-block-gallery columns-2 is-cropped wp-block-gallery-1 is-layout-flex wp-block-gallery-is-layout-flex\"><ul class=\"blocks-gallery-grid\"><li class=\"blocks-gallery-item\"><figure><img decoding=\"async\" src=\"https:\/\/webpe.colegiomayor.cl\/wp-content\/uploads\/1-5-768x1024.jpg\" alt=\"\" data-id=\"31724\" data-full-url=\"https:\/\/webpe.colegiomayor.cl\/wp-content\/uploads\/1-5.jpg\" data-link=\"https:\/\/webpe.colegiomayor.cl\/?attachment_id=31724\" class=\"wp-image-31724\"\/><\/figure><\/li><li class=\"blocks-gallery-item\"><figure><img decoding=\"async\" src=\"https:\/\/webpe.colegiomayor.cl\/wp-content\/uploads\/2-6-768x1024.jpg\" alt=\"\" data-id=\"31725\" data-full-url=\"https:\/\/webpe.colegiomayor.cl\/wp-content\/uploads\/2-6.jpg\" data-link=\"https:\/\/webpe.colegiomayor.cl\/?attachment_id=31725\" class=\"wp-image-31725\"\/><\/figure><\/li><\/ul><\/figure>\n\n\n\n<p>En esta ocasi\u00f3n fueron m\u00e1s de 100 gimnastas de\ndistintos colegios las que participaron en esta competencia, de gran importancia\npara las estudiantes, ya que muchas de ellas lograron pasar de nivel. <\/p>\n\n\n\n<p>Nuestro colegio particip\u00f3 con diez gimnastas, seis de ellas pertenecen a la selecci\u00f3n desde el a\u00f1o pasado, teniendo experiencia en competencias, y cuatro de nuestras ni\u00f1as compitieron por primera vez, ya que son parte de la Selecci\u00f3n de Gimnasia desde a\u00f1o.<\/p>\n\n\n\n<figure class=\"wp-block-image size-large\"><img decoding=\"async\" src=\"https:\/\/webpe.colegiomayor.cl\/wp-content\/uploads\/3-6-768x1024.jpg\" alt=\"\" class=\"wp-image-31727\"\/><\/figure>\n\n\n\n<p>Queremos destacar el compromiso y la disciplina\ncon la que estas peque\u00f1as trabajan por lograr sus metas y sue\u00f1os. Seis\ngimnastas lograron sacar medalla entre todas las gimnastas participantes y\nobtuvimos cuatro podios con muy buenos puntajes.<\/p>\n\n\n\n<p>El equipo del Colegio Mayor obtuvo el primer\nlugar de la competencia, m\u00e1s seis medallas individuales y seis pasos de nivel.<\/p>\n\n\n\n<p>La gimnasta, Amparo Rodr\u00edguez 3\u00b0C, nos cont\u00f3\nrespecto a su participaci\u00f3n: \u201c<strong><em>Estoy muy emocionada, por que pase de nivel\ny saque 2do lugar, al principio estaba muy nerviosa, pero respire y me\nconcentre en que yo pod\u00eda, y no lo pod\u00eda creer saque medalla y pase de nivel\nestoy muy feliz\u201d<\/em><\/strong>.<\/p>\n\n\n\n<p><strong><em>\u201cLas ni\u00f1as han trabajado muy comprometidas y\nentendiendo que al ser rigurosas comprometidas y pacientes los resultados van a\nir llegando. Muy orgullosa de este tremendo equipo de gimnastas, siendo todas\nmuy peque\u00f1itas 2do, 3ro y 4to B\u00e1sico, compitieron como profesionales\u201d<\/em><\/strong>, se\u00f1al\u00f3 la profesora entrenadora de\nla Selecci\u00f3n Gimnasia Art\u00edstica CMPE, Loreto Erazo.<\/p>\n\n\n\n<p class=\"has-background has-cyan-bluish-gray-background-color\"><strong>Gimnastas medallistas.<\/strong><\/p>\n\n\n\n<p class=\"has-background has-very-light-gray-background-color\"><strong>Amalia D\u00e1valos:<\/strong> 5to lugar en su franja<\/p>\n\n\n\n<p class=\"has-background has-very-light-gray-background-color\"><strong>Agustina Cisterna: <\/strong>campeona all around en su franja.<\/p>\n\n\n\n<p class=\"has-background has-very-light-gray-background-color\"><strong>Ignacia Peralta:<\/strong> 4to lugar en su franja.<\/p>\n\n\n\n<p class=\"has-background has-very-light-gray-background-color\"><strong>Amparo Rodr\u00edguez:<\/strong> 2do lugar en su franja.<\/p>\n\n\n\n<p class=\"has-background has-very-light-gray-background-color\"><strong>Amanda Castro: <\/strong>2do lugar en su franja.<\/p>\n\n\n\n<p class=\"has-background has-very-light-gray-background-color\"><strong>Valeria Lozano:<\/strong> 3er lugar en su franja.<\/p>\n\n\n\n<p>Felicitamos a todo el equipo, y las invitamos a seguir trabajando, aprendiendo y avanzando en esta hermosa disciplina.<\/p>\n","protected":false},"excerpt":{"rendered":"<p>El pasado s\u00e1bado 25 de mayo, las estudiantes del grupo inicial de la Selecci\u00f3n de Gimnasia Art\u00edstica de nuestro colegio, participaron en la segunda competencia del a\u00f1o realizada en el Colegio Hispanoamericano. En esta ocasi\u00f3n fueron m\u00e1s de 100 gimnastas de distintos colegios las que&nbsp;<a href=\"https:\/\/webpe.colegiomayor.cl\/?p=31723\">&hellip;<\/a><\/p>\n","protected":false},"author":5,"featured_media":31727,"comment_status":"closed","ping_status":"closed","sticky":false,"template":"","format":"standard","meta":{"content-type":"","footnotes":""},"categories":[25],"tags":[],"class_list":["post-31723","post","type-post","status-publish","format-standard","has-post-thumbnail","hentry","category-deportes","odd"],"rttpg_featured_image_url":null,"rttpg_author":{"display_name":"Flor Parragu\u00e9z","author_link":"https:\/\/webpe.colegiomayor.cl\/?author=5"},"rttpg_comment":0,"rttpg_category":"<a href=\"https:\/\/webpe.colegiomayor.cl\/?cat=25\" rel=\"category\">DEPORTES<\/a>","rttpg_excerpt":"El pasado s\u00e1bado 25 de mayo, las estudiantes del grupo inicial de la Selecci\u00f3n de Gimnasia Art\u00edstica de nuestro colegio, participaron en la segunda competencia del a\u00f1o realizada en el Colegio Hispanoamericano. En esta ocasi\u00f3n fueron m\u00e1s de 100 gimnastas de distintos colegios las que&nbsp;&hellip;","_links":{"self":[{"href":"https:\/\/webpe.colegiomayor.cl\/index.php?rest_route=\/wp\/v2\/posts\/31723","targetHints":{"allow":["GET"]}}],"collection":[{"href":"https:\/\/webpe.colegiomayor.cl\/index.php?rest_route=\/wp\/v2\/posts"}],"about":[{"href":"https:\/\/webpe.colegiomayor.cl\/index.php?rest_route=\/wp\/v2\/types\/post"}],"author":[{"embeddable":true,"href":"https:\/\/webpe.colegiomayor.cl\/index.php?rest_route=\/wp\/v2\/users\/5"}],"replies":[{"embeddable":true,"href":"https:\/\/webpe.colegiomayor.cl\/index.php?rest_route=%2Fwp%2Fv2%2Fcomments&post=31723"}],"version-history":[{"count":0,"href":"https:\/\/webpe.colegiomayor.cl\/index.php?rest_route=\/wp\/v2\/posts\/31723\/revisions"}],"wp:featuredmedia":[{"embeddable":true,"href":"https:\/\/webpe.colegiomayor.cl\/index.php?rest_route=\/"}],"wp:attachment":[{"href":"https:\/\/webpe.colegiomayor.cl\/index.php?rest_route=%2Fwp%2Fv2%2Fmedia&parent=31723"}],"wp:term":[{"taxonomy":"category","embeddable":true,"href":"https:\/\/webpe.colegiomayor.cl\/index.php?rest_route=%2Fwp%2Fv2%2Fcategories&post=31723"},{"taxonomy":"post_tag","embeddable":true,"href":"https:\/\/webpe.colegiomayor.cl\/index.php?rest_route=%2Fwp%2Fv2%2Ftags&post=31723"}],"curies":[{"name":"wp","href":"https:\/\/api.w.org\/{rel}","templated":true}]}}