{"id":31705,"date":"2024-05-29T15:30:31","date_gmt":"2024-05-29T15:30:31","guid":{"rendered":"https:\/\/webpe.colegiomayor.cl\/?p=31705"},"modified":"2024-05-29T15:30:31","modified_gmt":"2024-05-29T15:30:31","slug":"seleccion-de-atletismo-en-el-gran-prix-de-atletismo-escolar-uc","status":"publish","type":"post","link":"https:\/\/webpe.colegiomayor.cl\/?p=31705","title":{"rendered":"Selecci\u00f3n de Atletismo en el Gran Prix de Atletismo Escolar UC"},"content":{"rendered":"\n<p class=\"has-background has-text-align-center has-very-light-gray-background-color\"><strong><em>El s\u00e1bado 25 de mayo, 12 estudiantes de la selecci\u00f3n de atletismo de la categor\u00eda intermedia y superior representaron al Colegio Mayor de Pe\u00f1alol\u00e9n en El Grand Prix PC Factory del Atletismo Escolar UC, evento organizado por el Club deportivo Universidad Cat\u00f3lica en la Pista atl\u00e9tica San Carlos de Apoquindo.<\/em><\/strong><\/p>\n\n\n\n<figure class=\"wp-block-image size-large\"><img decoding=\"async\" src=\"https:\/\/webpe.colegiomayor.cl\/wp-content\/uploads\/Atletismo-4-1024x533.jpeg\" alt=\"\" class=\"wp-image-31706\"\/><\/figure>\n\n\n\n<p>Este torneo deportivo re\u00fane a j\u00f3venes talentos del atletismo escolar en una competencia llena de energ\u00eda y pasi\u00f3n por el deporte. Asimismo, ofrece una plataforma \u00fanica para que estudiantes-atletas demuestren su destreza, habilidad y determinaci\u00f3n en una variedad de disciplinas atl\u00e9ticas.<\/p>\n\n\n\n<figure class=\"wp-block-gallery columns-2 is-cropped wp-block-gallery-1 is-layout-flex wp-block-gallery-is-layout-flex\"><ul class=\"blocks-gallery-grid\"><li class=\"blocks-gallery-item\"><figure><img decoding=\"async\" src=\"https:\/\/webpe.colegiomayor.cl\/wp-content\/uploads\/Atletismo-1-1024x915.jpeg\" alt=\"\" data-id=\"31707\" data-full-url=\"https:\/\/webpe.colegiomayor.cl\/wp-content\/uploads\/Atletismo-1.jpeg\" data-link=\"https:\/\/webpe.colegiomayor.cl\/?attachment_id=31707\" class=\"wp-image-31707\"\/><\/figure><\/li><li class=\"blocks-gallery-item\"><figure><img decoding=\"async\" src=\"https:\/\/webpe.colegiomayor.cl\/wp-content\/uploads\/Atletismo-2-1024x788.jpeg\" alt=\"\" data-id=\"31708\" data-full-url=\"https:\/\/webpe.colegiomayor.cl\/wp-content\/uploads\/Atletismo-2.jpeg\" data-link=\"https:\/\/webpe.colegiomayor.cl\/?attachment_id=31708\" class=\"wp-image-31708\"\/><\/figure><\/li><\/ul><\/figure>\n\n\n\n<p>Nuestros estudiantes dieron su mayor esfuerzo y entrega en este encuentro deportivo, donde algunos de ellos consiguieron batir los r\u00e9cords que manten\u00eda el colegio, entre ellos, Alejandro Valdebenito del I\u00ba D en salto alto, Arturo Castro del III\u00ba C en el lanzamiento del disco, Emilia Belmar del II\u00ba D en 100 y 300 metros planos y Sof\u00eda Avil\u00e9s de III\u00ba C en el lanzamiento del disco; est\u00e1s dos \u00faltimas atletas, lograron estar en la final de sus respectivas pruebas, donde con gran emoci\u00f3n y determinaci\u00f3n la estudiante&nbsp; Sof\u00eda Avil\u00e9s obtiene medalla de bronce en el lanzamiento del disco.<\/p>\n\n\n\n<figure class=\"wp-block-gallery columns-2 is-cropped wp-block-gallery-2 is-layout-flex wp-block-gallery-is-layout-flex\"><ul class=\"blocks-gallery-grid\"><li class=\"blocks-gallery-item\"><figure><img decoding=\"async\" src=\"https:\/\/webpe.colegiomayor.cl\/wp-content\/uploads\/Atletismo-3-831x1024.jpeg\" alt=\"\" data-id=\"31710\" data-full-url=\"https:\/\/webpe.colegiomayor.cl\/wp-content\/uploads\/Atletismo-3.jpeg\" data-link=\"https:\/\/webpe.colegiomayor.cl\/?attachment_id=31710\" class=\"wp-image-31710\"\/><\/figure><\/li><li class=\"blocks-gallery-item\"><figure><img decoding=\"async\" src=\"https:\/\/webpe.colegiomayor.cl\/wp-content\/uploads\/Atletismo-5-1024x464.jpeg\" alt=\"\" data-id=\"31711\" data-full-url=\"https:\/\/webpe.colegiomayor.cl\/wp-content\/uploads\/Atletismo-5.jpeg\" data-link=\"https:\/\/webpe.colegiomayor.cl\/?attachment_id=31711\" class=\"wp-image-31711\"\/><\/figure><\/li><\/ul><\/figure>\n","protected":false},"excerpt":{"rendered":"<p>El s\u00e1bado 25 de mayo, 12 estudiantes de la selecci\u00f3n de atletismo de la categor\u00eda intermedia y superior representaron al Colegio Mayor de Pe\u00f1alol\u00e9n en El Grand Prix PC Factory del Atletismo Escolar UC, evento organizado por el Club deportivo Universidad Cat\u00f3lica en la Pista&nbsp;<a href=\"https:\/\/webpe.colegiomayor.cl\/?p=31705\">&hellip;<\/a><\/p>\n","protected":false},"author":5,"featured_media":31706,"comment_status":"closed","ping_status":"closed","sticky":false,"template":"","format":"standard","meta":{"content-type":"","footnotes":""},"categories":[25],"tags":[],"class_list":["post-31705","post","type-post","status-publish","format-standard","has-post-thumbnail","hentry","category-deportes","odd"],"rttpg_featured_image_url":null,"rttpg_author":{"display_name":"Flor Parragu\u00e9z","author_link":"https:\/\/webpe.colegiomayor.cl\/?author=5"},"rttpg_comment":0,"rttpg_category":"<a href=\"https:\/\/webpe.colegiomayor.cl\/?cat=25\" rel=\"category\">DEPORTES<\/a>","rttpg_excerpt":"El s\u00e1bado 25 de mayo, 12 estudiantes de la selecci\u00f3n de atletismo de la categor\u00eda intermedia y superior representaron al Colegio Mayor de Pe\u00f1alol\u00e9n en El Grand Prix PC Factory del Atletismo Escolar UC, evento organizado por el Club deportivo Universidad Cat\u00f3lica en la Pista&nbsp;&hellip;","_links":{"self":[{"href":"https:\/\/webpe.colegiomayor.cl\/index.php?rest_route=\/wp\/v2\/posts\/31705","targetHints":{"allow":["GET"]}}],"collection":[{"href":"https:\/\/webpe.colegiomayor.cl\/index.php?rest_route=\/wp\/v2\/posts"}],"about":[{"href":"https:\/\/webpe.colegiomayor.cl\/index.php?rest_route=\/wp\/v2\/types\/post"}],"author":[{"embeddable":true,"href":"https:\/\/webpe.colegiomayor.cl\/index.php?rest_route=\/wp\/v2\/users\/5"}],"replies":[{"embeddable":true,"href":"https:\/\/webpe.colegiomayor.cl\/index.php?rest_route=%2Fwp%2Fv2%2Fcomments&post=31705"}],"version-history":[{"count":0,"href":"https:\/\/webpe.colegiomayor.cl\/index.php?rest_route=\/wp\/v2\/posts\/31705\/revisions"}],"wp:featuredmedia":[{"embeddable":true,"href":"https:\/\/webpe.colegiomayor.cl\/index.php?rest_route=\/"}],"wp:attachment":[{"href":"https:\/\/webpe.colegiomayor.cl\/index.php?rest_route=%2Fwp%2Fv2%2Fmedia&parent=31705"}],"wp:term":[{"taxonomy":"category","embeddable":true,"href":"https:\/\/webpe.colegiomayor.cl\/index.php?rest_route=%2Fwp%2Fv2%2Fcategories&post=31705"},{"taxonomy":"post_tag","embeddable":true,"href":"https:\/\/webpe.colegiomayor.cl\/index.php?rest_route=%2Fwp%2Fv2%2Ftags&post=31705"}],"curies":[{"name":"wp","href":"https:\/\/api.w.org\/{rel}","templated":true}]}}