{"id":31609,"date":"2024-05-27T22:18:00","date_gmt":"2024-05-27T22:18:00","guid":{"rendered":"https:\/\/webpe.colegiomayor.cl\/?p=31609"},"modified":"2024-05-27T22:18:00","modified_gmt":"2024-05-27T22:18:00","slug":"celebracion-semana-del-libro-y-derecho-de-autor","status":"publish","type":"post","link":"https:\/\/webpe.colegiomayor.cl\/?p=31609","title":{"rendered":"Celebraci\u00f3n semana del libro y derecho de autor"},"content":{"rendered":"\n<p class=\"has-background has-text-align-center has-very-light-gray-background-color\"><strong><em>Colegio Mayor Pe\u00f1alol\u00e9n celebr\u00f3 la conmemoraci\u00f3n del D\u00eda Internacional del libro con una serie de actividades para las y los estudiantes de Play Group a IV\u00ba Medio que se realizaron desde el 18 al 22 de abril. <\/em><\/strong><\/p>\n\n\n\n<figure class=\"wp-block-gallery columns-3 is-cropped wp-block-gallery-1 is-layout-flex wp-block-gallery-is-layout-flex\"><ul class=\"blocks-gallery-grid\"><li class=\"blocks-gallery-item\"><figure><img decoding=\"async\" src=\"https:\/\/webpe.colegiomayor.cl\/wp-content\/uploads\/IMG_6835-683x1024.jpg\" alt=\"\" data-id=\"31642\" data-full-url=\"https:\/\/webpe.colegiomayor.cl\/wp-content\/uploads\/IMG_6835-rotated.jpg\" data-link=\"https:\/\/webpe.colegiomayor.cl\/?attachment_id=31642\" class=\"wp-image-31642\"\/><\/figure><\/li><li class=\"blocks-gallery-item\"><figure><img decoding=\"async\" src=\"https:\/\/webpe.colegiomayor.cl\/wp-content\/uploads\/IMG_6868-683x1024.jpg\" alt=\"\" data-id=\"31646\" data-full-url=\"https:\/\/webpe.colegiomayor.cl\/wp-content\/uploads\/IMG_6868-rotated.jpg\" data-link=\"https:\/\/webpe.colegiomayor.cl\/?attachment_id=31646\" class=\"wp-image-31646\"\/><\/figure><\/li><li class=\"blocks-gallery-item\"><figure><img decoding=\"async\" src=\"https:\/\/webpe.colegiomayor.cl\/wp-content\/uploads\/IMG_6836-683x1024.jpg\" alt=\"\" data-id=\"31643\" data-full-url=\"https:\/\/webpe.colegiomayor.cl\/wp-content\/uploads\/IMG_6836-rotated.jpg\" data-link=\"https:\/\/webpe.colegiomayor.cl\/?attachment_id=31643\" class=\"wp-image-31643\"\/><\/figure><\/li><\/ul><\/figure>\n\n\n\n<figure class=\"wp-block-image size-large\"><img decoding=\"async\" src=\"https:\/\/webpe.colegiomayor.cl\/wp-content\/uploads\/IMG_6818-1-1024x683.jpg\" alt=\"\" class=\"wp-image-31641\"\/><\/figure>\n\n\n\n<p>En la oportunidad las y los estudiantes pudieron disfrutar de cuentacuentos, museo vivo, trueque literario, creaci\u00f3n de puertas literarias, charlas, intervenciones en recreo y caracterizaci\u00f3n de sus personajes favoritos entre otras actividades.<\/p>\n\n\n\n<figure class=\"wp-block-gallery columns-2 is-cropped wp-block-gallery-2 is-layout-flex wp-block-gallery-is-layout-flex\"><ul class=\"blocks-gallery-grid\"><li class=\"blocks-gallery-item\"><figure><img decoding=\"async\" src=\"https:\/\/webpe.colegiomayor.cl\/wp-content\/uploads\/IMG_7039-1024x683.jpg\" alt=\"\" data-id=\"31670\" data-full-url=\"https:\/\/webpe.colegiomayor.cl\/wp-content\/uploads\/IMG_7039.jpg\" data-link=\"https:\/\/webpe.colegiomayor.cl\/?attachment_id=31670\" class=\"wp-image-31670\"\/><\/figure><\/li><li class=\"blocks-gallery-item\"><figure><img decoding=\"async\" src=\"https:\/\/webpe.colegiomayor.cl\/wp-content\/uploads\/IMG_7033-1024x683.jpg\" alt=\"\" data-id=\"31669\" data-full-url=\"https:\/\/webpe.colegiomayor.cl\/wp-content\/uploads\/IMG_7033.jpg\" data-link=\"https:\/\/webpe.colegiomayor.cl\/?attachment_id=31669\" class=\"wp-image-31669\"\/><\/figure><\/li><\/ul><\/figure>\n\n\n\n<p>La celebraci\u00f3n del D\u00eda del Libro y derecho de autor es un importante hito en nuestro calendario escolar, enmarcado en el contexto internacional de esta festividad. Su prop\u00f3sito es la difusi\u00f3n de la lectura como elemento central de la formaci\u00f3n intelectual, acad\u00e9mica y val\u00f3rica; la expresi\u00f3n art\u00edstica a partir del trabajo colaborativo y la conservaci\u00f3n de la herencia cultural que proviene del libro.<\/p>\n\n\n\n<figure class=\"wp-block-gallery columns-1 is-cropped wp-block-gallery-3 is-layout-flex wp-block-gallery-is-layout-flex\"><ul class=\"blocks-gallery-grid\"><li class=\"blocks-gallery-item\"><figure><img decoding=\"async\" src=\"https:\/\/webpe.colegiomayor.cl\/wp-content\/uploads\/IMG_7031-1024x683.jpg\" alt=\"\" data-id=\"31668\" data-full-url=\"https:\/\/webpe.colegiomayor.cl\/wp-content\/uploads\/IMG_7031.jpg\" data-link=\"https:\/\/webpe.colegiomayor.cl\/?attachment_id=31668\" class=\"wp-image-31668\"\/><\/figure><\/li><\/ul><\/figure>\n\n\n\n<p class=\"has-background has-cyan-bluish-gray-background-color\"><strong>Trueque literario<\/strong><\/p>\n\n\n\n<figure class=\"wp-block-gallery columns-3 is-cropped wp-block-gallery-4 is-layout-flex wp-block-gallery-is-layout-flex\"><ul class=\"blocks-gallery-grid\"><li class=\"blocks-gallery-item\"><figure><img decoding=\"async\" src=\"https:\/\/webpe.colegiomayor.cl\/wp-content\/uploads\/IMG_6792-1024x683.jpg\" alt=\"\" data-id=\"31636\" data-full-url=\"https:\/\/webpe.colegiomayor.cl\/wp-content\/uploads\/IMG_6792.jpg\" data-link=\"https:\/\/webpe.colegiomayor.cl\/?attachment_id=31636\" class=\"wp-image-31636\"\/><\/figure><\/li><li class=\"blocks-gallery-item\"><figure><img decoding=\"async\" src=\"https:\/\/webpe.colegiomayor.cl\/wp-content\/uploads\/IMG_6791-1024x683.jpg\" alt=\"\" data-id=\"31635\" data-full-url=\"https:\/\/webpe.colegiomayor.cl\/wp-content\/uploads\/IMG_6791.jpg\" data-link=\"https:\/\/webpe.colegiomayor.cl\/?attachment_id=31635\" class=\"wp-image-31635\"\/><\/figure><\/li><li class=\"blocks-gallery-item\"><figure><img decoding=\"async\" src=\"https:\/\/webpe.colegiomayor.cl\/wp-content\/uploads\/IMG_6789-1024x683.jpg\" alt=\"\" data-id=\"31634\" data-full-url=\"https:\/\/webpe.colegiomayor.cl\/wp-content\/uploads\/IMG_6789.jpg\" data-link=\"https:\/\/webpe.colegiomayor.cl\/?attachment_id=31634\" class=\"wp-image-31634\"\/><\/figure><\/li><\/ul><\/figure>\n\n\n\n<p>El d\u00eda viernes 20 de abril se realiz\u00f3 un gran y entusiasta trueque literario. Los estudiantes que donaron libros recibieron fichas para intercambiarlos por otro de su inter\u00e9s. Profesores y profesoras del \u00e1rea de Lenguaje se preocuparon de motivar la donaci\u00f3n de libros y propiciar la conversaci\u00f3n en torno a la lectura de grandes y peque\u00f1os.<\/p>\n\n\n\n<figure class=\"wp-block-gallery columns-3 is-cropped wp-block-gallery-5 is-layout-flex wp-block-gallery-is-layout-flex\"><ul class=\"blocks-gallery-grid\"><li class=\"blocks-gallery-item\"><figure><img decoding=\"async\" src=\"https:\/\/webpe.colegiomayor.cl\/wp-content\/uploads\/IMG_6802-1024x683.jpg\" alt=\"\" data-id=\"31638\" data-full-url=\"https:\/\/webpe.colegiomayor.cl\/wp-content\/uploads\/IMG_6802.jpg\" data-link=\"https:\/\/webpe.colegiomayor.cl\/?attachment_id=31638\" class=\"wp-image-31638\"\/><\/figure><\/li><li class=\"blocks-gallery-item\"><figure><img decoding=\"async\" src=\"https:\/\/webpe.colegiomayor.cl\/wp-content\/uploads\/IMG_6805-1-1024x683.jpg\" alt=\"\" data-id=\"31639\" data-full-url=\"https:\/\/webpe.colegiomayor.cl\/wp-content\/uploads\/IMG_6805-1.jpg\" data-link=\"https:\/\/webpe.colegiomayor.cl\/?attachment_id=31639\" class=\"wp-image-31639\"\/><\/figure><\/li><li class=\"blocks-gallery-item\"><figure><img decoding=\"async\" src=\"https:\/\/webpe.colegiomayor.cl\/wp-content\/uploads\/IMG_6814-1-1024x683.jpg\" alt=\"\" data-id=\"31640\" data-full-url=\"https:\/\/webpe.colegiomayor.cl\/wp-content\/uploads\/IMG_6814-1.jpg\" data-link=\"https:\/\/webpe.colegiomayor.cl\/?attachment_id=31640\" class=\"wp-image-31640\"\/><\/figure><\/li><\/ul><\/figure>\n\n\n\n<figure class=\"wp-block-gallery columns-2 is-cropped wp-block-gallery-6 is-layout-flex wp-block-gallery-is-layout-flex\"><ul class=\"blocks-gallery-grid\"><li class=\"blocks-gallery-item\"><figure><img decoding=\"async\" src=\"https:\/\/webpe.colegiomayor.cl\/wp-content\/uploads\/IMG_6961-3-1024x683.jpg\" alt=\"\" data-id=\"31657\" data-full-url=\"https:\/\/webpe.colegiomayor.cl\/wp-content\/uploads\/IMG_6961-3.jpg\" data-link=\"https:\/\/webpe.colegiomayor.cl\/?attachment_id=31657\" class=\"wp-image-31657\"\/><\/figure><\/li><li class=\"blocks-gallery-item\"><figure><img decoding=\"async\" src=\"https:\/\/webpe.colegiomayor.cl\/wp-content\/uploads\/IMG_6957-2-1024x683.jpg\" alt=\"\" data-id=\"31656\" data-full-url=\"https:\/\/webpe.colegiomayor.cl\/wp-content\/uploads\/IMG_6957-2.jpg\" data-link=\"https:\/\/webpe.colegiomayor.cl\/?attachment_id=31656\" class=\"wp-image-31656\"\/><\/figure><\/li><\/ul><\/figure>\n\n\n\n<p class=\"has-background has-cyan-bluish-gray-background-color\"><strong>Micr\u00f3fono abierto<\/strong><\/p>\n\n\n\n<p>El d\u00eda jueves 19 de abril, se realiz\u00f3 el primer micr\u00f3fono abierto dirigido a estudiantes de ense\u00f1anza media. En \u00e9l, de forma voluntaria, estudiantes de III\u00b0 y IV\u00b0 medio compartieron coplas, poemas y cr\u00f3nicas en un acogedor espacio creado en la biblioteca. Adem\u00e1s de los estudiantes, el profesor David Ar\u00e1nguiz comparti\u00f3 un poema de su pr\u00f3xima publicaci\u00f3n.<\/p>\n\n\n\n<figure class=\"wp-block-gallery columns-3 is-cropped wp-block-gallery-7 is-layout-flex wp-block-gallery-is-layout-flex\"><ul class=\"blocks-gallery-grid\"><li class=\"blocks-gallery-item\"><figure><img decoding=\"async\" src=\"https:\/\/webpe.colegiomayor.cl\/wp-content\/uploads\/IMG_7052-1024x683.jpg\" alt=\"\" data-id=\"31672\" data-full-url=\"https:\/\/webpe.colegiomayor.cl\/wp-content\/uploads\/IMG_7052.jpg\" data-link=\"https:\/\/webpe.colegiomayor.cl\/?attachment_id=31672\" class=\"wp-image-31672\"\/><\/figure><\/li><li class=\"blocks-gallery-item\"><figure><img decoding=\"async\" src=\"https:\/\/webpe.colegiomayor.cl\/wp-content\/uploads\/IMG_7079-1024x683.jpg\" alt=\"\" data-id=\"31675\" data-full-url=\"https:\/\/webpe.colegiomayor.cl\/wp-content\/uploads\/IMG_7079.jpg\" data-link=\"https:\/\/webpe.colegiomayor.cl\/?attachment_id=31675\" class=\"wp-image-31675\"\/><\/figure><\/li><li class=\"blocks-gallery-item\"><figure><img decoding=\"async\" src=\"https:\/\/webpe.colegiomayor.cl\/wp-content\/uploads\/IMG_7083-1-1024x683.jpg\" alt=\"\" data-id=\"31676\" data-full-url=\"https:\/\/webpe.colegiomayor.cl\/wp-content\/uploads\/IMG_7083-1.jpg\" data-link=\"https:\/\/webpe.colegiomayor.cl\/?attachment_id=31676\" class=\"wp-image-31676\"\/><\/figure><\/li><\/ul><\/figure>\n\n\n\n<p>Los estudiantes\nagradecieron la intimidad instancia y esperan pueda repetirse en distintos\nmomentos del a\u00f1o.<\/p>\n\n\n\n<p class=\"has-background has-cyan-bluish-gray-background-color\"><strong>Charla de autora: Ignacia Godoy<\/strong><\/p>\n\n\n\n<p>El lunes 22 de abril, estudiantes de III\u00b0 y IV\u00b0 a\u00f1o medio, pertenecientes al electivo de <em>Participaci\u00f3n y Argumentaci\u00f3n en Democracia <\/em>y<em> Taller de literatura<\/em>, asistieron a la charla impartida por Ignacia Godoy, periodista y escritora, autora del libro <em>Cuerpos Invisibles<\/em>. En esta ocasi\u00f3n la autora comparti\u00f3 con los estudiantes sus experiencias sobre la escritura, su v\u00ednculo con el periodismo, la importancia de la lectura y muchas reflexiones sobre su particular poemario.<\/p>\n\n\n\n<figure class=\"wp-block-image size-large\"><img decoding=\"async\" src=\"https:\/\/webpe.colegiomayor.cl\/wp-content\/uploads\/IMG_7142-1.jpg\" alt=\"\" class=\"wp-image-31630\"\/><\/figure>\n\n\n\n<p>Los estudiantes, adem\u00e1s de compartir reflexiones y realizarle preguntas a la escritora, expusieron sus trabajos del electivo Participaci\u00f3n y Argumentaci\u00f3n en Democracia. Para su realizaci\u00f3n, siguieron el modelo propuesto por la autora: analizar una noticia y, a partir de ella, crear un objeto art\u00edstico, junto a su posterior reflexi\u00f3n.<\/p>\n\n\n\n<figure class=\"wp-block-gallery columns-2 is-cropped wp-block-gallery-8 is-layout-flex wp-block-gallery-is-layout-flex\"><ul class=\"blocks-gallery-grid\"><li class=\"blocks-gallery-item\"><figure><img decoding=\"async\" src=\"https:\/\/webpe.colegiomayor.cl\/wp-content\/uploads\/IMG_7162.jpg\" alt=\"\" data-id=\"31632\" data-full-url=\"https:\/\/webpe.colegiomayor.cl\/wp-content\/uploads\/IMG_7162.jpg\" data-link=\"https:\/\/webpe.colegiomayor.cl\/?attachment_id=31632\" class=\"wp-image-31632\"\/><\/figure><\/li><li class=\"blocks-gallery-item\"><figure><img decoding=\"async\" src=\"https:\/\/webpe.colegiomayor.cl\/wp-content\/uploads\/IMG_7147-1.jpg\" alt=\"\" data-id=\"31631\" data-full-url=\"https:\/\/webpe.colegiomayor.cl\/wp-content\/uploads\/IMG_7147-1.jpg\" data-link=\"https:\/\/webpe.colegiomayor.cl\/?attachment_id=31631\" class=\"wp-image-31631\"\/><\/figure><\/li><\/ul><\/figure>\n\n\n\n<p>La docente y\ncoordinadora de \u00e1rea, Valentina Madrid, se\u00f1ala lo siguiente <strong><em>\u201cfue\nmuy importante para los estudiantes tener la posibilidad compartir sus\nlecturas, impresiones y procesos creativos con la periodista. Lograron, no solo\nexponer, sino que tambi\u00e9n preguntar con mucho inter\u00e9s y dialogar en un formato\ncercano y cr\u00edtico. La visita fue revitalizadora\u201d.<\/em><\/strong><\/p>\n\n\n\n<p class=\"has-background has-cyan-bluish-gray-background-color\"><strong>Concurso Puertas literarias<\/strong><\/p>\n\n\n\n<figure class=\"wp-block-gallery columns-2 is-cropped wp-block-gallery-9 is-layout-flex wp-block-gallery-is-layout-flex\"><ul class=\"blocks-gallery-grid\"><li class=\"blocks-gallery-item\"><figure><img decoding=\"async\" src=\"https:\/\/webpe.colegiomayor.cl\/wp-content\/uploads\/Puerta-literaria1-461x1024.jpeg\" alt=\"\" data-id=\"31693\" data-full-url=\"https:\/\/webpe.colegiomayor.cl\/wp-content\/uploads\/Puerta-literaria1.jpeg\" data-link=\"https:\/\/webpe.colegiomayor.cl\/?attachment_id=31693\" class=\"wp-image-31693\"\/><\/figure><\/li><li class=\"blocks-gallery-item\"><figure><img decoding=\"async\" src=\"https:\/\/webpe.colegiomayor.cl\/wp-content\/uploads\/puerta-literaria2-461x1024.jpeg\" alt=\"\" data-id=\"31694\" data-full-url=\"https:\/\/webpe.colegiomayor.cl\/wp-content\/uploads\/puerta-literaria2.jpeg\" data-link=\"https:\/\/webpe.colegiomayor.cl\/?attachment_id=31694\" class=\"wp-image-31694\"\/><\/figure><\/li><\/ul><\/figure>\n\n\n\n<p>Como ya es tradicional, una de las actividades que m\u00e1s destac\u00f3 durante esta semana fue la de las Puertas literarias, este a\u00f1o a diferencia de otros, se escogieron libros que los estudiantes no hayan le\u00eddo como lectura domiciliaria para que tuvieran que investigar la tem\u00e1tica, los personajes, el autor, buscar citas, escribir una rese\u00f1a en ingl\u00e9s, etc. Esta es una actividad que a\u00f1o a a\u00f1o la realizamos dado que entusiasma mucho a los estudiantes del colegio, requiere colaboraci\u00f3n, trabajo en equipo, creaci\u00f3n y montaje. Permite, adem\u00e1s, el desarrollo de habilidades como la comunicaci\u00f3n, la creatividad y el pensamiento cr\u00edtico. Todas y todos, una vez m\u00e1s, fuimos testigos del trabajo y dedicaci\u00f3n de los cursos quienes nos regalaron un despliegue de organizaci\u00f3n y creaci\u00f3n art\u00edstica.<\/p>\n\n\n\n<figure class=\"wp-block-gallery columns-2 is-cropped wp-block-gallery-10 is-layout-flex wp-block-gallery-is-layout-flex\"><ul class=\"blocks-gallery-grid\"><li class=\"blocks-gallery-item\"><figure><img decoding=\"async\" src=\"https:\/\/webpe.colegiomayor.cl\/wp-content\/uploads\/puerta-literaria-4-461x1024.jpeg\" alt=\"\" data-id=\"31696\" data-full-url=\"https:\/\/webpe.colegiomayor.cl\/wp-content\/uploads\/puerta-literaria-4.jpeg\" data-link=\"https:\/\/webpe.colegiomayor.cl\/?attachment_id=31696\" class=\"wp-image-31696\"\/><\/figure><\/li><li class=\"blocks-gallery-item\"><figure><img decoding=\"async\" src=\"https:\/\/webpe.colegiomayor.cl\/wp-content\/uploads\/Puertas-literarias-461x1024.jpeg\" alt=\"\" data-id=\"31697\" data-full-url=\"https:\/\/webpe.colegiomayor.cl\/wp-content\/uploads\/Puertas-literarias.jpeg\" data-link=\"https:\/\/webpe.colegiomayor.cl\/?attachment_id=31697\" class=\"wp-image-31697\"\/><\/figure><\/li><\/ul><\/figure>\n\n\n\n<p>Distintos\nprofesores de las asignaturas de Lenguaje, Arte e Ingl\u00e9s evaluaron las puertas\nsiguiendo una pauta de cotejo que incluye indicadores de literatura, desempe\u00f1o\ncreativo y art\u00edstico y escritura en ingl\u00e9s. Estos fueron los resultados:<\/p>\n\n\n\n<figure class=\"wp-block-image size-large\"><img decoding=\"async\" src=\"https:\/\/webpe.colegiomayor.cl\/wp-content\/uploads\/1-9.png\" alt=\"\" class=\"wp-image-31628\"\/><\/figure>\n\n\n\n<figure class=\"wp-block-image size-large\"><img decoding=\"async\" src=\"https:\/\/webpe.colegiomayor.cl\/wp-content\/uploads\/2-4.png\" alt=\"\" class=\"wp-image-31629\"\/><\/figure>\n\n\n\n<p>Es muy alentador y significativo ver tanto a estudiantes y a profesores motivados hablando de libros, de personajes, autores, dibujando, creando bosquejos, todos disfrutando una semana llena de colores, letras, creatividad, y sobre todo de mucho entusiasmo y motivaci\u00f3n. Fue muy emocionante ver el compromiso de toda la comunidad en torno a esta celebraci\u00f3n. <\/p>\n\n\n\n<p class=\"has-background has-cyan-bluish-gray-background-color\"><strong>Concurso funcionarios<\/strong><\/p>\n\n\n\n<figure class=\"wp-block-image size-large\"><img decoding=\"async\" src=\"https:\/\/webpe.colegiomayor.cl\/wp-content\/uploads\/Equipo-de-lenguaje-1024x768.jpg\" alt=\"\" class=\"wp-image-31699\"\/><\/figure>\n\n\n\n<p>El Departamento de Lenguaje y Plan Lector realiz\u00f3 un llamado a los\nfuncionarios a participar de un concurso de Microcuentos. Instancia en la que\nlos participantes mostraron motivaci\u00f3n y creatividad.<\/p>\n\n\n\n<figure class=\"wp-block-gallery columns-2 is-cropped wp-block-gallery-11 is-layout-flex wp-block-gallery-is-layout-flex\"><ul class=\"blocks-gallery-grid\"><li class=\"blocks-gallery-item\"><figure><img decoding=\"async\" src=\"https:\/\/webpe.colegiomayor.cl\/wp-content\/uploads\/IMG_6991-1024x683.jpg\" alt=\"\" data-id=\"31661\" data-full-url=\"https:\/\/webpe.colegiomayor.cl\/wp-content\/uploads\/IMG_6991.jpg\" data-link=\"https:\/\/webpe.colegiomayor.cl\/?attachment_id=31661\" class=\"wp-image-31661\"\/><\/figure><\/li><li class=\"blocks-gallery-item\"><figure><img decoding=\"async\" src=\"https:\/\/webpe.colegiomayor.cl\/wp-content\/uploads\/IMG_7000-1024x683.jpg\" alt=\"\" data-id=\"31663\" data-full-url=\"https:\/\/webpe.colegiomayor.cl\/wp-content\/uploads\/IMG_7000.jpg\" data-link=\"https:\/\/webpe.colegiomayor.cl\/?attachment_id=31663\" class=\"wp-image-31663\"\/><\/figure><\/li><\/ul><\/figure>\n\n\n\n<p>Este concurso tuvo como ganadores a los siguientes funcionarios:<\/p>\n\n\n\n<p class=\"has-background has-very-light-gray-background-color\"><strong>Primer lugar: &#8220;Agujero&#8221;<\/strong> de Varinia Caballero, profesora tercer ciclo.<\/p>\n\n\n\n<p class=\"has-background has-very-light-gray-background-color\"><strong>Segundo lugar:<\/strong> <strong>&#8220;Un d\u00eda en el hospital&#8221;<\/strong> de Sandra Arriaza, profesora segundo ciclo<\/p>\n\n\n\n<p class=\"has-background has-very-light-gray-background-color\"><strong>Tercer lugar: &#8220;Verano color violeta&#8221; <\/strong>de Ismenia D\u00edaz, Secretaria de recepci\u00f3n.<\/p>\n\n\n\n<p class=\"has-background has-very-light-gray-background-color\"><strong>Menci\u00f3n honrosa:<\/strong> <strong>&#8220;Un d\u00eda cualquiera&#8221; <\/strong>de Natalia Pacheco, profesora tercer ciclo.<\/p>\n\n\n\n<p>Felicitamos a los flamantes ganadores y tambi\u00e9n agradecemos la\nparticipaci\u00f3n de nutricionistas, asistentes de aula y docentes escritores.<\/p>\n\n\n\n<p class=\"has-background has-cyan-bluish-gray-background-color\"><strong>Qu\u00e9 dicen nuestras profesoras<\/strong>&#8230;<\/p>\n\n\n\n<figure class=\"wp-block-image size-large\"><img decoding=\"async\" src=\"https:\/\/webpe.colegiomayor.cl\/wp-content\/uploads\/IMG_7007-1024x683.jpg\" alt=\"\" class=\"wp-image-31666\"\/><\/figure>\n\n\n\n<p>Ver\u00f3nica Carvajal, profesora tutora 3\u00b0A nos coment\u00f3 respecto a esta actividad<strong> <em>\u201ceste a\u00f1o realizamos diferentes actividades para festejar la semana del libro, iniciando con la entretenida experiencia \u201cCuentacuentos con delantal\u201d en la que aparec\u00eda cada personaje desde el delantal de la profesora, generando asombro y curiosidad en nuestros peque\u00f1os durante el relato. Tambi\u00e9n incluimos a las familias del nivel quienes participaron narrando diversos cuentos motivando la activa participaci\u00f3n y acercando a nuestros ni\u00f1os a la lectura. Con el fin de articular y fortalecer aprendizajes se realiz\u00f3 el museo \u201cTextos Vivos\u201d organiz\u00e1ndose una exposici\u00f3n con representantes de cada curso quienes se caracterizaron de personajes de cuentos cl\u00e1sicos, relatando a los visitantes de la comunidad su participaci\u00f3n en la historia e invit\u00e1ndolos a leer para deleitarse con estas bell\u00edsimas narraciones\u201d.<\/em><\/strong><\/p>\n\n\n\n<figure class=\"wp-block-gallery columns-1 is-cropped wp-block-gallery-12 is-layout-flex wp-block-gallery-is-layout-flex\"><ul class=\"blocks-gallery-grid\"><li class=\"blocks-gallery-item\"><figure><img decoding=\"async\" src=\"https:\/\/webpe.colegiomayor.cl\/wp-content\/uploads\/IMG_7044-1024x683.jpg\" alt=\"\" data-id=\"31671\" data-full-url=\"https:\/\/webpe.colegiomayor.cl\/wp-content\/uploads\/IMG_7044.jpg\" data-link=\"https:\/\/webpe.colegiomayor.cl\/?attachment_id=31671\" class=\"wp-image-31671\"\/><\/figure><\/li><\/ul><\/figure>\n\n\n\n<p>Asimismo, Andrea Deischler profesora tutora 3\u00b0B, nos indic\u00f3 <strong><em>\u201cEn la actividad de &#8220;susurradores&#8221; realizada por los terceros b\u00e1sicos, los estudiantes disfrutaron y compartieron con sus compa\u00f1eros de cuarto b\u00e1sico con gran entusiasmo, esta&nbsp;instancia despert\u00f3 la imaginaci\u00f3n y la creatividad de los participantes. Todos se mostraron muy motivados y a la espera de participar de una manera diferente y especial\u201d.&nbsp;<\/em><\/strong><\/p>\n\n\n\n<figure class=\"wp-block-gallery columns-2 is-cropped wp-block-gallery-13 is-layout-flex wp-block-gallery-is-layout-flex\"><ul class=\"blocks-gallery-grid\"><li class=\"blocks-gallery-item\"><figure><img decoding=\"async\" src=\"https:\/\/webpe.colegiomayor.cl\/wp-content\/uploads\/IMG_7002-1024x683.jpg\" alt=\"\" data-id=\"31664\" data-full-url=\"https:\/\/webpe.colegiomayor.cl\/wp-content\/uploads\/IMG_7002.jpg\" data-link=\"https:\/\/webpe.colegiomayor.cl\/?attachment_id=31664\" class=\"wp-image-31664\"\/><\/figure><\/li><li class=\"blocks-gallery-item\"><figure><img decoding=\"async\" src=\"https:\/\/webpe.colegiomayor.cl\/wp-content\/uploads\/IMG_7005-1024x683.jpg\" alt=\"\" data-id=\"31665\" data-full-url=\"https:\/\/webpe.colegiomayor.cl\/wp-content\/uploads\/IMG_7005.jpg\" data-link=\"https:\/\/webpe.colegiomayor.cl\/?attachment_id=31665\" class=\"wp-image-31665\"\/><\/figure><\/li><\/ul><\/figure>\n\n\n\n<figure class=\"wp-block-image size-large\"><img decoding=\"async\" src=\"https:\/\/webpe.colegiomayor.cl\/wp-content\/uploads\/IMG_7011-1024x683.jpg\" alt=\"\" class=\"wp-image-31667\"\/><\/figure>\n\n\n\n<p>Por su parte, Sof\u00eda Acosta, profesora tutora 4\u00b0 C nos cont\u00f3 que<strong> <em>\u201clos estudiantes de cuarto b\u00e1sico confeccionaron los paraguas literarios en grupos, con el fin de incentivar y fortalecer el gusto por la lectura. Los ni\u00f1os y ni\u00f1as&nbsp;decoraron&nbsp;libremente sus paraguas con un texto de inter\u00e9s para luego compartir la lectura escogida con otros compa\u00f1eros del nivel, transform\u00e1ndose en una instancia motivadora y de apertura a nuevas formas de hablar de una historia\u201d.<\/em><\/strong><\/p>\n\n\n\n<figure class=\"wp-block-gallery columns-1 is-cropped wp-block-gallery-14 is-layout-flex wp-block-gallery-is-layout-flex\"><ul class=\"blocks-gallery-grid\"><li class=\"blocks-gallery-item\"><figure><img decoding=\"async\" src=\"https:\/\/webpe.colegiomayor.cl\/wp-content\/uploads\/IMG_6985-1024x683.jpg\" alt=\"\" data-id=\"31659\" data-full-url=\"https:\/\/webpe.colegiomayor.cl\/wp-content\/uploads\/IMG_6985.jpg\" data-link=\"https:\/\/webpe.colegiomayor.cl\/?attachment_id=31659\" class=\"wp-image-31659\"\/><\/figure><\/li><\/ul><\/figure>\n\n\n\n<figure class=\"wp-block-gallery columns-2 is-cropped wp-block-gallery-15 is-layout-flex wp-block-gallery-is-layout-flex\"><ul class=\"blocks-gallery-grid\"><li class=\"blocks-gallery-item\"><figure><img decoding=\"async\" src=\"https:\/\/webpe.colegiomayor.cl\/wp-content\/uploads\/IMG_6987-1024x683.jpg\" alt=\"\" data-id=\"31660\" data-full-url=\"https:\/\/webpe.colegiomayor.cl\/wp-content\/uploads\/IMG_6987.jpg\" data-link=\"https:\/\/webpe.colegiomayor.cl\/?attachment_id=31660\" class=\"wp-image-31660\"\/><\/figure><\/li><li class=\"blocks-gallery-item\"><figure><img decoding=\"async\" src=\"https:\/\/webpe.colegiomayor.cl\/wp-content\/uploads\/IMG_6998-1024x683.jpg\" alt=\"\" data-id=\"31662\" data-full-url=\"https:\/\/webpe.colegiomayor.cl\/wp-content\/uploads\/IMG_6998.jpg\" data-link=\"https:\/\/webpe.colegiomayor.cl\/?attachment_id=31662\" class=\"wp-image-31662\"\/><\/figure><\/li><\/ul><\/figure>\n\n\n\n<p>Finalmente, Pamela Torres, Profesora tutora 4\u00b0D\nnos se\u00f1al\u00f3<strong> \u201c<\/strong><strong><em>Los terceros y cuartos\nb\u00e1sicos para conmemorar el d\u00eda del libro, realizaron el Museo de textos vivos\nen el auditorio de nuestro colegio, donde pudieron mostrar a la comunidad\neducativa, personajes de los cuentos cl\u00e1sicos de nuestra literatura universal y\ndiferentes historias, inspiradas en leyendas, mitos y c\u00f3mics. Fue una actividad\nmuy enriquecedora para poder seguir incentivando el gusto por la lectura en\nnuestros estudiantes\u201d.&nbsp;<\/em><\/strong><\/p>\n\n\n\n<p class=\"has-background has-cyan-bluish-gray-background-color\"><strong>Acto de finalizaci\u00f3n<\/strong><\/p>\n\n\n\n<figure class=\"wp-block-image size-large\"><img decoding=\"async\" src=\"https:\/\/webpe.colegiomayor.cl\/wp-content\/uploads\/IMG_7073-1024x683.jpg\" alt=\"\" class=\"wp-image-31673\"\/><\/figure>\n\n\n\n<p>La semana del libro es una fiesta. Por ello, culminamos la semana con disfraces de estudiantes y docentes y un acto musical en honor a la literatura, preparado para estudiantes de 3\u00b0 B\u00e1sico a IV\u00b0 Medio. En esta ocasi\u00f3n se present\u00f3 la banda de estudiantes, The death pigs y la banda de profesores interdisciplinaria, The White boards, para deleitarnos con piezas musicales vinculadas a la poes\u00eda y la narrativa. <\/p>\n\n\n\n<figure class=\"wp-block-image size-large\"><img decoding=\"async\" src=\"https:\/\/webpe.colegiomayor.cl\/wp-content\/uploads\/IMG_7102-1024x683.jpg\" alt=\"\" class=\"wp-image-31678\"\/><figcaption><br><\/figcaption><\/figure>\n\n\n\n<figure class=\"wp-block-image size-large\"><img decoding=\"async\" src=\"https:\/\/webpe.colegiomayor.cl\/wp-content\/uploads\/IMG_7105-1024x683.jpg\" alt=\"\" class=\"wp-image-31679\"\/><\/figure>\n","protected":false},"excerpt":{"rendered":"<p>Colegio Mayor Pe\u00f1alol\u00e9n celebr\u00f3 la conmemoraci\u00f3n del D\u00eda Internacional del libro con una serie de actividades para las y los estudiantes de Play Group a IV\u00ba Medio que se realizaron desde el 18 al 22 de abril. En la oportunidad las y los estudiantes pudieron&nbsp;<a href=\"https:\/\/webpe.colegiomayor.cl\/?p=31609\">&hellip;<\/a><\/p>\n","protected":false},"author":5,"featured_media":31657,"comment_status":"closed","ping_status":"closed","sticky":false,"template":"","format":"standard","meta":{"content-type":"","footnotes":""},"categories":[23],"tags":[],"class_list":["post-31609","post","type-post","status-publish","format-standard","has-post-thumbnail","hentry","category-actualidad","odd"],"rttpg_featured_image_url":null,"rttpg_author":{"display_name":"Flor Parragu\u00e9z","author_link":"https:\/\/webpe.colegiomayor.cl\/?author=5"},"rttpg_comment":0,"rttpg_category":"<a href=\"https:\/\/webpe.colegiomayor.cl\/?cat=23\" rel=\"category\">COLEGIO<\/a>","rttpg_excerpt":"Colegio Mayor Pe\u00f1alol\u00e9n celebr\u00f3 la conmemoraci\u00f3n del D\u00eda Internacional del libro con una serie de actividades para las y los estudiantes de Play Group a IV\u00ba Medio que se realizaron desde el 18 al 22 de abril. En la oportunidad las y los estudiantes pudieron&nbsp;&hellip;","_links":{"self":[{"href":"https:\/\/webpe.colegiomayor.cl\/index.php?rest_route=\/wp\/v2\/posts\/31609","targetHints":{"allow":["GET"]}}],"collection":[{"href":"https:\/\/webpe.colegiomayor.cl\/index.php?rest_route=\/wp\/v2\/posts"}],"about":[{"href":"https:\/\/webpe.colegiomayor.cl\/index.php?rest_route=\/wp\/v2\/types\/post"}],"author":[{"embeddable":true,"href":"https:\/\/webpe.colegiomayor.cl\/index.php?rest_route=\/wp\/v2\/users\/5"}],"replies":[{"embeddable":true,"href":"https:\/\/webpe.colegiomayor.cl\/index.php?rest_route=%2Fwp%2Fv2%2Fcomments&post=31609"}],"version-history":[{"count":0,"href":"https:\/\/webpe.colegiomayor.cl\/index.php?rest_route=\/wp\/v2\/posts\/31609\/revisions"}],"wp:featuredmedia":[{"embeddable":true,"href":"https:\/\/webpe.colegiomayor.cl\/index.php?rest_route=\/"}],"wp:attachment":[{"href":"https:\/\/webpe.colegiomayor.cl\/index.php?rest_route=%2Fwp%2Fv2%2Fmedia&parent=31609"}],"wp:term":[{"taxonomy":"category","embeddable":true,"href":"https:\/\/webpe.colegiomayor.cl\/index.php?rest_route=%2Fwp%2Fv2%2Fcategories&post=31609"},{"taxonomy":"post_tag","embeddable":true,"href":"https:\/\/webpe.colegiomayor.cl\/index.php?rest_route=%2Fwp%2Fv2%2Ftags&post=31609"}],"curies":[{"name":"wp","href":"https:\/\/api.w.org\/{rel}","templated":true}]}}