{"id":31593,"date":"2024-05-24T18:18:09","date_gmt":"2024-05-24T18:18:09","guid":{"rendered":"https:\/\/webpe.colegiomayor.cl\/?p=31593"},"modified":"2024-05-24T18:18:09","modified_gmt":"2024-05-24T18:18:09","slug":"actividades-deportivas-colegio-mayor-penalolen-sabado-25-de-mayo","status":"publish","type":"post","link":"https:\/\/webpe.colegiomayor.cl\/?p=31593","title":{"rendered":"Actividades Deportivas, Colegio Mayor Pe\u00f1alol\u00e9n, s\u00e1bado 25 de mayo"},"content":{"rendered":"\n<figure class=\"wp-block-gallery columns-2 is-cropped wp-block-gallery-1 is-layout-flex wp-block-gallery-is-layout-flex\"><ul class=\"blocks-gallery-grid\"><li class=\"blocks-gallery-item\"><figure><img decoding=\"async\" src=\"https:\/\/webpe.colegiomayor.cl\/wp-content\/uploads\/ayax_futbol_2019-746x1024.png\" alt=\"\" data-id=\"31445\" data-full-url=\"https:\/\/webpe.colegiomayor.cl\/wp-content\/uploads\/ayax_futbol_2019.png\" data-link=\"https:\/\/webpe.colegiomayor.cl\/?attachment_id=31445\" class=\"wp-image-31445\"\/><\/figure><\/li><li class=\"blocks-gallery-item\"><figure><img decoding=\"async\" src=\"https:\/\/webpe.colegiomayor.cl\/wp-content\/uploads\/Ayax_basquetball-838x1024.png\" alt=\"\" data-id=\"31444\" data-full-url=\"https:\/\/webpe.colegiomayor.cl\/wp-content\/uploads\/Ayax_basquetball.png\" data-link=\"https:\/\/webpe.colegiomayor.cl\/?attachment_id=31444\" class=\"wp-image-31444\"\/><\/figure><\/li><\/ul><\/figure>\n\n\n\n<p class=\"has-background has-cyan-bluish-gray-background-color\"><strong>Atletismo Selecci\u00f3n:<\/strong><\/p>\n\n\n\n<p><strong>ENTRENAMIENTO NORMAL<\/strong><\/p>\n\n\n\n<p><strong>Lugar:<\/strong> Pista\natl\u00e9tica Estadio Mayor.<\/p>\n\n\n\n<p><strong>Horario:<\/strong> 09:00 a\n10:20 horas.<\/p>\n\n\n\n<p><strong>Categor\u00edas:<\/strong> Penecas \/ Preparatoria.<\/p>\n\n\n\n<p><strong>Horario:<\/strong> 10:30 a\n12:00 horas.<\/p>\n\n\n\n<p><strong>Categor\u00edas:<\/strong> Infantil \/ Intermedia \/ Superior.<\/p>\n\n\n\n<p><strong>Profesores a Cargo:<\/strong> \u00darsula Rebolledo \u2013 Carlos Soto \u2013 Javiera Gonz\u00e1lez.<\/p>\n\n\n\n<p><strong>GRAND PRIX UC <\/strong><\/p>\n\n\n\n<p><strong>Lugar:<\/strong> San Carlos de Apoquindo.<\/p>\n\n\n\n<p><strong>Horario:<\/strong> 09:00 a\n13:00 horas.<\/p>\n\n\n\n<p><strong>Profesores a Cargo:<\/strong>\nCarlos Soto \u2013 Javiera Gonz\u00e1lez<\/p>\n\n\n\n<p class=\"has-background has-cyan-bluish-gray-background-color\"><strong>B\u00e1squetbol<\/strong><\/p>\n\n\n\n<p><strong>TORNEO UC CMPE V\/S\nCOLEGIO PONTIFICIO SEMINARIO MENOR<\/strong><\/p>\n\n\n\n<p><strong>Lugar:<\/strong>&nbsp; Carpeta Estadio Mayor<\/p>\n\n\n\n<p><strong>Horario: <\/strong>desde las 09:00 horas.<\/p>\n\n\n\n<p><strong>Categor\u00edas:<\/strong> intermedia\n&#8211; Superior <\/p>\n\n\n\n<p><strong>Profesora a cargo:<\/strong> Nicol\u00e1s Ortiz.<\/p>\n\n\n\n<p><strong>LIBASCOPAR CMPE V\/S\nCARAMPANGUE<\/strong><\/p>\n\n\n\n<p><strong>Lugar:<\/strong>\u00a0 Colegio Carampangue.<\/p>\n\n\n\n<p><strong>Horario: <\/strong>desde las 09:00 horas. <\/p>\n\n\n\n<p><strong>Categor\u00edas:<\/strong> Mini \u2013 infantil.<\/p>\n\n\n\n<p><strong>Profesora a cargo:<\/strong> Carlos Cerecera.<\/p>\n\n\n\n<p class=\"has-background has-cyan-bluish-gray-background-color\"><strong>Cheerleader<\/strong><\/p>\n\n\n\n<p><strong>ENTRENAMIENTO NORMAL<\/strong><\/p>\n\n\n\n<p><strong>Lugar:<\/strong> Foro<\/p>\n\n\n\n<p><strong>Horario: <\/strong>desde\nlas 09:00 horas <\/p>\n\n\n\n<p><strong>Categor\u00edas:<\/strong>\nJunior &#8211; Senior<\/p>\n\n\n\n<p><strong>Profesora a cargo:<\/strong>\nDaniela Acu\u00f1a \u2013 Ricardo Vergara<\/p>\n\n\n\n<p class=\"has-background has-cyan-bluish-gray-background-color\"><strong>F\u00fatbol Selecci\u00f3n:<\/strong><\/p>\n\n\n\n<p><strong>ENTRENAMIENTO NORMAL <\/strong><\/p>\n\n\n\n<p><strong>Lugar:<\/strong> Cancha\nEstadio Mayor<\/p>\n\n\n\n<p><strong>Horario<\/strong>: 09:00 a\n10:30 horas <\/p>\n\n\n\n<p><strong>Categor\u00edas:<\/strong> Intermedia\n\u2013 Superior<\/p>\n\n\n\n<p><strong>Profesores a Cargo:<\/strong>\nRa\u00fal briones &#8211; Edgar Vargas<\/p>\n\n\n\n<p class=\"has-background has-cyan-bluish-gray-background-color\"><strong>Gimnasia Art\u00edstica\nSelecci\u00f3n:<\/strong><\/p>\n\n\n\n<p><strong>LEGA NIVEL INICIAL <\/strong><\/p>\n\n\n\n<p><strong>Lugar:<\/strong> Colegio Hispano Americano Carmen #960 Sgto Centro.<\/p>\n\n\n\n<p><strong>Horario: <\/strong>Desde las 11:00 horas.<\/p>\n\n\n\n<p><strong>Profesores a Cargo:<\/strong> Loreto Erazo.<\/p>\n\n\n\n<p><strong>ENTRENAMIENTO NORMAL NIVELES 1 -2<\/strong>.<\/p>\n\n\n\n<p><strong>Lugar:<\/strong> Carpeta Estadio Mayor.<\/p>\n\n\n\n<p><strong>Horario: <\/strong>09:00 a 12:00 horas.<\/p>\n\n\n\n<p><strong>Profesores a Cargo:<\/strong> Millaray Albornoz. <\/p>\n\n\n\n<p class=\"has-background has-cyan-bluish-gray-background-color\"><strong>Nataci\u00f3n Selecci\u00f3n:<\/strong><\/p>\n\n\n\n<p><strong>ENTRENAMIENTO NORMAL<\/strong><\/p>\n\n\n\n<p><strong>Lugar:<\/strong> Piscina\nEstadio Mayor<\/p>\n\n\n\n<p><strong>Horario Primer Bloque:<\/strong> 09:00 a 10:20 horas.<\/p>\n\n\n\n<p><strong>Categor\u00edas:<\/strong> (3 B\u00e1sico a III\u00ba Medio).<\/p>\n\n\n\n<p>Profesores a cargo: Sim\u00f3n Fern\u00e1ndez \u2013 Mat\u00edas Jaque.<\/p>\n\n\n\n<p><strong>Horario Segundo Bloque:<\/strong> 10:30 a 12:00 horas.<\/p>\n\n\n\n<p><strong>Categor\u00edas:<\/strong> (2\u00ba a\n4\u00ba B\u00e1sico).<\/p>\n\n\n\n<p><strong>Profesores a Cargo:<\/strong> Marly Delgado.<\/p>\n\n\n\n<p class=\"has-background has-cyan-bluish-gray-background-color\"><strong>Tenis Selecci\u00f3n:<\/strong><\/p>\n\n\n\n<p><strong>TORNEO ENTRETENIS<\/strong><\/p>\n\n\n\n<p><strong>Lugar:<\/strong> Country\nClub Las Ara\u00f1as 1901, La reina<\/p>\n\n\n\n<p><strong>Categor\u00eda: <\/strong>Listado\nseleccionados para torneo<\/p>\n\n\n\n<p><strong>Profesores a Cargo:<\/strong>\nSebasti\u00e1n Mondaca \u2013 Claudio Catal\u00e1n<\/p>\n\n\n\n<p><strong>ENTRENAMIENTOS\nSUSPENDIDOS<\/strong><\/p>\n\n\n\n<p class=\"has-background has-cyan-bluish-gray-background-color\"><strong>Voleibol Femenino:<\/strong><\/p>\n\n\n\n<p><strong>TORNEO UC CMPE V\/S COLEGIO\nSAN ANSELMO<\/strong><\/p>\n\n\n\n<p><strong>Lugar:<\/strong> Colegio\nInstituto Hebreo<\/p>\n\n\n\n<p><strong>Horario:<\/strong> citaci\u00f3n\ndesde las 10:00 horas<\/p>\n\n\n\n<p>Profesores a cargo: Joaqu\u00edn M\u00e9ndez \u2013 Maximiliano Ram\u00edrez<\/p>\n\n\n\n<p><strong>PARTIDO AMISTOSO CMPE\nV\/S ESTADIO MAYOR<\/strong><\/p>\n\n\n\n<p><strong>Lugar:<\/strong> Colegio\nMayor<\/p>\n\n\n\n<p><strong>Categor\u00eda<\/strong>: Mini &#8211; infantil.<\/p>\n\n\n\n<p><strong>Horario:<\/strong> Desde las 09:00 horas.<\/p>\n\n\n\n<p>Profesores a cargo: Joaqu\u00edn M\u00e9ndez \u2013 Maximiliano Ram\u00edrez.<\/p>\n\n\n\n<p><strong>ENTRENAMIENTOS\nSUSPENDIDOS<\/strong><\/p>\n\n\n\n<p class=\"has-background has-cyan-bluish-gray-background-color\"><strong>Voleibol Masculino<\/strong>:<\/p>\n\n\n\n<p><strong>TORNEO UC CMPE V\/S\nVERBO DIVINO<\/strong><\/p>\n\n\n\n<p><strong>Lugar:<\/strong> Colegio Cordillera.<\/p>\n\n\n\n<p><strong>Horario:<\/strong> 08:10 horas.<\/p>\n\n\n\n<p><strong>Profesores a cargo:<\/strong> Pablo Beltr\u00e1n.<\/p>\n\n\n\n<p><strong>ENTRENAMIENTOS\nSUSPENDIDOS MINI INFANTIL<\/strong><\/p>\n","protected":false},"excerpt":{"rendered":"<p>Atletismo Selecci\u00f3n: ENTRENAMIENTO NORMAL Lugar: Pista atl\u00e9tica Estadio Mayor. Horario: 09:00 a 10:20 horas. Categor\u00edas: Penecas \/ Preparatoria. Horario: 10:30 a 12:00 horas. Categor\u00edas: Infantil \/ Intermedia \/ Superior. Profesores a Cargo: \u00darsula Rebolledo \u2013 Carlos Soto \u2013 Javiera Gonz\u00e1lez. GRAND PRIX UC Lugar: San&nbsp;<a href=\"https:\/\/webpe.colegiomayor.cl\/?p=31593\">&hellip;<\/a><\/p>\n","protected":false},"author":5,"featured_media":25803,"comment_status":"closed","ping_status":"closed","sticky":false,"template":"","format":"standard","meta":{"content-type":"","footnotes":""},"categories":[25],"tags":[],"class_list":["post-31593","post","type-post","status-publish","format-standard","has-post-thumbnail","hentry","category-deportes","odd"],"rttpg_featured_image_url":null,"rttpg_author":{"display_name":"Flor Parragu\u00e9z","author_link":"https:\/\/webpe.colegiomayor.cl\/?author=5"},"rttpg_comment":0,"rttpg_category":"<a href=\"https:\/\/webpe.colegiomayor.cl\/?cat=25\" rel=\"category\">DEPORTES<\/a>","rttpg_excerpt":"Atletismo Selecci\u00f3n: ENTRENAMIENTO NORMAL Lugar: Pista atl\u00e9tica Estadio Mayor. Horario: 09:00 a 10:20 horas. Categor\u00edas: Penecas \/ Preparatoria. Horario: 10:30 a 12:00 horas. Categor\u00edas: Infantil \/ Intermedia \/ Superior. Profesores a Cargo: \u00darsula Rebolledo \u2013 Carlos Soto \u2013 Javiera Gonz\u00e1lez. GRAND PRIX UC Lugar: San&nbsp;&hellip;","_links":{"self":[{"href":"https:\/\/webpe.colegiomayor.cl\/index.php?rest_route=\/wp\/v2\/posts\/31593","targetHints":{"allow":["GET"]}}],"collection":[{"href":"https:\/\/webpe.colegiomayor.cl\/index.php?rest_route=\/wp\/v2\/posts"}],"about":[{"href":"https:\/\/webpe.colegiomayor.cl\/index.php?rest_route=\/wp\/v2\/types\/post"}],"author":[{"embeddable":true,"href":"https:\/\/webpe.colegiomayor.cl\/index.php?rest_route=\/wp\/v2\/users\/5"}],"replies":[{"embeddable":true,"href":"https:\/\/webpe.colegiomayor.cl\/index.php?rest_route=%2Fwp%2Fv2%2Fcomments&post=31593"}],"version-history":[{"count":0,"href":"https:\/\/webpe.colegiomayor.cl\/index.php?rest_route=\/wp\/v2\/posts\/31593\/revisions"}],"wp:featuredmedia":[{"embeddable":true,"href":"https:\/\/webpe.colegiomayor.cl\/index.php?rest_route=\/"}],"wp:attachment":[{"href":"https:\/\/webpe.colegiomayor.cl\/index.php?rest_route=%2Fwp%2Fv2%2Fmedia&parent=31593"}],"wp:term":[{"taxonomy":"category","embeddable":true,"href":"https:\/\/webpe.colegiomayor.cl\/index.php?rest_route=%2Fwp%2Fv2%2Fcategories&post=31593"},{"taxonomy":"post_tag","embeddable":true,"href":"https:\/\/webpe.colegiomayor.cl\/index.php?rest_route=%2Fwp%2Fv2%2Ftags&post=31593"}],"curies":[{"name":"wp","href":"https:\/\/api.w.org\/{rel}","templated":true}]}}