{"id":31582,"date":"2024-05-09T14:33:34","date_gmt":"2024-05-09T14:33:34","guid":{"rendered":"https:\/\/webpe.colegiomayor.cl\/?p=31582"},"modified":"2024-05-09T14:33:34","modified_gmt":"2024-05-09T14:33:34","slug":"selecciones-deportivas-colegio-mayor-penalolen-sabado-11-mayo","status":"publish","type":"post","link":"https:\/\/webpe.colegiomayor.cl\/?p=31582","title":{"rendered":"Selecciones Deportivas, Colegio Mayor Pe\u00f1alol\u00e9n, s\u00e1bado 11 mayo"},"content":{"rendered":"\n<p class=\"has-background has-very-light-gray-background-color\"><strong>Atletismo Selecci\u00f3n:<\/strong><\/p>\n\n\n\n<p><strong>INTERESCOLAR\nPREPARATORIO DE ATLETISMO<\/strong><\/p>\n\n\n\n<p><strong>Lugar: <\/strong>Estadio Nacional.<\/p>\n\n\n\n<p><strong>Horario: <\/strong>Jornada Ma\u00f1ana (AM).<\/p>\n\n\n\n<p><strong>D\u00edas: <\/strong>Viernes 10 \u2013 S\u00e1bado 11 \u2013 Domingo 12.<\/p>\n\n\n\n<p><strong>Categor\u00eda: Preparatoria \u2013 infantil \u2013 Intermedia &#8211; Superior<\/strong>.<\/p>\n\n\n\n<p><strong>Profesores a Cargo:<\/strong> \u00darsula Rebolledo \u2013 Carlos Soto \u2013 Javiera Gonz\u00e1lez \u2013 Claudio Ulloa.<\/p>\n\n\n\n<p><strong>ENTRENAMIENTO &nbsp;SUSPENDIDO<\/strong><\/p>\n\n\n\n<p class=\"has-background has-very-light-gray-background-color\"><strong>B\u00e1squetbol<\/strong><\/p>\n\n\n\n<p><strong>TORNEO UC CMPE V\/S\nAGUSTINIANO DEL BOSQUE<\/strong><\/p>\n\n\n\n<p><strong>Lugar:<\/strong> Colegio San Juan Evangelista Las Condes.<\/p>\n\n\n\n<p><strong>Horario: <\/strong>desde las 10:45 horas.<\/p>\n\n\n\n<p><strong>Categor\u00edas:<\/strong> Intermedia\n&#8211; Superior <\/p>\n\n\n\n<p><strong>Profesora a cargo:<\/strong> Nicol\u00e1s Ortiz.<\/p>\n\n\n\n<p><strong>LIBASCOPAR CMPE V\/S\nE. INSTITUTE<\/strong><\/p>\n\n\n\n<p><strong>Lugar:<\/strong> Estadio Mayor.<\/p>\n\n\n\n<p><strong>Horario: <\/strong>desde las 09:00 horas.<\/p>\n\n\n\n<p><strong>Categor\u00edas:<\/strong> Mini \u2013 infantil.\u00a0 <\/p>\n\n\n\n<p><strong>Profesora a cargo:<\/strong> Carlos Cerecera.<\/p>\n\n\n\n<p class=\"has-background has-very-light-gray-background-color\"><strong>Cheerleaders<\/strong><\/p>\n\n\n\n<p><strong>ENTRENAMIENTO NORMAL<\/strong><\/p>\n\n\n\n<p><strong>Lugar:<\/strong> Carpeta Estadio Mayor.<\/p>\n\n\n\n<p><strong>Horario: <\/strong>desde las 09:00 horas.<\/p>\n\n\n\n<p><strong>Categor\u00edas:<\/strong> Junior &#8211; Senior.<\/p>\n\n\n\n<p><strong>Profesora a cargo:<\/strong> Ricardo Vergara.<\/p>\n\n\n\n<p class=\"has-background has-very-light-gray-background-color\"><strong>F\u00fatbol Selecci\u00f3n:<\/strong><\/p>\n\n\n\n<p><strong>ENTRENAMIENTO\nSUSPENDIDO INTERMEDIA \u2013 SUPERIOR<\/strong><\/p>\n\n\n\n<p><strong>ENTRENAMIENTO NORMAL\nMINI \u2013 INFANTIL <\/strong><\/p>\n\n\n\n<p><strong>Lugar: <\/strong>Estadio Mayor.<\/p>\n\n\n\n<p><strong>Horario: <\/strong>desde 09:00 horas.<\/p>\n\n\n\n<p><strong>Profesor a cargo:\nPablo S\u00e1nchez <\/strong><\/p>\n\n\n\n<p class=\"has-background has-very-light-gray-background-color\"><strong>Gimnasia Art\u00edstica\nSelecci\u00f3n:<\/strong><\/p>\n\n\n\n<p><strong>LEGA NIVEL 4 &#8211; 5<\/strong><\/p>\n\n\n\n<p><strong>Lugar: <\/strong>Colegio SSCC Alameda.<\/p>\n\n\n\n<p><strong>Citaci\u00f3n: <\/strong>07:45 horas.<\/p>\n\n\n\n<p><strong>Profesor a cargo: <\/strong>Loreto Erazo \u2013 Yabhet Oblitas.<\/p>\n\n\n\n<p><strong>ENTRENAMIENTO NORMAL\nNIVEL 0 -1 \u2013 2 &#8211; 3<\/strong><\/p>\n\n\n\n<p><strong>Lugar:<\/strong> Estadio Mayor.<\/p>\n\n\n\n<p><strong>Horario:<\/strong> 09:00 a 12:00 horas.<\/p>\n\n\n\n<p><strong>Categor\u00eda<\/strong>: niveles 0 &#8211; 1 \u2013 2 \u2013 3.<\/p>\n\n\n\n<p><strong>Profesores a Cargo:<\/strong> Millaray Albornoz.<\/p>\n\n\n\n<p class=\"has-background has-very-light-gray-background-color\"><strong>Nataci\u00f3n Selecci\u00f3n:<\/strong><\/p>\n\n\n\n<p>Entrenamiento Piscina<\/p>\n\n\n\n<p><strong>Lugar:<\/strong> Piscina\nEstadio Mayor<\/p>\n\n\n\n<p><strong>Horario Primer\nBloque:<\/strong> 09:00 a 10:20 horas<\/p>\n\n\n\n<p><strong>Categor\u00edas:<\/strong> (3\nB\u00e1sico a III\u00ba Medio)<\/p>\n\n\n\n<p>Profesores a cargo: Sim\u00f3n Fern\u00e1ndez \u2013 Mat\u00edas Jaque<\/p>\n\n\n\n<p><strong>Horario Segundo\nBloque:<\/strong> 10:30 a 12:00 horas<\/p>\n\n\n\n<p><strong>Categor\u00edas:<\/strong> (2\u00ba a\n4\u00ba B\u00e1sico).<\/p>\n\n\n\n<p><strong>Profesores a Cargo:<\/strong> Sim\u00f3n Fern\u00e1ndez &#8211; -Marly Delgado \u2013 Mat\u00edas Jaque.<\/p>\n\n\n\n<p class=\"has-background has-very-light-gray-background-color\"><strong>Tenis Selecci\u00f3n:<\/strong><\/p>\n\n\n\n<p>Entrenamiento Normal<\/p>\n\n\n\n<p><strong>Lugar:<\/strong> Canchas de tenis Estadio Mayor.<\/p>\n\n\n\n<p><strong>Horario Primer\nBloque:<\/strong> 09:00 a 10:20 horas<\/p>\n\n\n\n<p><strong>Categor\u00edas:<\/strong> grupo\n1<\/p>\n\n\n\n<p>Profesores a cargo: Sebasti\u00e1n Mondaca<\/p>\n\n\n\n<p><strong>Horario Segundo\nBloque:<\/strong> 10:30 a 12:00 horas<\/p>\n\n\n\n<p><strong>Categor\u00edas:<\/strong> grupo\n2<\/p>\n\n\n\n<p><strong>Profesores a Cargo:<\/strong>\nSebasti\u00e1n Mondaca<\/p>\n\n\n\n<p class=\"has-background has-very-light-gray-background-color\"><strong>Voleibol Femenino<\/strong><\/p>\n\n\n\n<p><strong>ENTRENAMIENTO NORMAL<\/strong><\/p>\n\n\n\n<p><strong>Lugar<\/strong>: Foro\nColegio Mayor<\/p>\n\n\n\n<p><strong>Horario:<\/strong> 09:00 a\n10:30 horas<\/p>\n\n\n\n<p><strong>Categor\u00eda:<\/strong> Mini<\/p>\n\n\n\n<p><strong>Horario:<\/strong> 10:30 a\n12:00 horas<\/p>\n\n\n\n<p><strong>Categor\u00eda:<\/strong>\nInfantil<\/p>\n\n\n\n<p>Profesor a cargo: Joaqu\u00edn M\u00e9ndez \u2013 Maximiliano Ram\u00edrez <\/p>\n\n\n\n<p class=\"has-background has-very-light-gray-background-color\"><strong>Voleibol Masculino<\/strong><\/p>\n\n\n\n<p><strong>TORNEO UC CMPE V\/S ST\nMORUS<\/strong><\/p>\n\n\n\n<p><strong>Lugar:<\/strong> Avenida Presidente Errazuriz 4055, Las Condes.<\/p>\n\n\n\n<p><strong>Horario:<\/strong> 10:00 horas.<\/p>\n\n\n\n<p><strong>Profesores a cargo<\/strong>: Valent\u00edn Tamayo. <\/p>\n\n\n\n<p><strong>MASIVO AMISTOSO PRE\nMINI<\/strong><\/p>\n\n\n\n<p><strong>Lugar:<\/strong> Instituto Hebreo.<\/p>\n\n\n\n<p><strong>Horario:<\/strong> 09:00 horas.<\/p>\n\n\n\n<p><strong>Categor\u00eda<\/strong>: 1\u00ba &#8211; 2\u00ba &#8211; 3 \u2013 4\u00ba b\u00e1sicos. <\/p>\n\n\n\n<p><strong>ENTRENAMIENTO\nSUSPENDIDO MINI<\/strong><\/p>\n\n\n\n<p><strong>Profesores a cargo:<\/strong> Pablo Beltr\u00e1n.<\/p>\n","protected":false},"excerpt":{"rendered":"<p>Atletismo Selecci\u00f3n: INTERESCOLAR PREPARATORIO DE ATLETISMO Lugar: Estadio Nacional. Horario: Jornada Ma\u00f1ana (AM). D\u00edas: Viernes 10 \u2013 S\u00e1bado 11 \u2013 Domingo 12. Categor\u00eda: Preparatoria \u2013 infantil \u2013 Intermedia &#8211; Superior. Profesores a Cargo: \u00darsula Rebolledo \u2013 Carlos Soto \u2013 Javiera Gonz\u00e1lez \u2013 Claudio Ulloa. ENTRENAMIENTO&nbsp;<a href=\"https:\/\/webpe.colegiomayor.cl\/?p=31582\">&hellip;<\/a><\/p>\n","protected":false},"author":5,"featured_media":25929,"comment_status":"closed","ping_status":"closed","sticky":false,"template":"","format":"standard","meta":{"content-type":"","footnotes":""},"categories":[25],"tags":[],"class_list":["post-31582","post","type-post","status-publish","format-standard","has-post-thumbnail","hentry","category-deportes","odd"],"rttpg_featured_image_url":null,"rttpg_author":{"display_name":"Flor Parragu\u00e9z","author_link":"https:\/\/webpe.colegiomayor.cl\/?author=5"},"rttpg_comment":0,"rttpg_category":"<a href=\"https:\/\/webpe.colegiomayor.cl\/?cat=25\" rel=\"category\">DEPORTES<\/a>","rttpg_excerpt":"Atletismo Selecci\u00f3n: INTERESCOLAR PREPARATORIO DE ATLETISMO Lugar: Estadio Nacional. Horario: Jornada Ma\u00f1ana (AM). D\u00edas: Viernes 10 \u2013 S\u00e1bado 11 \u2013 Domingo 12. Categor\u00eda: Preparatoria \u2013 infantil \u2013 Intermedia &#8211; Superior. Profesores a Cargo: \u00darsula Rebolledo \u2013 Carlos Soto \u2013 Javiera Gonz\u00e1lez \u2013 Claudio Ulloa. ENTRENAMIENTO&nbsp;&hellip;","_links":{"self":[{"href":"https:\/\/webpe.colegiomayor.cl\/index.php?rest_route=\/wp\/v2\/posts\/31582","targetHints":{"allow":["GET"]}}],"collection":[{"href":"https:\/\/webpe.colegiomayor.cl\/index.php?rest_route=\/wp\/v2\/posts"}],"about":[{"href":"https:\/\/webpe.colegiomayor.cl\/index.php?rest_route=\/wp\/v2\/types\/post"}],"author":[{"embeddable":true,"href":"https:\/\/webpe.colegiomayor.cl\/index.php?rest_route=\/wp\/v2\/users\/5"}],"replies":[{"embeddable":true,"href":"https:\/\/webpe.colegiomayor.cl\/index.php?rest_route=%2Fwp%2Fv2%2Fcomments&post=31582"}],"version-history":[{"count":0,"href":"https:\/\/webpe.colegiomayor.cl\/index.php?rest_route=\/wp\/v2\/posts\/31582\/revisions"}],"wp:featuredmedia":[{"embeddable":true,"href":"https:\/\/webpe.colegiomayor.cl\/index.php?rest_route=\/"}],"wp:attachment":[{"href":"https:\/\/webpe.colegiomayor.cl\/index.php?rest_route=%2Fwp%2Fv2%2Fmedia&parent=31582"}],"wp:term":[{"taxonomy":"category","embeddable":true,"href":"https:\/\/webpe.colegiomayor.cl\/index.php?rest_route=%2Fwp%2Fv2%2Fcategories&post=31582"},{"taxonomy":"post_tag","embeddable":true,"href":"https:\/\/webpe.colegiomayor.cl\/index.php?rest_route=%2Fwp%2Fv2%2Ftags&post=31582"}],"curies":[{"name":"wp","href":"https:\/\/api.w.org\/{rel}","templated":true}]}}