{"id":31568,"date":"2024-05-10T19:43:46","date_gmt":"2024-05-10T19:43:46","guid":{"rendered":"https:\/\/webpe.colegiomayor.cl\/?p=31568"},"modified":"2024-05-10T19:43:46","modified_gmt":"2024-05-10T19:43:46","slug":"semana-de-la-convivencia-escolar-2024","status":"publish","type":"post","link":"https:\/\/webpe.colegiomayor.cl\/?p=31568","title":{"rendered":"Semana de la Convivencia Escolar 2024"},"content":{"rendered":"\n<p class=\"has-background has-very-light-gray-background-color\"><strong><em>Durante el 22 al 26 de\nabril, se llev\u00f3 a cabo una serie de actividades por la Semana de Convivencia\ncon el objetivo de generar espacios para la promoci\u00f3n de una sana convivencia\nen toda la comunidad escolar.<\/em><\/strong><\/p>\n\n\n\n<figure class=\"wp-block-image size-large\"><img decoding=\"async\" src=\"https:\/\/webpe.colegiomayor.cl\/wp-content\/uploads\/2-3.png\" alt=\"\" class=\"wp-image-31570\"\/><\/figure>\n\n\n\n<p>La celebraci\u00f3n de la semana de la convivencia se gesta con el objetivo de generar un espacio de reflexi\u00f3n en torno a la importancia de establecer y mantener una sana convivencia entre ni\u00f1os, ni\u00f1as, adolescentes y familias.<\/p>\n\n\n\n<p><strong><em>\u201c<\/em><\/strong><strong><em>Celebramos la semana de la Sana Convivencia Escolar\ncon distintas actividades llevadas a cabo en las horas de ruta de aprendizaje,\ny recordamos junto a nuestros estudiantes\/as la importancia de desenvolvernos\nen un entorno armonioso que potencie el aprendizaje y el bienestar de toda la comunidad.\nLos invitamos a continuar trabajando juntos en promover valores como el\nrespeto, la empat\u00eda, la inclusi\u00f3n y el no uso de violencia en la resoluci\u00f3n de\nconflictos para cultivar un ambiente escolar enriquecedor. Juntos formamos\ncomunidad&#8221;<\/em><\/strong>, indic\u00f3 la Encargada de Convivencia de\n1\u00ba a 6\u00ba B\u00e1sico, Natalia C\u00e1ceres.<\/p>\n\n\n\n<p class=\"has-background has-cyan-bluish-gray-background-color\"><strong>Esta semana contempl\u00f3 tres actividades para la Ruta de Aprendizaje:<\/strong><\/p>\n\n\n\n<figure class=\"wp-block-image size-large\"><img decoding=\"async\" src=\"https:\/\/webpe.colegiomayor.cl\/wp-content\/uploads\/5-1.png\" alt=\"\" class=\"wp-image-31574\"\/><\/figure>\n\n\n\n<p class=\"has-background has-cyan-bluish-gray-background-color\"><strong>D\u00eda 1: Ruta del Aprendizaje. Video y reflexi\u00f3n.<\/strong><\/p>\n\n\n\n<p>La\nSemana de la Convivencia comenz\u00f3 con una actividad de reflexi\u00f3n del profesor\ntutor con sus estudiantes, la que estuvo apoyado por un video. Instancia en la\nque se trabajaron en base a tres preguntas recogiendo la opini\u00f3n de los\nestudiantes.<\/p>\n\n\n\n<p class=\"has-background has-cyan-bluish-gray-background-color\"><strong>1\u00b0 ciclo:<\/strong><\/p>\n\n\n\n<p class=\"has-background has-very-light-gray-background-color\">\u00bfPor qu\u00e9\nes importante tener una buena convivencia en el curso?<\/p>\n\n\n\n<p class=\"has-background has-very-light-gray-background-color\">\u00bfQu\u00e9\nhabr\u00e1 sentido el personaje 1 2 y 3?<\/p>\n\n\n\n<p class=\"has-background has-very-light-gray-background-color\">\u00bfDe qu\u00e9\notra manera se podr\u00eda haber resuelto el conflicto?<\/p>\n\n\n\n<p class=\"has-background has-cyan-bluish-gray-background-color\"><strong>2\u00b0 y 3\u00b0 ciclo:<\/strong><\/p>\n\n\n\n<p class=\"has-background has-very-light-gray-background-color\">\u00bfPor qu\u00e9\nes importante tener una buena convivencia en el curso?<\/p>\n\n\n\n<p class=\"has-background has-very-light-gray-background-color\">\u00bfQu\u00e9\nsiento yo cuando hay dificultades o conflictos de convivencia que no se resuelven\nadecuadamente?<\/p>\n\n\n\n<p class=\"has-background has-very-light-gray-background-color\">\u00bfDe qu\u00e9\nmanera impacta en mi aprendizaje que el curso no tenga una buena convivencia?<\/p>\n\n\n\n<p class=\"has-background has-very-light-gray-background-color\">\u00bfC\u00f3mo se\nsiente mi compa\u00f1ero cuando yo no colaboro comuna adecuada convivencia?<\/p>\n\n\n\n<p class=\"has-background has-cyan-bluish-gray-background-color\"><strong>D\u00eda 2: Ruta del Aprendizaje. Juego colaborativo.<\/strong><\/p>\n\n\n\n<p>Se\ninicia el d\u00eda con un juego en base al que posteriormente se reflexiona.<\/p>\n\n\n\n<p>Para\nfinalizar la actividad, el profesor realiz\u00f3 un cierre significativo trabajando\ncon las siguientes preguntas:<\/p>\n\n\n\n<p class=\"has-background has-very-light-gray-background-color\">\u00bfQu\u00e9\naprendimos con el juego?<\/p>\n\n\n\n<p class=\"has-background has-very-light-gray-background-color\">\u00bfCu\u00e1l\nfue la importancia de cada integrante del grupo en logar el objetivo?<\/p>\n\n\n\n<p class=\"has-background has-very-light-gray-background-color\">\u00bfQu\u00e9\npodr\u00edamos haber hecho diferente para que el dibujo haya quedado mejor?<\/p>\n\n\n\n<p class=\"has-background has-very-light-gray-background-color\">\u00bfEn qu\u00e9\nse parece este juego en las din\u00e1micas de convivencia que se dan en el colegio?<\/p>\n\n\n\n<p class=\"has-background has-cyan-bluish-gray-background-color\"><strong>D\u00eda 3: Ruta del Aprendizaje.&nbsp; <\/strong><strong>MiMayor compromiso y mural de la convivencia<\/strong><\/p>\n\n\n\n<p>Para cerrar la semana, cada estudiante realiz\u00f3 un compromiso sobre la buena convivencia. <strong>\u201cMi Mayor compromiso para la convivencia es: __________________\u201d.&nbsp;<\/strong> El cual fue compartido a sus compa\u00f1eros y compartido en un mural que fue expuesto en la ventana de cada sala de clases.<\/p>\n\n\n\n<p>Finamente, es importante mencionar que como colegio promovemos que los integrantes de la Comunidad Escolar sean emocionalmente consientes, aut\u00f3nomos, honestos y responsables e interact\u00faen en una convivencia nutritiva, ecu\u00e1nime y sana.<\/p>\n\n\n\n<figure class=\"wp-block-image size-large\"><img decoding=\"async\" src=\"https:\/\/webpe.colegiomayor.cl\/wp-content\/uploads\/1-8-817x1024.png\" alt=\"\" class=\"wp-image-31569\"\/><\/figure>\n","protected":false},"excerpt":{"rendered":"<p>Durante el 22 al 26 de abril, se llev\u00f3 a cabo una serie de actividades por la Semana de Convivencia con el objetivo de generar espacios para la promoci\u00f3n de una sana convivencia en toda la comunidad escolar. La celebraci\u00f3n de la semana de la&nbsp;<a href=\"https:\/\/webpe.colegiomayor.cl\/?p=31568\">&hellip;<\/a><\/p>\n","protected":false},"author":5,"featured_media":31571,"comment_status":"closed","ping_status":"closed","sticky":false,"template":"","format":"standard","meta":{"content-type":"","footnotes":""},"categories":[23],"tags":[],"class_list":["post-31568","post","type-post","status-publish","format-standard","has-post-thumbnail","hentry","category-actualidad","odd"],"rttpg_featured_image_url":null,"rttpg_author":{"display_name":"Flor Parragu\u00e9z","author_link":"https:\/\/webpe.colegiomayor.cl\/?author=5"},"rttpg_comment":0,"rttpg_category":"<a href=\"https:\/\/webpe.colegiomayor.cl\/?cat=23\" rel=\"category\">COLEGIO<\/a>","rttpg_excerpt":"Durante el 22 al 26 de abril, se llev\u00f3 a cabo una serie de actividades por la Semana de Convivencia con el objetivo de generar espacios para la promoci\u00f3n de una sana convivencia en toda la comunidad escolar. La celebraci\u00f3n de la semana de la&nbsp;&hellip;","_links":{"self":[{"href":"https:\/\/webpe.colegiomayor.cl\/index.php?rest_route=\/wp\/v2\/posts\/31568","targetHints":{"allow":["GET"]}}],"collection":[{"href":"https:\/\/webpe.colegiomayor.cl\/index.php?rest_route=\/wp\/v2\/posts"}],"about":[{"href":"https:\/\/webpe.colegiomayor.cl\/index.php?rest_route=\/wp\/v2\/types\/post"}],"author":[{"embeddable":true,"href":"https:\/\/webpe.colegiomayor.cl\/index.php?rest_route=\/wp\/v2\/users\/5"}],"replies":[{"embeddable":true,"href":"https:\/\/webpe.colegiomayor.cl\/index.php?rest_route=%2Fwp%2Fv2%2Fcomments&post=31568"}],"version-history":[{"count":0,"href":"https:\/\/webpe.colegiomayor.cl\/index.php?rest_route=\/wp\/v2\/posts\/31568\/revisions"}],"wp:featuredmedia":[{"embeddable":true,"href":"https:\/\/webpe.colegiomayor.cl\/index.php?rest_route=\/"}],"wp:attachment":[{"href":"https:\/\/webpe.colegiomayor.cl\/index.php?rest_route=%2Fwp%2Fv2%2Fmedia&parent=31568"}],"wp:term":[{"taxonomy":"category","embeddable":true,"href":"https:\/\/webpe.colegiomayor.cl\/index.php?rest_route=%2Fwp%2Fv2%2Fcategories&post=31568"},{"taxonomy":"post_tag","embeddable":true,"href":"https:\/\/webpe.colegiomayor.cl\/index.php?rest_route=%2Fwp%2Fv2%2Ftags&post=31568"}],"curies":[{"name":"wp","href":"https:\/\/api.w.org\/{rel}","templated":true}]}}