{"id":31564,"date":"2024-05-10T19:30:32","date_gmt":"2024-05-10T19:30:32","guid":{"rendered":"https:\/\/webpe.colegiomayor.cl\/?p=31564"},"modified":"2024-05-10T19:30:32","modified_gmt":"2024-05-10T19:30:32","slug":"docentes-fueron-capacitados-en-reglamento-interno-de-convivencia-escolar-rice","status":"publish","type":"post","link":"https:\/\/webpe.colegiomayor.cl\/?p=31564","title":{"rendered":"Docentes fueron capacitados en Reglamento Interno de Convivencia Escolar (RICE)"},"content":{"rendered":"\n<figure class=\"wp-block-image size-large\"><img decoding=\"async\" src=\"https:\/\/webpe.colegiomayor.cl\/wp-content\/uploads\/IMG_6702.jpg\" alt=\"\" class=\"wp-image-31565\"\/><\/figure>\n\n\n\n<p class=\"has-background has-very-light-gray-background-color\">Un\ntotal de 60 profesores y asistentes de la educaci\u00f3n de 3\u00b0 B\u00e1sico a IV\u00b0 Medio,\nparticiparon en la capacitaci\u00f3n\/taller sobre <strong><em>&#8220;Apropiaci\u00f3n de nuestro Reglamento Interno de Convivencia\nEscolar y sus protocolos de actuaci\u00f3n&#8221;<\/em><\/strong>.<\/p>\n\n\n\n<p>La capacitaci\u00f3n tuvo especial \u00e9nfasis en la prevenci\u00f3n\u00a0de situaciones de violencia que pueden ocurrir\u00a0entre distintos\u00a0miembros de nuestra comunidad educativa y muy especialmente entre estudiantes.<\/p>\n\n\n\n<figure class=\"wp-block-gallery columns-1 is-cropped wp-block-gallery-1 is-layout-flex wp-block-gallery-is-layout-flex\"><ul class=\"blocks-gallery-grid\"><li class=\"blocks-gallery-item\"><figure><img decoding=\"async\" src=\"https:\/\/webpe.colegiomayor.cl\/wp-content\/uploads\/IMG_6697.jpg\" alt=\"\" data-id=\"31566\" data-full-url=\"https:\/\/webpe.colegiomayor.cl\/wp-content\/uploads\/IMG_6697.jpg\" data-link=\"https:\/\/webpe.colegiomayor.cl\/?attachment_id=31566\" class=\"wp-image-31566\"\/><\/figure><\/li><\/ul><\/figure>\n\n\n\n<p>El\ntaller estuvo a cargo de la Abogada&nbsp;Manuela&nbsp;P\u00e9rez Vargas,\nespecialista en gesti\u00f3n de la normativa educacional. En dicho espacio, los\nequipos docentes y directivos pudieron compartir sus reflexiones, experiencias\ny propuestas de manera participativa frente a tan relevante tem\u00e1tica.<\/p>\n","protected":false},"excerpt":{"rendered":"<p>Un total de 60 profesores y asistentes de la educaci\u00f3n de 3\u00b0 B\u00e1sico a IV\u00b0 Medio, participaron en la capacitaci\u00f3n\/taller sobre &#8220;Apropiaci\u00f3n de nuestro Reglamento Interno de Convivencia Escolar y sus protocolos de actuaci\u00f3n&#8221;. La capacitaci\u00f3n tuvo especial \u00e9nfasis en la prevenci\u00f3n\u00a0de situaciones de violencia&nbsp;<a href=\"https:\/\/webpe.colegiomayor.cl\/?p=31564\">&hellip;<\/a><\/p>\n","protected":false},"author":5,"featured_media":31565,"comment_status":"closed","ping_status":"closed","sticky":false,"template":"","format":"standard","meta":{"content-type":"","footnotes":""},"categories":[24],"tags":[],"class_list":["post-31564","post","type-post","status-publish","format-standard","has-post-thumbnail","hentry","category-comunicaciones","odd"],"rttpg_featured_image_url":null,"rttpg_author":{"display_name":"Flor Parragu\u00e9z","author_link":"https:\/\/webpe.colegiomayor.cl\/?author=5"},"rttpg_comment":0,"rttpg_category":"<a href=\"https:\/\/webpe.colegiomayor.cl\/?cat=24\" rel=\"category\">COMUNICACIONES<\/a>","rttpg_excerpt":"Un total de 60 profesores y asistentes de la educaci\u00f3n de 3\u00b0 B\u00e1sico a IV\u00b0 Medio, participaron en la capacitaci\u00f3n\/taller sobre &#8220;Apropiaci\u00f3n de nuestro Reglamento Interno de Convivencia Escolar y sus protocolos de actuaci\u00f3n&#8221;. La capacitaci\u00f3n tuvo especial \u00e9nfasis en la prevenci\u00f3n\u00a0de situaciones de violencia&nbsp;&hellip;","_links":{"self":[{"href":"https:\/\/webpe.colegiomayor.cl\/index.php?rest_route=\/wp\/v2\/posts\/31564","targetHints":{"allow":["GET"]}}],"collection":[{"href":"https:\/\/webpe.colegiomayor.cl\/index.php?rest_route=\/wp\/v2\/posts"}],"about":[{"href":"https:\/\/webpe.colegiomayor.cl\/index.php?rest_route=\/wp\/v2\/types\/post"}],"author":[{"embeddable":true,"href":"https:\/\/webpe.colegiomayor.cl\/index.php?rest_route=\/wp\/v2\/users\/5"}],"replies":[{"embeddable":true,"href":"https:\/\/webpe.colegiomayor.cl\/index.php?rest_route=%2Fwp%2Fv2%2Fcomments&post=31564"}],"version-history":[{"count":0,"href":"https:\/\/webpe.colegiomayor.cl\/index.php?rest_route=\/wp\/v2\/posts\/31564\/revisions"}],"wp:featuredmedia":[{"embeddable":true,"href":"https:\/\/webpe.colegiomayor.cl\/index.php?rest_route=\/"}],"wp:attachment":[{"href":"https:\/\/webpe.colegiomayor.cl\/index.php?rest_route=%2Fwp%2Fv2%2Fmedia&parent=31564"}],"wp:term":[{"taxonomy":"category","embeddable":true,"href":"https:\/\/webpe.colegiomayor.cl\/index.php?rest_route=%2Fwp%2Fv2%2Fcategories&post=31564"},{"taxonomy":"post_tag","embeddable":true,"href":"https:\/\/webpe.colegiomayor.cl\/index.php?rest_route=%2Fwp%2Fv2%2Ftags&post=31564"}],"curies":[{"name":"wp","href":"https:\/\/api.w.org\/{rel}","templated":true}]}}