{"id":31550,"date":"2024-05-09T15:10:54","date_gmt":"2024-05-09T15:10:54","guid":{"rendered":"https:\/\/webpe.colegiomayor.cl\/?p=31550"},"modified":"2024-05-09T15:10:54","modified_gmt":"2024-05-09T15:10:54","slug":"celebracion-de-primera-comunion-2024","status":"publish","type":"post","link":"https:\/\/webpe.colegiomayor.cl\/?p=31550","title":{"rendered":"Celebraci\u00f3n de Primera Comuni\u00f3n 2024"},"content":{"rendered":"\n<p class=\"has-background has-text-align-center has-very-light-gray-background-color\"><strong><em>El d\u00eda s\u00e1bado 13 de abril en la Parroquia San Alberto Hurtado de Pe\u00f1alol\u00e9n se llev\u00f3 a cabo la ceremonia de Primera Comuni\u00f3n, instancia en la 39 de nuestros estudiantes recibieron por primera vez el Sacramento de la Eucarist\u00eda.<\/em><\/strong><\/p>\n\n\n\n<figure class=\"wp-block-image size-large\"><img decoding=\"async\" src=\"https:\/\/webpe.colegiomayor.cl\/wp-content\/uploads\/Primera-comunion-2024-1024x731.jpg\" alt=\"\" class=\"wp-image-31578\"\/><\/figure>\n\n\n\n<p>En\nla ceremonia religiosa los estudiantes participaron con entusiasmo y emoci\u00f3n\nhasta llegar al momento de la comuni\u00f3n que recibieron de manos del Sacerdote\nRicardo Bachiller, luego de una larga preparaci\u00f3n durante un a\u00f1o junto a sus\npadres y guiados en el proceso de preparaci\u00f3n por la profesora de Formaci\u00f3n\nVal\u00f3rica Iris Canales y las catequistas Sarita Moreno, Yuliana Ortiz, Liliana\nForero y Yenny Gacit\u00faa.<\/p>\n\n\n\n<p>La\nprofesora, Iris Canales nos se\u00f1al\u00f3 respecto a esta ceremonia <strong><em>\u201cLo m\u00e1s lindo fue\nver el entusiasmo y alegr\u00edas tanto de los ni\u00f1os y ni\u00f1as como de las familias de\nhaber cumplido con su misi\u00f3n sagrada en la participaci\u00f3n muy activa en todo el\nproceso y en especial durante la comuni\u00f3n\u201d.<\/em><\/strong><\/p>\n\n\n\n<p class=\"has-background has-very-light-gray-background-color\"><strong><em>\u00a1Felicidades por haber\nrecibido a Jes\u00fas en tu coraz\u00f3n!&#8221;<\/em><\/strong><\/p>\n","protected":false},"excerpt":{"rendered":"<p>El d\u00eda s\u00e1bado 13 de abril en la Parroquia San Alberto Hurtado de Pe\u00f1alol\u00e9n se llev\u00f3 a cabo la ceremonia de Primera Comuni\u00f3n, instancia en la 39 de nuestros estudiantes recibieron por primera vez el Sacramento de la Eucarist\u00eda. En la ceremonia religiosa los estudiantes&nbsp;<a href=\"https:\/\/webpe.colegiomayor.cl\/?p=31550\">&hellip;<\/a><\/p>\n","protected":false},"author":5,"featured_media":31578,"comment_status":"closed","ping_status":"closed","sticky":false,"template":"","format":"standard","meta":{"content-type":"","footnotes":""},"categories":[23,22],"tags":[],"class_list":["post-31550","post","type-post","status-publish","format-standard","has-post-thumbnail","hentry","category-actualidad","category-convivencia","odd"],"rttpg_featured_image_url":null,"rttpg_author":{"display_name":"Flor Parragu\u00e9z","author_link":"https:\/\/webpe.colegiomayor.cl\/?author=5"},"rttpg_comment":0,"rttpg_category":"<a href=\"https:\/\/webpe.colegiomayor.cl\/?cat=23\" rel=\"category\">COLEGIO<\/a> <a href=\"https:\/\/webpe.colegiomayor.cl\/?cat=22\" rel=\"category\">NEWS EL ENCUENTRO<\/a>","rttpg_excerpt":"El d\u00eda s\u00e1bado 13 de abril en la Parroquia San Alberto Hurtado de Pe\u00f1alol\u00e9n se llev\u00f3 a cabo la ceremonia de Primera Comuni\u00f3n, instancia en la 39 de nuestros estudiantes recibieron por primera vez el Sacramento de la Eucarist\u00eda. En la ceremonia religiosa los estudiantes&nbsp;&hellip;","_links":{"self":[{"href":"https:\/\/webpe.colegiomayor.cl\/index.php?rest_route=\/wp\/v2\/posts\/31550","targetHints":{"allow":["GET"]}}],"collection":[{"href":"https:\/\/webpe.colegiomayor.cl\/index.php?rest_route=\/wp\/v2\/posts"}],"about":[{"href":"https:\/\/webpe.colegiomayor.cl\/index.php?rest_route=\/wp\/v2\/types\/post"}],"author":[{"embeddable":true,"href":"https:\/\/webpe.colegiomayor.cl\/index.php?rest_route=\/wp\/v2\/users\/5"}],"replies":[{"embeddable":true,"href":"https:\/\/webpe.colegiomayor.cl\/index.php?rest_route=%2Fwp%2Fv2%2Fcomments&post=31550"}],"version-history":[{"count":0,"href":"https:\/\/webpe.colegiomayor.cl\/index.php?rest_route=\/wp\/v2\/posts\/31550\/revisions"}],"wp:featuredmedia":[{"embeddable":true,"href":"https:\/\/webpe.colegiomayor.cl\/index.php?rest_route=\/"}],"wp:attachment":[{"href":"https:\/\/webpe.colegiomayor.cl\/index.php?rest_route=%2Fwp%2Fv2%2Fmedia&parent=31550"}],"wp:term":[{"taxonomy":"category","embeddable":true,"href":"https:\/\/webpe.colegiomayor.cl\/index.php?rest_route=%2Fwp%2Fv2%2Fcategories&post=31550"},{"taxonomy":"post_tag","embeddable":true,"href":"https:\/\/webpe.colegiomayor.cl\/index.php?rest_route=%2Fwp%2Fv2%2Ftags&post=31550"}],"curies":[{"name":"wp","href":"https:\/\/api.w.org\/{rel}","templated":true}]}}