{"id":31540,"date":"2024-05-07T20:35:09","date_gmt":"2024-05-07T20:35:09","guid":{"rendered":"https:\/\/webpe.colegiomayor.cl\/?p=31540"},"modified":"2024-05-07T20:35:09","modified_gmt":"2024-05-07T20:35:09","slug":"suspension-actividades-extra-programaticas","status":"publish","type":"post","link":"https:\/\/webpe.colegiomayor.cl\/?p=31540","title":{"rendered":"9 y 10 de mayo: Suspensi\u00f3n actividades extra program\u00e1ticas"},"content":{"rendered":"\n<figure class=\"wp-block-gallery columns-1 is-cropped wp-block-gallery-1 is-layout-flex wp-block-gallery-is-layout-flex\"><ul class=\"blocks-gallery-grid\"><li class=\"blocks-gallery-item\"><figure><img decoding=\"async\" src=\"https:\/\/webpe.colegiomayor.cl\/wp-content\/uploads\/dest_deportes_01-1024x589.jpg\" alt=\"\" data-id=\"25929\" data-full-url=\"https:\/\/webpe.colegiomayor.cl\/wp-content\/uploads\/dest_deportes_01.jpg\" data-link=\"https:\/\/webpe.colegiomayor.cl\/?attachment_id=25929\" class=\"wp-image-25929\"\/><\/figure><\/li><\/ul><\/figure>\n\n\n\n<p>Estimados Apoderados:<\/p>\n\n\n\n<p>Junto con saludar y esperar que se\nencuentren bien, el motivo de este comunicado es recordar que este jueves 09 y\nviernes 10 de mayo las actividades extra program\u00e1ticas, estar\u00e1n suspendidas por\nactividad del colegio. (Jornada de Reflexi\u00f3n Pedag\u00f3gica y D\u00eda del Estudiante).<\/p>\n\n\n\n<p>Saludos cordiales,<\/p>\n\n\n\n<p>Atento a sus comentarios,<\/p>\n\n\n\n<p><strong>Felipe Ram\u00edrez Pe\u00f1a<\/strong><\/p>\n\n\n\n<p><strong>Coordinador Escuelas y Selecciones Deportivas CMPE<\/strong><\/p>\n","protected":false},"excerpt":{"rendered":"<p>Estimados Apoderados: Junto con saludar y esperar que se encuentren bien, el motivo de este comunicado es recordar que este jueves 09 y viernes 10 de mayo las actividades extra program\u00e1ticas, estar\u00e1n suspendidas por actividad del colegio. (Jornada de Reflexi\u00f3n Pedag\u00f3gica y D\u00eda del Estudiante).&nbsp;<a href=\"https:\/\/webpe.colegiomayor.cl\/?p=31540\">&hellip;<\/a><\/p>\n","protected":false},"author":5,"featured_media":25929,"comment_status":"closed","ping_status":"closed","sticky":false,"template":"","format":"standard","meta":{"content-type":"","footnotes":""},"categories":[25],"tags":[],"class_list":["post-31540","post","type-post","status-publish","format-standard","has-post-thumbnail","hentry","category-deportes","odd"],"rttpg_featured_image_url":null,"rttpg_author":{"display_name":"Flor Parragu\u00e9z","author_link":"https:\/\/webpe.colegiomayor.cl\/?author=5"},"rttpg_comment":0,"rttpg_category":"<a href=\"https:\/\/webpe.colegiomayor.cl\/?cat=25\" rel=\"category\">DEPORTES<\/a>","rttpg_excerpt":"Estimados Apoderados: Junto con saludar y esperar que se encuentren bien, el motivo de este comunicado es recordar que este jueves 09 y viernes 10 de mayo las actividades extra program\u00e1ticas, estar\u00e1n suspendidas por actividad del colegio. (Jornada de Reflexi\u00f3n Pedag\u00f3gica y D\u00eda del Estudiante).&nbsp;&hellip;","_links":{"self":[{"href":"https:\/\/webpe.colegiomayor.cl\/index.php?rest_route=\/wp\/v2\/posts\/31540","targetHints":{"allow":["GET"]}}],"collection":[{"href":"https:\/\/webpe.colegiomayor.cl\/index.php?rest_route=\/wp\/v2\/posts"}],"about":[{"href":"https:\/\/webpe.colegiomayor.cl\/index.php?rest_route=\/wp\/v2\/types\/post"}],"author":[{"embeddable":true,"href":"https:\/\/webpe.colegiomayor.cl\/index.php?rest_route=\/wp\/v2\/users\/5"}],"replies":[{"embeddable":true,"href":"https:\/\/webpe.colegiomayor.cl\/index.php?rest_route=%2Fwp%2Fv2%2Fcomments&post=31540"}],"version-history":[{"count":0,"href":"https:\/\/webpe.colegiomayor.cl\/index.php?rest_route=\/wp\/v2\/posts\/31540\/revisions"}],"wp:featuredmedia":[{"embeddable":true,"href":"https:\/\/webpe.colegiomayor.cl\/index.php?rest_route=\/"}],"wp:attachment":[{"href":"https:\/\/webpe.colegiomayor.cl\/index.php?rest_route=%2Fwp%2Fv2%2Fmedia&parent=31540"}],"wp:term":[{"taxonomy":"category","embeddable":true,"href":"https:\/\/webpe.colegiomayor.cl\/index.php?rest_route=%2Fwp%2Fv2%2Fcategories&post=31540"},{"taxonomy":"post_tag","embeddable":true,"href":"https:\/\/webpe.colegiomayor.cl\/index.php?rest_route=%2Fwp%2Fv2%2Ftags&post=31540"}],"curies":[{"name":"wp","href":"https:\/\/api.w.org\/{rel}","templated":true}]}}