{"id":31517,"date":"2024-04-19T21:34:00","date_gmt":"2024-04-19T21:34:00","guid":{"rendered":"https:\/\/webpe.colegiomayor.cl\/?p=31517"},"modified":"2024-04-19T21:34:00","modified_gmt":"2024-04-19T21:34:00","slug":"dia-mundial-de-la-actividad-fisica-2","status":"publish","type":"post","link":"https:\/\/webpe.colegiomayor.cl\/?p=31517","title":{"rendered":"D\u00eda Mundial de la Actividad F\u00edsica"},"content":{"rendered":"\n<p class=\"has-background has-cyan-bluish-gray-background-color\"><em><strong>El pasado 5 de abril celebramos el\u00a0D\u00eda Mundial de la Actividad F\u00edsica,\u00a0con el objetivo principal de sensibilizar a nuestros estudiantes sobre la importancia de practicar actividad f\u00edsica\u00a0de manera regular y sistem\u00e1tica para mejorar la salud y adquirir buenos h\u00e1bitos de vida.<\/strong><\/em><\/p>\n\n\n\n<figure class=\"wp-block-gallery columns-1 is-cropped wp-block-gallery-1 is-layout-flex wp-block-gallery-is-layout-flex\"><ul class=\"blocks-gallery-grid\"><li class=\"blocks-gallery-item\"><figure><img decoding=\"async\" src=\"https:\/\/webpe.colegiomayor.cl\/wp-content\/uploads\/WhatsApp-Image-2024-04-05-at-13.26.30-1024x768.jpeg\" alt=\"\" data-id=\"31521\" data-full-url=\"https:\/\/webpe.colegiomayor.cl\/wp-content\/uploads\/WhatsApp-Image-2024-04-05-at-13.26.30.jpeg\" data-link=\"https:\/\/webpe.colegiomayor.cl\/?attachment_id=31521\" class=\"wp-image-31521\"\/><\/figure><\/li><\/ul><\/figure>\n\n\n\n<p>&nbsp;El departamento de Ed. F\u00edsica, realiz\u00f3 una serie de actividades iniciadas con una activaci\u00f3n a primera hora con un baile zumba y una rica alimentaci\u00f3n saludable, aporte de nuestro querido Centro de Apoderados y Casino Saludable.<\/p>\n\n\n\n<figure class=\"wp-block-gallery columns-2 is-cropped wp-block-gallery-2 is-layout-flex wp-block-gallery-is-layout-flex\"><ul class=\"blocks-gallery-grid\"><li class=\"blocks-gallery-item\"><figure><img decoding=\"async\" src=\"https:\/\/webpe.colegiomayor.cl\/wp-content\/uploads\/WhatsApp-Image-2024-04-05-at-13.26.29-1024x768.jpeg\" alt=\"\" data-id=\"31519\" data-full-url=\"https:\/\/webpe.colegiomayor.cl\/wp-content\/uploads\/WhatsApp-Image-2024-04-05-at-13.26.29.jpeg\" data-link=\"https:\/\/webpe.colegiomayor.cl\/?attachment_id=31519\" class=\"wp-image-31519\"\/><\/figure><\/li><li class=\"blocks-gallery-item\"><figure><img decoding=\"async\" src=\"https:\/\/webpe.colegiomayor.cl\/wp-content\/uploads\/WhatsApp-Image-2024-04-05-at-13.26.28-1024x768.jpeg\" alt=\"\" data-id=\"31518\" data-full-url=\"https:\/\/webpe.colegiomayor.cl\/wp-content\/uploads\/WhatsApp-Image-2024-04-05-at-13.26.28.jpeg\" data-link=\"https:\/\/webpe.colegiomayor.cl\/?attachment_id=31518\" class=\"wp-image-31518\"\/><\/figure><\/li><\/ul><\/figure>\n","protected":false},"excerpt":{"rendered":"<p>El pasado 5 de abril celebramos el\u00a0D\u00eda Mundial de la Actividad F\u00edsica,\u00a0con el objetivo principal de sensibilizar a nuestros estudiantes sobre la importancia de practicar actividad f\u00edsica\u00a0de manera regular y sistem\u00e1tica para mejorar la salud y adquirir buenos h\u00e1bitos de vida. &nbsp;El departamento de Ed.&nbsp;<a href=\"https:\/\/webpe.colegiomayor.cl\/?p=31517\">&hellip;<\/a><\/p>\n","protected":false},"author":5,"featured_media":31521,"comment_status":"closed","ping_status":"closed","sticky":false,"template":"","format":"standard","meta":{"content-type":"","footnotes":""},"categories":[25],"tags":[],"class_list":["post-31517","post","type-post","status-publish","format-standard","has-post-thumbnail","hentry","category-deportes","odd"],"rttpg_featured_image_url":null,"rttpg_author":{"display_name":"Flor Parragu\u00e9z","author_link":"https:\/\/webpe.colegiomayor.cl\/?author=5"},"rttpg_comment":0,"rttpg_category":"<a href=\"https:\/\/webpe.colegiomayor.cl\/?cat=25\" rel=\"category\">DEPORTES<\/a>","rttpg_excerpt":"El pasado 5 de abril celebramos el\u00a0D\u00eda Mundial de la Actividad F\u00edsica,\u00a0con el objetivo principal de sensibilizar a nuestros estudiantes sobre la importancia de practicar actividad f\u00edsica\u00a0de manera regular y sistem\u00e1tica para mejorar la salud y adquirir buenos h\u00e1bitos de vida. &nbsp;El departamento de Ed.&nbsp;&hellip;","_links":{"self":[{"href":"https:\/\/webpe.colegiomayor.cl\/index.php?rest_route=\/wp\/v2\/posts\/31517","targetHints":{"allow":["GET"]}}],"collection":[{"href":"https:\/\/webpe.colegiomayor.cl\/index.php?rest_route=\/wp\/v2\/posts"}],"about":[{"href":"https:\/\/webpe.colegiomayor.cl\/index.php?rest_route=\/wp\/v2\/types\/post"}],"author":[{"embeddable":true,"href":"https:\/\/webpe.colegiomayor.cl\/index.php?rest_route=\/wp\/v2\/users\/5"}],"replies":[{"embeddable":true,"href":"https:\/\/webpe.colegiomayor.cl\/index.php?rest_route=%2Fwp%2Fv2%2Fcomments&post=31517"}],"version-history":[{"count":0,"href":"https:\/\/webpe.colegiomayor.cl\/index.php?rest_route=\/wp\/v2\/posts\/31517\/revisions"}],"wp:featuredmedia":[{"embeddable":true,"href":"https:\/\/webpe.colegiomayor.cl\/index.php?rest_route=\/"}],"wp:attachment":[{"href":"https:\/\/webpe.colegiomayor.cl\/index.php?rest_route=%2Fwp%2Fv2%2Fmedia&parent=31517"}],"wp:term":[{"taxonomy":"category","embeddable":true,"href":"https:\/\/webpe.colegiomayor.cl\/index.php?rest_route=%2Fwp%2Fv2%2Fcategories&post=31517"},{"taxonomy":"post_tag","embeddable":true,"href":"https:\/\/webpe.colegiomayor.cl\/index.php?rest_route=%2Fwp%2Fv2%2Ftags&post=31517"}],"curies":[{"name":"wp","href":"https:\/\/api.w.org\/{rel}","templated":true}]}}