{"id":31496,"date":"2024-05-02T19:57:03","date_gmt":"2024-05-02T19:57:03","guid":{"rendered":"https:\/\/webpe.colegiomayor.cl\/?p=31496"},"modified":"2024-05-02T19:57:03","modified_gmt":"2024-05-02T19:57:03","slug":"gimnasia-artistica-comienza-con-campeonato-nivel-iniciacion","status":"publish","type":"post","link":"https:\/\/webpe.colegiomayor.cl\/?p=31496","title":{"rendered":"Gimnasia Art\u00edstica comienza con campeonato nivel iniciaci\u00f3n"},"content":{"rendered":"\n<p class=\"has-background has-cyan-bluish-gray-background-color\"><strong><em>El d\u00eda s\u00e1bado 13 de abril se dio inicio al a\u00f1o de competencias para la selecci\u00f3n de Gimnasia Art\u00edstica, y un total de 13 colegios son los que participan en la divisi\u00f3n honor. <\/em><\/strong><\/p>\n\n\n\n<figure class=\"wp-block-gallery columns-3 is-cropped wp-block-gallery-1 is-layout-flex wp-block-gallery-is-layout-flex\"><ul class=\"blocks-gallery-grid\"><li class=\"blocks-gallery-item\"><figure><img decoding=\"async\" src=\"https:\/\/webpe.colegiomayor.cl\/wp-content\/uploads\/WhatsApp-Image-2024-04-13-at-11.02.13-768x1024.jpeg\" alt=\"\" data-id=\"31498\" data-full-url=\"https:\/\/webpe.colegiomayor.cl\/wp-content\/uploads\/WhatsApp-Image-2024-04-13-at-11.02.13.jpeg\" data-link=\"https:\/\/webpe.colegiomayor.cl\/?attachment_id=31498\" class=\"wp-image-31498\"\/><\/figure><\/li><li class=\"blocks-gallery-item\"><figure><img decoding=\"async\" src=\"https:\/\/webpe.colegiomayor.cl\/wp-content\/uploads\/WhatsApp-Image-2024-04-13-at-11.08.51-768x1024.jpeg\" alt=\"\" data-id=\"31499\" data-full-url=\"https:\/\/webpe.colegiomayor.cl\/wp-content\/uploads\/WhatsApp-Image-2024-04-13-at-11.08.51.jpeg\" data-link=\"https:\/\/webpe.colegiomayor.cl\/?attachment_id=31499\" class=\"wp-image-31499\"\/><\/figure><\/li><li class=\"blocks-gallery-item\"><figure><img decoding=\"async\" src=\"https:\/\/webpe.colegiomayor.cl\/wp-content\/uploads\/WhatsApp-Image-2024-04-13-at-11.02.05-768x1024.jpeg\" alt=\"\" data-id=\"31497\" data-full-url=\"https:\/\/webpe.colegiomayor.cl\/wp-content\/uploads\/WhatsApp-Image-2024-04-13-at-11.02.05.jpeg\" data-link=\"https:\/\/webpe.colegiomayor.cl\/?attachment_id=31497\" class=\"wp-image-31497\"\/><\/figure><\/li><\/ul><\/figure>\n\n\n\n<p>En la ocasi\u00f3n se realiz\u00f3 la competencia del nivel inicial, donde participaron las gimnastas m\u00e1s peque\u00f1itas de nuestro colegio, las que se prepararon durante todo el mes de marzo.<\/p>\n\n\n\n<p>Tres de nuestras gimnastas pasaron de nivel y\nel Colegio Mayor Pe\u00f1alol\u00e9n logr\u00f3 el segundo lugar por equipos. <\/p>\n\n\n\n<p>Felicitamos a todo el equipo y las invitamos a seguir trabajando para que sigan aprendiendo y avanzando en esta hermosa disciplina.<\/p>\n\n\n\n<figure class=\"wp-block-image size-large\"><img decoding=\"async\" src=\"https:\/\/webpe.colegiomayor.cl\/wp-content\/uploads\/WhatsApp-Image-2024-04-13-at-10.05.45-1024x768.jpeg\" alt=\"\" class=\"wp-image-31503\"\/><\/figure>\n\n\n\n<p class=\"has-background has-cyan-bluish-gray-background-color\">Gimnastas participantes:<\/p>\n\n\n\n<p class=\"has-background has-very-light-gray-background-color\">Amalia D\u00e1valos, 4to lugar en su franja<\/p>\n\n\n\n<p class=\"has-background has-very-light-gray-background-color\">Luciana Serrano,\u00a0 4to lugar en su franja<\/p>\n\n\n\n<p class=\"has-background has-very-light-gray-background-color\">Isabella Derout, 5to lugar en su franja<\/p>\n\n\n\n<p class=\"has-background has-very-light-gray-background-color\">Valeria Lozano <\/p>\n\n\n\n<p class=\"has-background has-very-light-gray-background-color\">Agustina Cisterna<\/p>\n\n\n\n<p class=\"has-background has-very-light-gray-background-color\">Ignacia Peralta<\/p>\n\n\n\n<p class=\"has-background has-very-light-gray-background-color\">Amparo Rodr\u00edguez<\/p>\n\n\n\n<p class=\"has-background has-very-light-gray-background-color\">Amanda Castro<\/p>\n\n\n\n<p class=\"has-background has-very-light-gray-background-color\">Amanda Pinto<\/p>\n\n\n\n<p class=\"has-background has-very-light-gray-background-color\">Leonor Olivares<\/p>\n\n\n\n<figure class=\"wp-block-image size-large\"><img decoding=\"async\" src=\"https:\/\/webpe.colegiomayor.cl\/wp-content\/uploads\/WhatsApp-Image-2024-04-13-at-12.18.19-1024x768.jpeg\" alt=\"\" class=\"wp-image-31501\"\/><\/figure>\n","protected":false},"excerpt":{"rendered":"<p>El d\u00eda s\u00e1bado 13 de abril se dio inicio al a\u00f1o de competencias para la selecci\u00f3n de Gimnasia Art\u00edstica, y un total de 13 colegios son los que participan en la divisi\u00f3n honor. En la ocasi\u00f3n se realiz\u00f3 la competencia del nivel inicial, donde participaron&nbsp;<a href=\"https:\/\/webpe.colegiomayor.cl\/?p=31496\">&hellip;<\/a><\/p>\n","protected":false},"author":5,"featured_media":31501,"comment_status":"closed","ping_status":"closed","sticky":false,"template":"","format":"standard","meta":{"content-type":"","footnotes":""},"categories":[25],"tags":[],"class_list":["post-31496","post","type-post","status-publish","format-standard","has-post-thumbnail","hentry","category-deportes","odd"],"rttpg_featured_image_url":null,"rttpg_author":{"display_name":"Flor Parragu\u00e9z","author_link":"https:\/\/webpe.colegiomayor.cl\/?author=5"},"rttpg_comment":0,"rttpg_category":"<a href=\"https:\/\/webpe.colegiomayor.cl\/?cat=25\" rel=\"category\">DEPORTES<\/a>","rttpg_excerpt":"El d\u00eda s\u00e1bado 13 de abril se dio inicio al a\u00f1o de competencias para la selecci\u00f3n de Gimnasia Art\u00edstica, y un total de 13 colegios son los que participan en la divisi\u00f3n honor. En la ocasi\u00f3n se realiz\u00f3 la competencia del nivel inicial, donde participaron&nbsp;&hellip;","_links":{"self":[{"href":"https:\/\/webpe.colegiomayor.cl\/index.php?rest_route=\/wp\/v2\/posts\/31496","targetHints":{"allow":["GET"]}}],"collection":[{"href":"https:\/\/webpe.colegiomayor.cl\/index.php?rest_route=\/wp\/v2\/posts"}],"about":[{"href":"https:\/\/webpe.colegiomayor.cl\/index.php?rest_route=\/wp\/v2\/types\/post"}],"author":[{"embeddable":true,"href":"https:\/\/webpe.colegiomayor.cl\/index.php?rest_route=\/wp\/v2\/users\/5"}],"replies":[{"embeddable":true,"href":"https:\/\/webpe.colegiomayor.cl\/index.php?rest_route=%2Fwp%2Fv2%2Fcomments&post=31496"}],"version-history":[{"count":0,"href":"https:\/\/webpe.colegiomayor.cl\/index.php?rest_route=\/wp\/v2\/posts\/31496\/revisions"}],"wp:featuredmedia":[{"embeddable":true,"href":"https:\/\/webpe.colegiomayor.cl\/index.php?rest_route=\/"}],"wp:attachment":[{"href":"https:\/\/webpe.colegiomayor.cl\/index.php?rest_route=%2Fwp%2Fv2%2Fmedia&parent=31496"}],"wp:term":[{"taxonomy":"category","embeddable":true,"href":"https:\/\/webpe.colegiomayor.cl\/index.php?rest_route=%2Fwp%2Fv2%2Fcategories&post=31496"},{"taxonomy":"post_tag","embeddable":true,"href":"https:\/\/webpe.colegiomayor.cl\/index.php?rest_route=%2Fwp%2Fv2%2Ftags&post=31496"}],"curies":[{"name":"wp","href":"https:\/\/api.w.org\/{rel}","templated":true}]}}