{"id":31467,"date":"2024-04-30T14:50:05","date_gmt":"2024-04-30T14:50:05","guid":{"rendered":"https:\/\/webpe.colegiomayor.cl\/?p=31467"},"modified":"2024-04-30T14:50:05","modified_gmt":"2024-04-30T14:50:05","slug":"ley-tea-n-21-545","status":"publish","type":"post","link":"https:\/\/webpe.colegiomayor.cl\/?p=31467","title":{"rendered":"Ley TEA N\u00b0 21.545"},"content":{"rendered":"\n<figure class=\"wp-block-image size-large\"><img decoding=\"async\" src=\"https:\/\/webpe.colegiomayor.cl\/wp-content\/uploads\/Ley-Tea.jpg\" alt=\"\" class=\"wp-image-31469\"\/><\/figure>\n\n\n\n<p>Estimada Comunidad Colegio Mayor\nPe\u00f1alol\u00e9n:<\/p>\n\n\n\n<p>Junto con saludar, en relaci\u00f3n a\nla entrada en <em>vigor <strong>Ley TEA N\u00b0 21.545, para la promoci\u00f3n de la Inclusi\u00f3n, la Atenci\u00f3n\nIntegral y la Protecci\u00f3n de los Derechos de las personas con Trastorno del\nEspectro Autista en el \u00e1mbito Social, de Salud y Educaci\u00f3n, <\/strong><\/em>compartimos\nla siguiente informaci\u00f3n: <\/p>\n\n\n\n<p>Esta Ley promulgada del 2 de marzo\ndel 2023, busca establecer deberes del Estado con las personas que han sido\ndiagnosticadas con el&nbsp;Trastorno del Espectro Autista (TEA)&nbsp;para\nasegurar el desarrollo personal, autonom\u00eda e igualdad de oportunidades. De esta\nforma, la ley termina con cualquier forma de discriminaci\u00f3n, para promover un\nabordaje integral de dichas personas en el \u00e1mbito social, de la salud y la\neducaci\u00f3n.<\/p>\n\n\n\n<p>Para los Colegios Mayores, cumplir\ncon esta normativa representa un importante desaf\u00edo, pero tambi\u00e9n, una gran\noportunidad de desarrollo y crecimiento, que queremos hacer extensiva a toda\nnuestra comunidad educativa, trabajando para generar en forma paulatina las\ncondiciones necesarias para el acceso, participaci\u00f3n, permanencia y progreso de\nlos y las estudiantes, seg\u00fan sea su inter\u00e9s superior.<\/p>\n\n\n\n<p>Para avanzar en esta direcci\u00f3n, realizaremos\nuna serie de acciones que evidencien nuestro compromiso por dar cumplimiento a\nesta nueva normativa, entre ellas:<strong> <\/strong><\/p>\n\n\n\n<ul class=\"wp-block-list\"><li>Acciones\nformativas destinadas a nuestros trabajadores (del \u00e1mbito docente y no\ndocente), con el fin de adquirir herramientas para apoyar a las personas con\ntrastorno del espectro autista (TEA), que faciliten su inclusi\u00f3n y el\nacompa\u00f1amiento en la trayectoria educativa.<\/li><li>Desarrollar\nlas adecuaciones curriculares necesarias para la progresiva y adecuada\ninclusi\u00f3n e integraci\u00f3n de estudiantes con TEA.<\/li><li>Destinar\ne implementar espacios educativos inclusivos, sin violencia y sin\ndiscriminaci\u00f3n para las personas con TEA.<\/li><li>Realizar\nacciones de difusi\u00f3n, respecto del trato digno y respetuoso que deben recibir\nestas personas, y del lenguaje claro y sencillo que debe primar en las\natenciones que se les brinden.<\/li><li>Incorporar\nlas indicaciones establecidas en la ley en los Reglamentos institucionales\nvigentes. <\/li><\/ul>\n\n\n\n<p>Ac\u00e1 podr\u00e1s visualizar un video explicativo para profundizar con mayor detalle, en qu\u00e9 consiste esta ley y sus alcances.<\/p>\n\n\n\n<figure class=\"wp-block-embed-youtube wp-block-embed is-type-video is-provider-youtube wp-embed-aspect-16-9 wp-has-aspect-ratio\"><div class=\"wp-block-embed__wrapper\">\n<iframe loading=\"lazy\" title=\"Ley TEA,Trastornos del espectro autista\" width=\"1200\" height=\"675\" src=\"https:\/\/www.youtube.com\/embed\/rKarkUl28To?feature=oembed\" frameborder=\"0\" allow=\"accelerometer; autoplay; clipboard-write; encrypted-media; gyroscope; picture-in-picture; web-share\" referrerpolicy=\"strict-origin-when-cross-origin\" allowfullscreen><\/iframe>\n<\/div><\/figure>\n\n\n\n<p>Agradeciendo\ndesde ya la atenci\u00f3n con esta informaci\u00f3n y sus alcances, le saluda\ncordialmente.<\/p>\n","protected":false},"excerpt":{"rendered":"<p>Estimada Comunidad Colegio Mayor Pe\u00f1alol\u00e9n: Junto con saludar, en relaci\u00f3n a la entrada en vigor Ley TEA N\u00b0 21.545, para la promoci\u00f3n de la Inclusi\u00f3n, la Atenci\u00f3n Integral y la Protecci\u00f3n de los Derechos de las personas con Trastorno del Espectro Autista en el \u00e1mbito&nbsp;<a href=\"https:\/\/webpe.colegiomayor.cl\/?p=31467\">&hellip;<\/a><\/p>\n","protected":false},"author":5,"featured_media":31469,"comment_status":"closed","ping_status":"closed","sticky":false,"template":"","format":"standard","meta":{"content-type":"","footnotes":""},"categories":[24],"tags":[],"class_list":["post-31467","post","type-post","status-publish","format-standard","has-post-thumbnail","hentry","category-comunicaciones","odd"],"rttpg_featured_image_url":null,"rttpg_author":{"display_name":"Flor Parragu\u00e9z","author_link":"https:\/\/webpe.colegiomayor.cl\/?author=5"},"rttpg_comment":0,"rttpg_category":"<a href=\"https:\/\/webpe.colegiomayor.cl\/?cat=24\" rel=\"category\">COMUNICACIONES<\/a>","rttpg_excerpt":"Estimada Comunidad Colegio Mayor Pe\u00f1alol\u00e9n: Junto con saludar, en relaci\u00f3n a la entrada en vigor Ley TEA N\u00b0 21.545, para la promoci\u00f3n de la Inclusi\u00f3n, la Atenci\u00f3n Integral y la Protecci\u00f3n de los Derechos de las personas con Trastorno del Espectro Autista en el \u00e1mbito&nbsp;&hellip;","_links":{"self":[{"href":"https:\/\/webpe.colegiomayor.cl\/index.php?rest_route=\/wp\/v2\/posts\/31467","targetHints":{"allow":["GET"]}}],"collection":[{"href":"https:\/\/webpe.colegiomayor.cl\/index.php?rest_route=\/wp\/v2\/posts"}],"about":[{"href":"https:\/\/webpe.colegiomayor.cl\/index.php?rest_route=\/wp\/v2\/types\/post"}],"author":[{"embeddable":true,"href":"https:\/\/webpe.colegiomayor.cl\/index.php?rest_route=\/wp\/v2\/users\/5"}],"replies":[{"embeddable":true,"href":"https:\/\/webpe.colegiomayor.cl\/index.php?rest_route=%2Fwp%2Fv2%2Fcomments&post=31467"}],"version-history":[{"count":0,"href":"https:\/\/webpe.colegiomayor.cl\/index.php?rest_route=\/wp\/v2\/posts\/31467\/revisions"}],"wp:featuredmedia":[{"embeddable":true,"href":"https:\/\/webpe.colegiomayor.cl\/index.php?rest_route=\/"}],"wp:attachment":[{"href":"https:\/\/webpe.colegiomayor.cl\/index.php?rest_route=%2Fwp%2Fv2%2Fmedia&parent=31467"}],"wp:term":[{"taxonomy":"category","embeddable":true,"href":"https:\/\/webpe.colegiomayor.cl\/index.php?rest_route=%2Fwp%2Fv2%2Fcategories&post=31467"},{"taxonomy":"post_tag","embeddable":true,"href":"https:\/\/webpe.colegiomayor.cl\/index.php?rest_route=%2Fwp%2Fv2%2Ftags&post=31467"}],"curies":[{"name":"wp","href":"https:\/\/api.w.org\/{rel}","templated":true}]}}