{"id":31451,"date":"2024-04-26T16:10:29","date_gmt":"2024-04-26T16:10:29","guid":{"rendered":"https:\/\/webpe.colegiomayor.cl\/?p=31451"},"modified":"2024-04-26T16:10:29","modified_gmt":"2024-04-26T16:10:29","slug":"primer-ciclo-celebro-la-semana-de-la-psicomotricidad","status":"publish","type":"post","link":"https:\/\/webpe.colegiomayor.cl\/?p=31451","title":{"rendered":"Primer Ciclo celebr\u00f3 la semana de la Psicomotricidad"},"content":{"rendered":"\n<p class=\"has-background has-cyan-bluish-gray-background-color\"><strong><em>El lunes 8 y mi\u00e9rcoles 10 de abril, se llev\u00f3 a cabo en nuestro colegio, la semana de la psicomotricidad, organizada por el departamento de Educaci\u00f3n F\u00edsica y Salud. Las jornadas estuvieron dirigidas a los estudiantes de Primer Ciclo y contempl\u00f3 la participaci\u00f3n de padres, madres y apoderados.<\/em><\/strong><\/p>\n\n\n\n<figure class=\"wp-block-image size-large\"><img decoding=\"async\" src=\"https:\/\/webpe.colegiomayor.cl\/wp-content\/uploads\/1200x690-psicomotricidad-1024x589.jpg\" alt=\"\" class=\"wp-image-31452\"\/><\/figure>\n\n\n\n<p>Ya es una tradici\u00f3n que los pap\u00e1s acompa\u00f1en a sus hijos en esta jornada deportiva que tiene como objetivo recordar la importancia del movimiento, de compartir momentos de actividad f\u00edsica en familia, recordar que una estimulaci\u00f3n temprana con quienes son un referente para nuestras ni\u00f1as y ni\u00f1os.<\/p>\n\n\n\n<figure class=\"wp-block-gallery columns-2 is-cropped wp-block-gallery-1 is-layout-flex wp-block-gallery-is-layout-flex\"><ul class=\"blocks-gallery-grid\"><li class=\"blocks-gallery-item\"><figure><img decoding=\"async\" src=\"https:\/\/webpe.colegiomayor.cl\/wp-content\/uploads\/5-2-768x1024.jpg\" alt=\"\" data-id=\"31457\" data-full-url=\"https:\/\/webpe.colegiomayor.cl\/wp-content\/uploads\/5-2.jpg\" data-link=\"https:\/\/webpe.colegiomayor.cl\/?attachment_id=31457\" class=\"wp-image-31457\"\/><\/figure><\/li><li class=\"blocks-gallery-item\"><figure><img decoding=\"async\" src=\"https:\/\/webpe.colegiomayor.cl\/wp-content\/uploads\/4-5-768x1024.jpg\" alt=\"\" data-id=\"31456\" data-full-url=\"https:\/\/webpe.colegiomayor.cl\/wp-content\/uploads\/4-5.jpg\" data-link=\"https:\/\/webpe.colegiomayor.cl\/?attachment_id=31456\" class=\"wp-image-31456\"\/><\/figure><\/li><\/ul><\/figure>\n\n\n\n<p>Como departamento de Educaci\u00f3n F\u00edsica y Salud, buscamos que no solo que  los ni\u00f1os realicen actividad f\u00edsica, sino que tambi\u00e9n incorporamos a las familias en estos espacios.<\/p>\n\n\n\n<figure class=\"wp-block-gallery columns-2 is-cropped wp-block-gallery-2 is-layout-flex wp-block-gallery-is-layout-flex\"><ul class=\"blocks-gallery-grid\"><li class=\"blocks-gallery-item\"><figure><img decoding=\"async\" src=\"https:\/\/webpe.colegiomayor.cl\/wp-content\/uploads\/6-4.jpg\" alt=\"\" data-id=\"31458\" data-full-url=\"https:\/\/webpe.colegiomayor.cl\/wp-content\/uploads\/6-4.jpg\" data-link=\"https:\/\/webpe.colegiomayor.cl\/?attachment_id=31458\" class=\"wp-image-31458\"\/><\/figure><\/li><li class=\"blocks-gallery-item\"><figure><img decoding=\"async\" src=\"https:\/\/webpe.colegiomayor.cl\/wp-content\/uploads\/3-5.jpg\" alt=\"\" data-id=\"31455\" data-full-url=\"https:\/\/webpe.colegiomayor.cl\/wp-content\/uploads\/3-5.jpg\" data-link=\"https:\/\/webpe.colegiomayor.cl\/?attachment_id=31455\" class=\"wp-image-31455\"\/><\/figure><\/li><\/ul><\/figure>\n\n\n\n<p>La pr\u00e1ctica constante de actividad f\u00edsica, potenciar\u00e1 h\u00e1bitos de vida sana, ayudar\u00e1 al desarrollo motor, social e intelectual de nuestros ni\u00f1as y ni\u00f1os.<\/p>\n\n\n\n<figure class=\"wp-block-image size-large\"><img decoding=\"async\" src=\"https:\/\/webpe.colegiomayor.cl\/wp-content\/uploads\/2-5.jpg\" alt=\"\" class=\"wp-image-31454\"\/><\/figure>\n","protected":false},"excerpt":{"rendered":"<p>El lunes 8 y mi\u00e9rcoles 10 de abril, se llev\u00f3 a cabo en nuestro colegio, la semana de la psicomotricidad, organizada por el departamento de Educaci\u00f3n F\u00edsica y Salud. Las jornadas estuvieron dirigidas a los estudiantes de Primer Ciclo y contempl\u00f3 la participaci\u00f3n de padres,&nbsp;<a href=\"https:\/\/webpe.colegiomayor.cl\/?p=31451\">&hellip;<\/a><\/p>\n","protected":false},"author":5,"featured_media":31452,"comment_status":"closed","ping_status":"closed","sticky":false,"template":"","format":"standard","meta":{"content-type":"","footnotes":""},"categories":[25],"tags":[],"class_list":["post-31451","post","type-post","status-publish","format-standard","has-post-thumbnail","hentry","category-deportes","odd"],"rttpg_featured_image_url":null,"rttpg_author":{"display_name":"Flor Parragu\u00e9z","author_link":"https:\/\/webpe.colegiomayor.cl\/?author=5"},"rttpg_comment":0,"rttpg_category":"<a href=\"https:\/\/webpe.colegiomayor.cl\/?cat=25\" rel=\"category\">DEPORTES<\/a>","rttpg_excerpt":"El lunes 8 y mi\u00e9rcoles 10 de abril, se llev\u00f3 a cabo en nuestro colegio, la semana de la psicomotricidad, organizada por el departamento de Educaci\u00f3n F\u00edsica y Salud. Las jornadas estuvieron dirigidas a los estudiantes de Primer Ciclo y contempl\u00f3 la participaci\u00f3n de padres,&nbsp;&hellip;","_links":{"self":[{"href":"https:\/\/webpe.colegiomayor.cl\/index.php?rest_route=\/wp\/v2\/posts\/31451","targetHints":{"allow":["GET"]}}],"collection":[{"href":"https:\/\/webpe.colegiomayor.cl\/index.php?rest_route=\/wp\/v2\/posts"}],"about":[{"href":"https:\/\/webpe.colegiomayor.cl\/index.php?rest_route=\/wp\/v2\/types\/post"}],"author":[{"embeddable":true,"href":"https:\/\/webpe.colegiomayor.cl\/index.php?rest_route=\/wp\/v2\/users\/5"}],"replies":[{"embeddable":true,"href":"https:\/\/webpe.colegiomayor.cl\/index.php?rest_route=%2Fwp%2Fv2%2Fcomments&post=31451"}],"version-history":[{"count":0,"href":"https:\/\/webpe.colegiomayor.cl\/index.php?rest_route=\/wp\/v2\/posts\/31451\/revisions"}],"wp:featuredmedia":[{"embeddable":true,"href":"https:\/\/webpe.colegiomayor.cl\/index.php?rest_route=\/"}],"wp:attachment":[{"href":"https:\/\/webpe.colegiomayor.cl\/index.php?rest_route=%2Fwp%2Fv2%2Fmedia&parent=31451"}],"wp:term":[{"taxonomy":"category","embeddable":true,"href":"https:\/\/webpe.colegiomayor.cl\/index.php?rest_route=%2Fwp%2Fv2%2Fcategories&post=31451"},{"taxonomy":"post_tag","embeddable":true,"href":"https:\/\/webpe.colegiomayor.cl\/index.php?rest_route=%2Fwp%2Fv2%2Ftags&post=31451"}],"curies":[{"name":"wp","href":"https:\/\/api.w.org\/{rel}","templated":true}]}}