{"id":31447,"date":"2024-04-26T15:20:59","date_gmt":"2024-04-26T15:20:59","guid":{"rendered":"https:\/\/webpe.colegiomayor.cl\/?p=31447"},"modified":"2024-04-26T15:20:59","modified_gmt":"2024-04-26T15:20:59","slug":"estudiante-vicente-morales-logra-primer-lugar-en-torneo-comunal-de-tenis-de-mesa-penalolen","status":"publish","type":"post","link":"https:\/\/webpe.colegiomayor.cl\/?p=31447","title":{"rendered":"Estudiante Vicente Morales logra primer lugar en torneo comunal de tenis de mesa Pe\u00f1alol\u00e9n"},"content":{"rendered":"\n<p class=\"has-background has-very-light-gray-background-color\"><strong><em>El pasado viernes 12 de abril se disputo el torneo escolar de Tenis de Mesa en el Liceo Juan Bautista Pastene de Pe\u00f1alol\u00e9n, y nuestro colegio estuvo representado por el estudiante, Vicente Morales, de 6\u00ba B\u00e1sico D quien obtuvo el primer lugar de la competencia.<\/em><\/strong><\/p>\n\n\n\n<figure class=\"wp-block-image size-large\"><img decoding=\"async\" src=\"https:\/\/webpe.colegiomayor.cl\/wp-content\/uploads\/Sin-t\u00edtulo-71-1024x772.png\" alt=\"\" class=\"wp-image-31448\"\/><\/figure>\n\n\n\n<p>Adem\u00e1s de tener un muy buen resultado en el\ncampeonato, Vicente logr\u00f3 el cupo para representar a la comuna de Pe\u00f1alol\u00e9n en\nlos juegos provinciales escolares que se disputaran durante el mes de junio.<\/p>\n\n\n\n<p>Vicente comenz\u00f3 en tenis de mesa a la edad de 8 a\u00f1os en el Club Pe\u00f1alol\u00e9n, a los 10 a\u00f1os es escogido para programa Promesas Chiles, el cual busca potenciar deportistas de alto rendimiento que se desarrolla en el Centro de Entrenamiento Ol\u00edmpico.<\/p>\n\n\n\n<figure class=\"wp-block-image size-large\"><img decoding=\"async\" src=\"https:\/\/webpe.colegiomayor.cl\/wp-content\/uploads\/Tenis.png\" alt=\"\" class=\"wp-image-31449\"\/><\/figure>\n\n\n\n<p>Actualmente entrena cuatro horas diarias de lunes a\nviernes en su Club, CEO y Universidad de Chile y dedicando sus fines de semanas\na participar en Torneos. Ha sido campe\u00f3n en torneos Regionales, Escolares y\nactualmente 5to jugador de la selecci\u00f3n nacional en su categor\u00eda Sub-11.<\/p>\n\n\n\n<p>La semana del 16 de abril particip\u00f3 en un Torneo\ninternacional de la ITTF que se realiz\u00f3 en Santiago representando a Chile en la\ncategor\u00eda Sub-11 y Sub-13 y en el mes de mayo jugar\u00e1 un torneo internacional en\nPer\u00fa.<\/p>\n\n\n\n<p>Felicitaciones a Vicente por obtener el cupo a los\nprovinciales y por su tremendo desempe\u00f1o.&nbsp;\n<\/p>\n","protected":false},"excerpt":{"rendered":"<p>El pasado viernes 12 de abril se disputo el torneo escolar de Tenis de Mesa en el Liceo Juan Bautista Pastene de Pe\u00f1alol\u00e9n, y nuestro colegio estuvo representado por el estudiante, Vicente Morales, de 6\u00ba B\u00e1sico D quien obtuvo el primer lugar de la competencia.&nbsp;<a href=\"https:\/\/webpe.colegiomayor.cl\/?p=31447\">&hellip;<\/a><\/p>\n","protected":false},"author":5,"featured_media":31448,"comment_status":"closed","ping_status":"closed","sticky":false,"template":"","format":"standard","meta":{"content-type":"","footnotes":""},"categories":[25],"tags":[],"class_list":["post-31447","post","type-post","status-publish","format-standard","has-post-thumbnail","hentry","category-deportes","odd"],"rttpg_featured_image_url":null,"rttpg_author":{"display_name":"Flor Parragu\u00e9z","author_link":"https:\/\/webpe.colegiomayor.cl\/?author=5"},"rttpg_comment":0,"rttpg_category":"<a href=\"https:\/\/webpe.colegiomayor.cl\/?cat=25\" rel=\"category\">DEPORTES<\/a>","rttpg_excerpt":"El pasado viernes 12 de abril se disputo el torneo escolar de Tenis de Mesa en el Liceo Juan Bautista Pastene de Pe\u00f1alol\u00e9n, y nuestro colegio estuvo representado por el estudiante, Vicente Morales, de 6\u00ba B\u00e1sico D quien obtuvo el primer lugar de la competencia.&nbsp;&hellip;","_links":{"self":[{"href":"https:\/\/webpe.colegiomayor.cl\/index.php?rest_route=\/wp\/v2\/posts\/31447","targetHints":{"allow":["GET"]}}],"collection":[{"href":"https:\/\/webpe.colegiomayor.cl\/index.php?rest_route=\/wp\/v2\/posts"}],"about":[{"href":"https:\/\/webpe.colegiomayor.cl\/index.php?rest_route=\/wp\/v2\/types\/post"}],"author":[{"embeddable":true,"href":"https:\/\/webpe.colegiomayor.cl\/index.php?rest_route=\/wp\/v2\/users\/5"}],"replies":[{"embeddable":true,"href":"https:\/\/webpe.colegiomayor.cl\/index.php?rest_route=%2Fwp%2Fv2%2Fcomments&post=31447"}],"version-history":[{"count":0,"href":"https:\/\/webpe.colegiomayor.cl\/index.php?rest_route=\/wp\/v2\/posts\/31447\/revisions"}],"wp:featuredmedia":[{"embeddable":true,"href":"https:\/\/webpe.colegiomayor.cl\/index.php?rest_route=\/"}],"wp:attachment":[{"href":"https:\/\/webpe.colegiomayor.cl\/index.php?rest_route=%2Fwp%2Fv2%2Fmedia&parent=31447"}],"wp:term":[{"taxonomy":"category","embeddable":true,"href":"https:\/\/webpe.colegiomayor.cl\/index.php?rest_route=%2Fwp%2Fv2%2Fcategories&post=31447"},{"taxonomy":"post_tag","embeddable":true,"href":"https:\/\/webpe.colegiomayor.cl\/index.php?rest_route=%2Fwp%2Fv2%2Ftags&post=31447"}],"curies":[{"name":"wp","href":"https:\/\/api.w.org\/{rel}","templated":true}]}}