{"id":31379,"date":"2024-04-15T21:01:40","date_gmt":"2024-04-15T21:01:40","guid":{"rendered":"https:\/\/webpe.colegiomayor.cl\/?p=31379"},"modified":"2024-04-15T21:01:40","modified_gmt":"2024-04-15T21:01:40","slug":"vuelven-los-recreos-activos-en-el-marco-del-proyecto-de-nutricion-y-habitos-de-vida-saludables","status":"publish","type":"post","link":"https:\/\/webpe.colegiomayor.cl\/?p=31379","title":{"rendered":"Vuelven los Recreos Activos en el marco del proyecto de nutrici\u00f3n y h\u00e1bitos de vida saludables"},"content":{"rendered":"\n<p class=\"has-background has-very-light-gray-background-color\"><strong><em>El lunes 8 de abril se dio inicio a una de las actividades importantes que incluye el trabajo en conjunto entre los Colegios Mayor y la carrera de Nutrici\u00f3n y Diet\u00e9tica de la Universidad Mayor para promover h\u00e1bitos de vida y una alimentaci\u00f3n saludable. <\/em><\/strong><\/p>\n\n\n\n<figure class=\"wp-block-image size-large\"><img decoding=\"async\" src=\"https:\/\/webpe.colegiomayor.cl\/wp-content\/uploads\/20240408_111432-768x1024.jpg\" alt=\"\" class=\"wp-image-31380\"\/><\/figure>\n\n\n\n<p>La idea es acompa\u00f1ar a los ni\u00f1os, ni\u00f1as y\nadolescentes durante los recreos con actividades l\u00fadicas e informaci\u00f3n que\nfomente el consumo de agua, la alimentaci\u00f3n saludable y la actividad f\u00edsica,\nentre otros aspectos de autocuidado. <\/p>\n\n\n\n<p>En esta oportunidad se intervino el recreo de\nprimeros b\u00e1sicos y tambi\u00e9n en el patio central con estudiantes del segundo\nciclo en adelante, contando con gran asistencia y participaci\u00f3n de los alumnos.\n<\/p>\n\n\n\n<p>Esta iniciativa se replicar\u00e1 una vez por mes,\nen los diferentes niveles. <\/p>\n","protected":false},"excerpt":{"rendered":"<p>El lunes 8 de abril se dio inicio a una de las actividades importantes que incluye el trabajo en conjunto entre los Colegios Mayor y la carrera de Nutrici\u00f3n y Diet\u00e9tica de la Universidad Mayor para promover h\u00e1bitos de vida y una alimentaci\u00f3n saludable. La&nbsp;<a href=\"https:\/\/webpe.colegiomayor.cl\/?p=31379\">&hellip;<\/a><\/p>\n","protected":false},"author":5,"featured_media":31380,"comment_status":"closed","ping_status":"closed","sticky":false,"template":"","format":"standard","meta":{"content-type":"","footnotes":""},"categories":[25],"tags":[],"class_list":["post-31379","post","type-post","status-publish","format-standard","has-post-thumbnail","hentry","category-deportes","odd"],"rttpg_featured_image_url":null,"rttpg_author":{"display_name":"Flor Parragu\u00e9z","author_link":"https:\/\/webpe.colegiomayor.cl\/?author=5"},"rttpg_comment":0,"rttpg_category":"<a href=\"https:\/\/webpe.colegiomayor.cl\/?cat=25\" rel=\"category\">DEPORTES<\/a>","rttpg_excerpt":"El lunes 8 de abril se dio inicio a una de las actividades importantes que incluye el trabajo en conjunto entre los Colegios Mayor y la carrera de Nutrici\u00f3n y Diet\u00e9tica de la Universidad Mayor para promover h\u00e1bitos de vida y una alimentaci\u00f3n saludable. La&nbsp;&hellip;","_links":{"self":[{"href":"https:\/\/webpe.colegiomayor.cl\/index.php?rest_route=\/wp\/v2\/posts\/31379","targetHints":{"allow":["GET"]}}],"collection":[{"href":"https:\/\/webpe.colegiomayor.cl\/index.php?rest_route=\/wp\/v2\/posts"}],"about":[{"href":"https:\/\/webpe.colegiomayor.cl\/index.php?rest_route=\/wp\/v2\/types\/post"}],"author":[{"embeddable":true,"href":"https:\/\/webpe.colegiomayor.cl\/index.php?rest_route=\/wp\/v2\/users\/5"}],"replies":[{"embeddable":true,"href":"https:\/\/webpe.colegiomayor.cl\/index.php?rest_route=%2Fwp%2Fv2%2Fcomments&post=31379"}],"version-history":[{"count":0,"href":"https:\/\/webpe.colegiomayor.cl\/index.php?rest_route=\/wp\/v2\/posts\/31379\/revisions"}],"wp:featuredmedia":[{"embeddable":true,"href":"https:\/\/webpe.colegiomayor.cl\/index.php?rest_route=\/"}],"wp:attachment":[{"href":"https:\/\/webpe.colegiomayor.cl\/index.php?rest_route=%2Fwp%2Fv2%2Fmedia&parent=31379"}],"wp:term":[{"taxonomy":"category","embeddable":true,"href":"https:\/\/webpe.colegiomayor.cl\/index.php?rest_route=%2Fwp%2Fv2%2Fcategories&post=31379"},{"taxonomy":"post_tag","embeddable":true,"href":"https:\/\/webpe.colegiomayor.cl\/index.php?rest_route=%2Fwp%2Fv2%2Ftags&post=31379"}],"curies":[{"name":"wp","href":"https:\/\/api.w.org\/{rel}","templated":true}]}}