{"id":31375,"date":"2024-04-11T18:21:22","date_gmt":"2024-04-11T18:21:22","guid":{"rendered":"https:\/\/webpe.colegiomayor.cl\/?p=31375"},"modified":"2024-04-11T18:21:22","modified_gmt":"2024-04-11T18:21:22","slug":"selecciones-deportivas-colegio-mayor-penalolen-sabado-13-de-abril","status":"publish","type":"post","link":"https:\/\/webpe.colegiomayor.cl\/?p=31375","title":{"rendered":"Selecciones Deportivas, s\u00e1bado 13 de abril"},"content":{"rendered":"\n<figure class=\"wp-block-image size-large\"><img decoding=\"async\" src=\"https:\/\/webpe.colegiomayor.cl\/wp-content\/uploads\/dest_deportes_01-1024x589.jpg\" alt=\"\" class=\"wp-image-25929\"\/><\/figure>\n\n\n\n<p class=\"has-background has-cyan-bluish-gray-background-color\"><strong>Atletismo Selecci\u00f3n:<\/strong><\/p>\n\n\n\n<p><strong>ENCUENTRO DEPORTIVO<\/strong><\/p>\n\n\n\n<p><strong>Lugar: <\/strong>Estadio Mayor.<\/p>\n\n\n\n<p><strong>Horario: <\/strong>09:30 a 12:00 horas.<\/p>\n\n\n\n<p><strong>Categor\u00eda: <\/strong>Preparatoria \u2013 infantil &#8211; Intermedia.<\/p>\n\n\n\n<p><strong>Profesores a Cargo:<\/strong> \u00darsula Rebolledo \u2013 Carlos Soto \u2013 Javiera Gonz\u00e1lez.<\/p>\n\n\n\n<p><strong>CAMPEONATO ROLF HOPPE<\/strong><\/p>\n\n\n\n<p><strong>Lugar<\/strong>: San Carlos de Apoquindo.<\/p>\n\n\n\n<p><strong>Horario<\/strong>: s\u00e1bado y domingo.<\/p>\n\n\n\n<p><strong>Categor\u00eda<\/strong>: Preparatoria \u2013 infantil \u2013 intermedia \u2013 Superior.<\/p>\n\n\n\n<p><strong>Profesor a cargo<\/strong>: \u00darsula Rebolledo \u2013 Carlos Soto \u2013 Javiera Gonz\u00e1lez.<\/p>\n\n\n\n<p class=\"has-background has-cyan-bluish-gray-background-color\"><strong>B\u00e1squetbol<\/strong>:<\/p>\n\n\n\n<p><strong>TORNEO UC CMPE V\/S LICEO\nMANUEL ATRAIAN BARROS <\/strong><\/p>\n\n\n\n<p><strong>Lugar:<\/strong>&nbsp; Avenida Jos\u00e9 Miguel Carrera 8250, La Cisterna.<\/p>\n\n\n\n<p><strong>Horario: <\/strong>desde las 08:30 horas.<\/p>\n\n\n\n<p><strong>Categor\u00edas:<\/strong> intermedia &#8211; Superior. <\/p>\n\n\n\n<p><strong>Profesora a cargo:<\/strong> Nicol\u00e1s Ort\u00edz.<\/p>\n\n\n\n<p><strong>ENTRENAMIENTO NORMAL<\/strong><\/p>\n\n\n\n<p><strong>Lugar: <\/strong>Estadio Mayor<\/p>\n\n\n\n<p><strong>Horario: <\/strong>10:30 a\n12:00 horas<\/p>\n\n\n\n<p><strong>Categor\u00eda: <\/strong>Mini \u2013\ninfantil<\/p>\n\n\n\n<p><strong>Profesor a cargo: <\/strong>Carlos\nCerecera<\/p>\n\n\n\n<p class=\"has-background has-cyan-bluish-gray-background-color\"><strong>Cheerleaders<\/strong><\/p>\n\n\n\n<p><strong>ENTRENAMIENTO NORMAL<\/strong><\/p>\n\n\n\n<p><strong>Lugar:<\/strong> Carpeta Estadio Mayor.<\/p>\n\n\n\n<p><strong>Horario: <\/strong>desde las 09:00 horas.<\/p>\n\n\n\n<p><strong>Categor\u00edas:<\/strong> Junior &#8211; Senior.<\/p>\n\n\n\n<p><strong>Profesora a cargo:<\/strong> Daniela Acu\u00f1a \u2013 Ricardo Vergara.<\/p>\n\n\n\n<p class=\"has-background has-cyan-bluish-gray-background-color\"><strong>F\u00fatbol Selecci\u00f3n:<\/strong><\/p>\n\n\n\n<p><strong>TORNEO UC CMPE V\/S\nSAN PEDRO NOLASCO<\/strong><\/p>\n\n\n\n<p><strong>Lugar:<\/strong> Cancha\nAvenida Kennedy 5850, Vitacura.<\/p>\n\n\n\n<p><strong>Citaci\u00f3n<\/strong>: desde\nlas 08:15 horas.<\/p>\n\n\n\n<p><strong>Categor\u00edas:<\/strong> Intermedia \u2013 Superior.<\/p>\n\n\n\n<p><strong>Profesores a Cargo: <\/strong>Ra\u00fal Briones \u2013 Fabi\u00e1n Vargas.<\/p>\n\n\n\n<p><strong>ENTRENAMIENTO NORMAL<\/strong><\/p>\n\n\n\n<p><strong>Lugar<\/strong>: Cancha Estadio Mayor.<\/p>\n\n\n\n<p><strong>Horario<\/strong>: 08:30 a 09:30 horas.<\/p>\n\n\n\n<p><strong>Categor\u00eda<\/strong>: Mini \u2013 Infantil.<\/p>\n\n\n\n<p><strong>Profesor a cargo<\/strong>: Pablo S\u00e1nchez.<\/p>\n\n\n\n<p class=\"has-background has-cyan-bluish-gray-background-color\"><strong>Gimnasia Art\u00edstica\nSelecci\u00f3n:<\/strong><\/p>\n\n\n\n<p><strong>LEGA<\/strong><\/p>\n\n\n\n<p><strong>Lugar: <\/strong>Colegio Instituci\u00f3n Teresiana, Isabel la Cat\u00f3lica 7445, Las Condes.<\/p>\n\n\n\n<p><strong>Citaci\u00f3n: <\/strong>07:50 horas.<\/p>\n\n\n\n<p><strong>Categor\u00eda: <\/strong>Iniciaci\u00f3n<\/p>\n\n\n\n<p><strong>Profesor a cargo: <\/strong>Loreto\nErazo \u2013 Yabhet Oblitas <\/p>\n\n\n\n<p><strong>ENTRENAMIENTO NORMAL<\/strong><\/p>\n\n\n\n<p><strong>Lugar:<\/strong> Estadio Mayor.<\/p>\n\n\n\n<p><strong>Horario:<\/strong> 09:00 a 12:00 horas.<\/p>\n\n\n\n<p><strong>Categor\u00eda<\/strong>: niveles 1 y 2.<\/p>\n\n\n\n<p><strong>Profesores a Cargo:<\/strong> Millaray Albornoz.<\/p>\n\n\n\n<p><strong>Nataci\u00f3n Selecci\u00f3n:<\/strong><\/p>\n\n\n\n<p><strong>ENTRENAMIENTO NORMAL<\/strong><\/p>\n\n\n\n<p><strong>Lugar:<\/strong> Piscina Estadio Mayor.<\/p>\n\n\n\n<p><strong>Horario Primer Bloque:<\/strong> 09:00 a 10:20 horas.<\/p>\n\n\n\n<p><strong>Categor\u00edas:<\/strong> (3 B\u00e1sico a III\u00ba Medio).<\/p>\n\n\n\n<p>Profesores a cargo: Sim\u00f3n Fern\u00e1ndez \u2013 Mat\u00edas Jaque.<\/p>\n\n\n\n<p><strong>Horario Segundo Bloque:<\/strong> 10:30 a 12:00 horas.<\/p>\n\n\n\n<p><strong>Categor\u00edas:<\/strong> (2\u00ba a\n4\u00ba B\u00e1sico).<\/p>\n\n\n\n<p><strong>Profesores a Cargo:<\/strong>\nSim\u00f3n Fern\u00e1ndez &#8211; -Marly Delgado \u2013 Mat\u00edas Jaque<\/p>\n\n\n\n<p class=\"has-background has-cyan-bluish-gray-background-color\"><strong>Tenis Selecci\u00f3n:<\/strong><\/p>\n\n\n\n<p><strong>ENTRENAMIENTO NORMAL <\/strong><\/p>\n\n\n\n<p><strong>Lugar: <\/strong>Estadio Mayor.<\/p>\n\n\n\n<p><strong>Horario: <\/strong>09:30 a 10:20 horas.<\/p>\n\n\n\n<p><strong>Categor\u00eda: <\/strong>Grupo 1 y 2.<\/p>\n\n\n\n<p><strong>Horario: <\/strong>10:30 a 12:00 horas.<\/p>\n\n\n\n<p><strong>Categor\u00eda: <\/strong>Grupo Avanzado.<\/p>\n\n\n\n<p><strong>Profesor a cargo: <\/strong>Sebasti\u00e1n Mondaca.<\/p>\n\n\n\n<p class=\"has-background has-cyan-bluish-gray-background-color\"><strong>Voleibol Femenino<\/strong><\/p>\n\n\n\n<p><strong>TORNEO UC CMPE V\/S SAN\nBENITO<\/strong><\/p>\n\n\n\n<p><strong>Lugar:<\/strong> Parque\nAntonio Rabat 6150, Vitacura.<\/p>\n\n\n\n<p><strong>Horario:<\/strong> citaci\u00f3n desde las 08:15 horas.<\/p>\n\n\n\n<p>Profesores a cargo: Joaqu\u00edn M\u00e9ndez \u2013 Maximiliano Ram\u00edrez.<\/p>\n\n\n\n<p><strong>ENTRENAMIENTO NORMAL<\/strong><\/p>\n\n\n\n<p><strong>Lugar<\/strong>: Foro Colegio Mayor.<\/p>\n\n\n\n<p><strong>Horario:<\/strong> 09:00 a 10:30 horas.<\/p>\n\n\n\n<p><strong>Categor\u00eda:<\/strong> Mini.<\/p>\n\n\n\n<p><strong>Horario:<\/strong> 10:30 a 12:00 horas.<\/p>\n\n\n\n<p><strong>Categor\u00eda:<\/strong> Infantil.<\/p>\n\n\n\n<p>Profesor a cargo: Joaqu\u00edn M\u00e9ndez \u2013 Maximiliano Ram\u00edrez.<\/p>\n\n\n\n<p class=\"has-background has-cyan-bluish-gray-background-color\"><strong>Voleibol Masculino<\/strong><\/p>\n\n\n\n<p><strong>TORNEO UC CMPE V\/S INSTITUTO\nLA SALLE<\/strong><\/p>\n\n\n\n<p><strong>Lugar:<\/strong> Avenida Ossa 1349, La Reina.<\/p>\n\n\n\n<p><strong>Horario:<\/strong> 11:00 horas.<\/p>\n\n\n\n<p><strong>Profesores a cargo<\/strong>: Valent\u00edn Tamayo \u2013 Pablo Beltr\u00e1n.<\/p>\n\n\n\n<p><strong>TRIANGULAR AMISTOSO<\/strong><\/p>\n\n\n\n<p><strong>Lugar:<\/strong> Avenida Circunvalaci\u00f3n Las Flores 13000.<\/p>\n\n\n\n<p><strong>Horario:<\/strong> 13:00 horas.<\/p>\n\n\n\n<p><strong>Categor\u00eda<\/strong>: Mini.<\/p>\n\n\n\n<p><strong>ENTRENAMIENTO NORMAL<\/strong><\/p>\n\n\n\n<p><strong>Lugar<\/strong>: Foro Colegio Mayor.<\/p>\n\n\n\n<p><strong>Horario:<\/strong> 09:00 a 11:00 horas.<\/p>\n\n\n\n<p><strong>Categor\u00eda:<\/strong> Sub14.<\/p>\n\n\n\n<p><strong>Profesores a cargo:<\/strong> Valent\u00edn Tamayo \u2013 Pablo Beltr\u00e1n.<\/p>\n","protected":false},"excerpt":{"rendered":"<p>Atletismo Selecci\u00f3n: ENCUENTRO DEPORTIVO Lugar: Estadio Mayor. Horario: 09:30 a 12:00 horas. Categor\u00eda: Preparatoria \u2013 infantil &#8211; Intermedia. Profesores a Cargo: \u00darsula Rebolledo \u2013 Carlos Soto \u2013 Javiera Gonz\u00e1lez. CAMPEONATO ROLF HOPPE Lugar: San Carlos de Apoquindo. Horario: s\u00e1bado y domingo. Categor\u00eda: Preparatoria \u2013 infantil&nbsp;<a href=\"https:\/\/webpe.colegiomayor.cl\/?p=31375\">&hellip;<\/a><\/p>\n","protected":false},"author":5,"featured_media":25929,"comment_status":"closed","ping_status":"closed","sticky":false,"template":"","format":"standard","meta":{"content-type":"","footnotes":""},"categories":[25],"tags":[],"class_list":["post-31375","post","type-post","status-publish","format-standard","has-post-thumbnail","hentry","category-deportes","odd"],"rttpg_featured_image_url":null,"rttpg_author":{"display_name":"Flor Parragu\u00e9z","author_link":"https:\/\/webpe.colegiomayor.cl\/?author=5"},"rttpg_comment":0,"rttpg_category":"<a href=\"https:\/\/webpe.colegiomayor.cl\/?cat=25\" rel=\"category\">DEPORTES<\/a>","rttpg_excerpt":"Atletismo Selecci\u00f3n: ENCUENTRO DEPORTIVO Lugar: Estadio Mayor. Horario: 09:30 a 12:00 horas. Categor\u00eda: Preparatoria \u2013 infantil &#8211; Intermedia. Profesores a Cargo: \u00darsula Rebolledo \u2013 Carlos Soto \u2013 Javiera Gonz\u00e1lez. CAMPEONATO ROLF HOPPE Lugar: San Carlos de Apoquindo. Horario: s\u00e1bado y domingo. Categor\u00eda: Preparatoria \u2013 infantil&nbsp;&hellip;","_links":{"self":[{"href":"https:\/\/webpe.colegiomayor.cl\/index.php?rest_route=\/wp\/v2\/posts\/31375","targetHints":{"allow":["GET"]}}],"collection":[{"href":"https:\/\/webpe.colegiomayor.cl\/index.php?rest_route=\/wp\/v2\/posts"}],"about":[{"href":"https:\/\/webpe.colegiomayor.cl\/index.php?rest_route=\/wp\/v2\/types\/post"}],"author":[{"embeddable":true,"href":"https:\/\/webpe.colegiomayor.cl\/index.php?rest_route=\/wp\/v2\/users\/5"}],"replies":[{"embeddable":true,"href":"https:\/\/webpe.colegiomayor.cl\/index.php?rest_route=%2Fwp%2Fv2%2Fcomments&post=31375"}],"version-history":[{"count":0,"href":"https:\/\/webpe.colegiomayor.cl\/index.php?rest_route=\/wp\/v2\/posts\/31375\/revisions"}],"wp:featuredmedia":[{"embeddable":true,"href":"https:\/\/webpe.colegiomayor.cl\/index.php?rest_route=\/"}],"wp:attachment":[{"href":"https:\/\/webpe.colegiomayor.cl\/index.php?rest_route=%2Fwp%2Fv2%2Fmedia&parent=31375"}],"wp:term":[{"taxonomy":"category","embeddable":true,"href":"https:\/\/webpe.colegiomayor.cl\/index.php?rest_route=%2Fwp%2Fv2%2Fcategories&post=31375"},{"taxonomy":"post_tag","embeddable":true,"href":"https:\/\/webpe.colegiomayor.cl\/index.php?rest_route=%2Fwp%2Fv2%2Ftags&post=31375"}],"curies":[{"name":"wp","href":"https:\/\/api.w.org\/{rel}","templated":true}]}}