{"id":31366,"date":"2024-04-09T19:41:29","date_gmt":"2024-04-09T19:41:29","guid":{"rendered":"https:\/\/webpe.colegiomayor.cl\/?p=31366"},"modified":"2024-04-09T19:41:29","modified_gmt":"2024-04-09T19:41:29","slug":"simce-2023-colegio-mayor-penalolen-supera-medicion-anterior-en-4o-basico-y-iio-medio","status":"publish","type":"post","link":"https:\/\/webpe.colegiomayor.cl\/?p=31366","title":{"rendered":"Simce 2023: Colegio Mayor Pe\u00f1alol\u00e9n supera medici\u00f3n anterior en 4\u00ba B\u00e1sico y II\u00ba Medio"},"content":{"rendered":"\n<p class=\"has-background has-text-align-center has-cyan-bluish-gray-background-color\"><strong><em>Alza en puntajes Simce muestra recuperaci\u00f3n de aprendizaje pospandemia en el pa\u00eds, y Colegio Mayor de Pe\u00f1alol\u00e9n no fue la excepci\u00f3n obteniendo excelentes resultados tanto en 4\u00ba b\u00e1sico como en II Medio en las pruebas de lenguaje y matem\u00e1tica.<\/em><\/strong><\/p>\n\n\n\n<figure class=\"wp-block-image size-large\"><img decoding=\"async\" src=\"https:\/\/webpe.colegiomayor.cl\/wp-content\/uploads\/Simce.png\" alt=\"\" class=\"wp-image-31367\"\/><\/figure>\n\n\n\n<p>Este a\u00f1o,\nla Agencia de Calidad de la Educaci\u00f3n entreg\u00f3 los resultados educativos de\nforma anticipada, al inicio del a\u00f1o escolar, lo que nos permite como comunidad contar\ncon informaci\u00f3n oportuna para el quehacer educativo del a\u00f1o acad\u00e9mico 2024.<\/p>\n\n\n\n<p><strong><em>\u201cEstamos muy contentos y felicitamos a los\nestudiantes de 5\u00b0 b\u00e1sico, III\u00b0 Medio y generaci\u00f3n IV\u00b0 2023 por los resultados\nobtenidos el a\u00f1o pasado en las evaluaciones estandarizadas nacionales\u201d<\/em><\/strong>, indic\u00f3 nuestra rectora Sra. Macarena Salas.<\/p>\n\n\n\n<p class=\"has-background has-cyan-bluish-gray-background-color\"><strong>En Simce 4\u00b0 B\u00e1sico, comparado con aplicaci\u00f3n anterior:<\/strong><\/p>\n\n\n\n<ul class=\"wp-block-list\"><li>Lenguaje se superaron en 22 ptos.<\/li><li>Matem\u00e1tica en 16 ptos.<\/li><\/ul>\n\n\n\n<p>Estos resultados nos\nposicionan en un muy buen escenario respecto al aumento logrado por la competencia,\ndonde su incremento no super\u00f3 los 3 puntos en leguaje y 10 puntos en\nmatem\u00e1ticas.<\/p>\n\n\n\n<p class=\"has-background has-cyan-bluish-gray-background-color\"><strong>II\u00b0 Medio, comparado con aplicaci\u00f3n anterior: <\/strong><\/p>\n\n\n\n<ul class=\"wp-block-list\"><li>Lenguaje supero 14 ptos.<\/li><li>Matem\u00e1tica supero en 25 ptos.<\/li><\/ul>\n\n\n\n<p>Algo similar ocurre\ncon los resultados de II\u00ba Medio en lenguaje y matem\u00e1tica, donde se super\u00f3 en 14\ny 25 puntos respectivamente en comparaci\u00f3n con la medici\u00f3n anterior. N\u00fameros\nalcanzados que est\u00e1n por sobre los obtenidos por los colegios de la\ncompetencia.<\/p>\n\n\n\n<p>Por su parte la\nprofesora de 4\u00ba B\u00e1sico 2023 Claudia Mej\u00edas, nos se\u00f1al\u00f3: <strong><em>\u201c<\/em><\/strong><strong><em>Estamos muy contentas con los resultados\nobtenidos, el alza en los puntajes es un premio para el trabajo realizado\ndurante el a\u00f1o. Las innovaciones pedag\u00f3gicas y la motivaci\u00f3n permanente de\nnuestros ni\u00f1os y ni\u00f1as fueron claves para estos logros\u201d.<\/em><\/strong><\/p>\n\n\n\n<p>Andrea Deischler, tambi\u00e9n\nprofesora de 4\u00ba B\u00e1sico 2023, nos coment\u00f3 que <strong><em>\u201cpara superar las dificultades\nobservadas despu\u00e9s de la pandemia fue fundamental diversificar las actividades\nrealizadas en la asignatura de Lenguaje, tanto dentro como fuera del aula,\ngenerando espacios de reflexi\u00f3n, creaci\u00f3n y de trabajo colaborativo, entre\notras. Por otro lado,&nbsp;involucramos a los padres y apoderados de manera\nactiva en el desarrollo de distintos&nbsp;proyectos que permitieron motivar a\nnuestros estudiantes y de esta forma potenciar sus habilidades&#8221;.&nbsp;<\/em><\/strong><\/p>\n\n\n\n<p>Asimismo, la profesora Ver\u00f3nica Carvajal nos se\u00f1ala que <strong><em>\u201cestamos\nfelices y muy orgullosas por el gran logro alcanzado por nuestros estudiantes\nen el&nbsp;Simce, fue fundamental la utilizaci\u00f3n de\ndiferentes metodolog\u00edas activas, realizando diversas actividades significativas\nque potenciaron los aprendizajes relacionados con la asignatura. Tambi\u00e9n fue\nclave el trabajo colaborativo con las docentes del nivel e incorporar a las\nfamilias para motivar y fortalecer las habilidades lectura, escritura y oralidad\nde nuestros ni\u00f1os y ni\u00f1as\u201d.<\/em><\/strong><\/p>\n\n\n\n<p>Finalmente, la profesora del mismo nivel, Joselin Gajardo\nnos indic\u00f3: <strong><em>\u201cLos logros obtenidos en la evaluaci\u00f3n&nbsp;SIMCE&nbsp;de Matem\u00e1tica\nfueron&nbsp;gracias al trabajo constante y participativo de los\nestudiantes.&nbsp; En la asignatura desarrollaron el razonamiento l\u00f3gico\nmatem\u00e1tico mediante habilidades como: representaciones concretas, pict\u00f3ricas,\nargumentando y comunicando sus procesos metacognitivos en cada experiencia\neducativa. El trabajo colaborativo fue fundamental para sobrellevar los\nobst\u00e1culos enfrentados en la resoluci\u00f3n de problemas\u201d.<\/em><\/strong><\/p>\n\n\n\n<p class=\"has-background has-cyan-bluish-gray-background-color\"><strong>Indicadores de Desarrollo Personal y Social (IDPS)<\/strong><\/p>\n\n\n\n<p>El Simce tambi\u00e9n\neval\u00faa los Indicadores de Desarrollo Personal y Social, que buscan entregar\ninformaci\u00f3n sobre aspectos importantes del desarrollo de las y los estudiantes\ny del contexto en el que aprenden, adem\u00e1s de aportar para avanzar en la mirada\nintegral de calidad de la educaci\u00f3n. <\/p>\n\n\n\n<p class=\"has-background has-very-light-gray-background-color\"><strong>Los IDPS evaluados son:<\/strong><\/p>\n\n\n\n<ul class=\"wp-block-list\"><li><strong>Autoestima acad\u00e9mica y motivaci\u00f3n escolar<\/strong><\/li><li><strong>Clima de convivencia escolar<\/strong><\/li><li><strong>Participaci\u00f3n y formaci\u00f3n ciudadana<\/strong><\/li><li><strong>H\u00e1bitos de vida saludable<\/strong><\/li><\/ul>\n\n\n\n<p>Respecto a estos\nindicadores el Colegio Mayor Pe\u00f1alol\u00e9n en 4\u00ba B\u00e1sico se encuentra con resultados\nsimilares al puntaje promedio nacional del mismo grupo socioecon\u00f3mico y superior\na los colegios de la competencia a nivel comunal.<\/p>\n\n\n\n<p>En tanto, en el\nnivel de II\u00ba Medio tuvimos un alza en tres de los indicadores respecto a la\nmedici\u00f3n anterior, a\u00f1o 2022, y se observa un similar resultado de h\u00e1bitos de\nvida saludable. Y respecto a los colegios de la competencia nos ubicamos con\nmejores n\u00fameros en la mayor\u00eda de los indicadores.<\/p>\n","protected":false},"excerpt":{"rendered":"<p>Alza en puntajes Simce muestra recuperaci\u00f3n de aprendizaje pospandemia en el pa\u00eds, y Colegio Mayor de Pe\u00f1alol\u00e9n no fue la excepci\u00f3n obteniendo excelentes resultados tanto en 4\u00ba b\u00e1sico como en II Medio en las pruebas de lenguaje y matem\u00e1tica. Este a\u00f1o, la Agencia de Calidad&nbsp;<a href=\"https:\/\/webpe.colegiomayor.cl\/?p=31366\">&hellip;<\/a><\/p>\n","protected":false},"author":5,"featured_media":31367,"comment_status":"closed","ping_status":"closed","sticky":false,"template":"","format":"standard","meta":{"content-type":"","footnotes":""},"categories":[23],"tags":[],"class_list":["post-31366","post","type-post","status-publish","format-standard","has-post-thumbnail","hentry","category-actualidad","odd"],"rttpg_featured_image_url":null,"rttpg_author":{"display_name":"Flor Parragu\u00e9z","author_link":"https:\/\/webpe.colegiomayor.cl\/?author=5"},"rttpg_comment":0,"rttpg_category":"<a href=\"https:\/\/webpe.colegiomayor.cl\/?cat=23\" rel=\"category\">COLEGIO<\/a>","rttpg_excerpt":"Alza en puntajes Simce muestra recuperaci\u00f3n de aprendizaje pospandemia en el pa\u00eds, y Colegio Mayor de Pe\u00f1alol\u00e9n no fue la excepci\u00f3n obteniendo excelentes resultados tanto en 4\u00ba b\u00e1sico como en II Medio en las pruebas de lenguaje y matem\u00e1tica. Este a\u00f1o, la Agencia de Calidad&nbsp;&hellip;","_links":{"self":[{"href":"https:\/\/webpe.colegiomayor.cl\/index.php?rest_route=\/wp\/v2\/posts\/31366","targetHints":{"allow":["GET"]}}],"collection":[{"href":"https:\/\/webpe.colegiomayor.cl\/index.php?rest_route=\/wp\/v2\/posts"}],"about":[{"href":"https:\/\/webpe.colegiomayor.cl\/index.php?rest_route=\/wp\/v2\/types\/post"}],"author":[{"embeddable":true,"href":"https:\/\/webpe.colegiomayor.cl\/index.php?rest_route=\/wp\/v2\/users\/5"}],"replies":[{"embeddable":true,"href":"https:\/\/webpe.colegiomayor.cl\/index.php?rest_route=%2Fwp%2Fv2%2Fcomments&post=31366"}],"version-history":[{"count":0,"href":"https:\/\/webpe.colegiomayor.cl\/index.php?rest_route=\/wp\/v2\/posts\/31366\/revisions"}],"wp:featuredmedia":[{"embeddable":true,"href":"https:\/\/webpe.colegiomayor.cl\/index.php?rest_route=\/"}],"wp:attachment":[{"href":"https:\/\/webpe.colegiomayor.cl\/index.php?rest_route=%2Fwp%2Fv2%2Fmedia&parent=31366"}],"wp:term":[{"taxonomy":"category","embeddable":true,"href":"https:\/\/webpe.colegiomayor.cl\/index.php?rest_route=%2Fwp%2Fv2%2Fcategories&post=31366"},{"taxonomy":"post_tag","embeddable":true,"href":"https:\/\/webpe.colegiomayor.cl\/index.php?rest_route=%2Fwp%2Fv2%2Ftags&post=31366"}],"curies":[{"name":"wp","href":"https:\/\/api.w.org\/{rel}","templated":true}]}}