{"id":31340,"date":"2024-03-19T19:25:00","date_gmt":"2024-03-19T19:25:00","guid":{"rendered":"https:\/\/webpe.colegiomayor.cl\/?p=31340"},"modified":"2024-03-19T19:25:00","modified_gmt":"2024-03-19T19:25:00","slug":"inauguracion-ano-escolar-2024","status":"publish","type":"post","link":"https:\/\/webpe.colegiomayor.cl\/?p=31340","title":{"rendered":"Inauguraci\u00f3n a\u00f1o escolar 2024"},"content":{"rendered":"\n<p class=\"has-background has-text-align-center has-very-light-gray-background-color\"><strong><em>El d\u00eda viernes 15 de marzo se realiz\u00f3 la ceremonia de inauguraci\u00f3n del a\u00f1o Escolar 2024 en nuestro Colegio. El encuentro cont\u00f3 con la presencia de apoderados de las y los estudiantes de IV\u00b0 Medio, y estuvo encabezado por la rectora, se\u00f1ora Macarena Salas Achondo, quien dio la bienvenida a toda la comunidad educativa.<\/em><\/strong><\/p>\n\n\n\n<figure class=\"wp-block-gallery columns-1 is-cropped wp-block-gallery-1 is-layout-flex wp-block-gallery-is-layout-flex\"><ul class=\"blocks-gallery-grid\"><li class=\"blocks-gallery-item\"><figure><img decoding=\"async\" src=\"https:\/\/webpe.colegiomayor.cl\/wp-content\/uploads\/Inauguraci\u00f3n.jpg\" alt=\"\" data-id=\"31349\" data-full-url=\"https:\/\/webpe.colegiomayor.cl\/wp-content\/uploads\/Inauguraci\u00f3n.jpg\" data-link=\"https:\/\/webpe.colegiomayor.cl\/?attachment_id=31349\" class=\"wp-image-31349\"\/><\/figure><\/li><\/ul><\/figure>\n\n\n\n<p>Como es tradici\u00f3n, los estudiantes de IV Medio generaci\u00f3n 2024, quienes este a\u00f1o culminan su proceso escolar, ingresaron acompa\u00f1ados de sus profesores tutores y de los peque\u00f1os de 1\u00b0 b\u00e1sico, quienes simbolizan el camino por recorrer desde sus primeras letras hasta los aprendizajes m\u00e1s complejos que concretar\u00e1n el \u00faltimo a\u00f1o, en base a esfuerzo y perseverancia. <\/p>\n\n\n\n<figure class=\"wp-block-gallery columns-2 is-cropped wp-block-gallery-2 is-layout-flex wp-block-gallery-is-layout-flex\"><ul class=\"blocks-gallery-grid\"><li class=\"blocks-gallery-item\"><figure><img decoding=\"async\" src=\"https:\/\/webpe.colegiomayor.cl\/wp-content\/uploads\/5790.jpg\" alt=\"\" data-id=\"31351\" data-full-url=\"https:\/\/webpe.colegiomayor.cl\/wp-content\/uploads\/5790.jpg\" data-link=\"https:\/\/webpe.colegiomayor.cl\/?attachment_id=31351\" class=\"wp-image-31351\"\/><\/figure><\/li><li class=\"blocks-gallery-item\"><figure><img decoding=\"async\" src=\"https:\/\/webpe.colegiomayor.cl\/wp-content\/uploads\/5795.jpg\" alt=\"\" data-id=\"31352\" data-full-url=\"https:\/\/webpe.colegiomayor.cl\/wp-content\/uploads\/5795.jpg\" data-link=\"https:\/\/webpe.colegiomayor.cl\/?attachment_id=31352\" class=\"wp-image-31352\"\/><\/figure><\/li><\/ul><\/figure>\n\n\n\n<p>En la ceremonia el Himno Nacional y del colegio fueron interpretados por las profesoras de m\u00fasica, Daniela Vilo y Lorna Fuentes. <\/p>\n\n\n\n<figure class=\"wp-block-image size-large\"><img decoding=\"async\" src=\"https:\/\/webpe.colegiomayor.cl\/wp-content\/uploads\/5787.jpg\" alt=\"\" class=\"wp-image-31348\"\/><\/figure>\n\n\n\n<p>Consecutivamente los profesores tutores de IV\u00ba Medio fueron invitados al escenario para recibir de manos de la rectora los libros de clases de sus respectivos cursos, simbolizando as\u00ed el inicio de la \u00faltima etapa escolar.<\/p>\n\n\n\n<figure class=\"wp-block-gallery columns-2 is-cropped wp-block-gallery-3 is-layout-flex wp-block-gallery-is-layout-flex\"><ul class=\"blocks-gallery-grid\"><li class=\"blocks-gallery-item\"><figure><img decoding=\"async\" src=\"https:\/\/webpe.colegiomayor.cl\/wp-content\/uploads\/5823.jpg\" alt=\"\" data-id=\"31341\" data-full-url=\"https:\/\/webpe.colegiomayor.cl\/wp-content\/uploads\/5823.jpg\" data-link=\"https:\/\/webpe.colegiomayor.cl\/?attachment_id=31341\" class=\"wp-image-31341\"\/><\/figure><\/li><li class=\"blocks-gallery-item\"><figure><img decoding=\"async\" src=\"https:\/\/webpe.colegiomayor.cl\/wp-content\/uploads\/5824.jpg\" alt=\"\" data-id=\"31342\" data-full-url=\"https:\/\/webpe.colegiomayor.cl\/wp-content\/uploads\/5824.jpg\" data-link=\"https:\/\/webpe.colegiomayor.cl\/?attachment_id=31342\" class=\"wp-image-31342\"\/><\/figure><\/li><\/ul><\/figure>\n\n\n\n<figure class=\"wp-block-gallery columns-2 is-cropped wp-block-gallery-4 is-layout-flex wp-block-gallery-is-layout-flex\"><ul class=\"blocks-gallery-grid\"><li class=\"blocks-gallery-item\"><figure><img decoding=\"async\" src=\"https:\/\/webpe.colegiomayor.cl\/wp-content\/uploads\/5825.jpg\" alt=\"\" data-id=\"31343\" data-full-url=\"https:\/\/webpe.colegiomayor.cl\/wp-content\/uploads\/5825.jpg\" data-link=\"https:\/\/webpe.colegiomayor.cl\/?attachment_id=31343\" class=\"wp-image-31343\"\/><\/figure><\/li><li class=\"blocks-gallery-item\"><figure><img decoding=\"async\" src=\"https:\/\/webpe.colegiomayor.cl\/wp-content\/uploads\/5826.jpg\" alt=\"\" data-id=\"31344\" data-full-url=\"https:\/\/webpe.colegiomayor.cl\/wp-content\/uploads\/5826.jpg\" data-link=\"https:\/\/webpe.colegiomayor.cl\/?attachment_id=31344\" class=\"wp-image-31344\"\/><\/figure><\/li><\/ul><\/figure>\n\n\n\n<p>La inauguraci\u00f3n cont\u00f3 con un intermedio musical, instancia en que estudiante Amanda Ram\u00edrez Fuentes del 6\u00b0B\u00e1sico A quien interpret\u00f3 el tema <strong><em>\u201cCreo en mi\u201d<\/em><\/strong> de la cantautora espa\u00f1ola Natalia Jim\u00e9nez.<\/p>\n\n\n\n<figure class=\"wp-block-gallery aligncenter columns-1 is-cropped wp-block-gallery-5 is-layout-flex wp-block-gallery-is-layout-flex\"><ul class=\"blocks-gallery-grid\"><li class=\"blocks-gallery-item\"><figure><img decoding=\"async\" src=\"https:\/\/webpe.colegiomayor.cl\/wp-content\/uploads\/IMG_6657-1.jpg\" alt=\"\" data-id=\"31364\" data-full-url=\"https:\/\/webpe.colegiomayor.cl\/wp-content\/uploads\/IMG_6657-1.jpg\" data-link=\"https:\/\/webpe.colegiomayor.cl\/?attachment_id=31364\" class=\"wp-image-31364\"\/><\/figure><\/li><\/ul><\/figure>\n\n\n\n<p>Luego la rectora Sra. Macarena Salas se dirigi\u00f3 a la Comunidad Mayor para entregar un mensaje de bienvenida al a\u00f1o escolar 2024: \u201c<strong><em>Para este a\u00f1o hemos planificado el fortalecimiento de los procesos de aprendizaje nuestros estudiantes, en todos los niveles, fomentando su protagonismo y autonom\u00eda frente a su propio desarrollo, revitalizando el \u201chacer\u201d y potenciando el vivir en comunidad, relavando el buen trato en todos los estamentos de la comunidad, potenciado responsablemente y conscientemente una sana convivencia escolar\u201d.<\/em><\/strong><\/p>\n\n\n\n<figure class=\"wp-block-gallery columns-3 is-cropped wp-block-gallery-6 is-layout-flex wp-block-gallery-is-layout-flex\"><ul class=\"blocks-gallery-grid\"><li class=\"blocks-gallery-item\"><figure><img decoding=\"async\" src=\"https:\/\/webpe.colegiomayor.cl\/wp-content\/uploads\/5752.jpg\" alt=\"\" data-id=\"31354\" data-full-url=\"https:\/\/webpe.colegiomayor.cl\/wp-content\/uploads\/5752.jpg\" data-link=\"https:\/\/webpe.colegiomayor.cl\/?attachment_id=31354\" class=\"wp-image-31354\"\/><\/figure><\/li><li class=\"blocks-gallery-item\"><figure><img decoding=\"async\" src=\"https:\/\/webpe.colegiomayor.cl\/wp-content\/uploads\/5757.jpg\" alt=\"\" data-id=\"31355\" data-full-url=\"https:\/\/webpe.colegiomayor.cl\/wp-content\/uploads\/5757.jpg\" data-link=\"https:\/\/webpe.colegiomayor.cl\/?attachment_id=31355\" class=\"wp-image-31355\"\/><\/figure><\/li><li class=\"blocks-gallery-item\"><figure><img decoding=\"async\" src=\"https:\/\/webpe.colegiomayor.cl\/wp-content\/uploads\/5770.jpg\" alt=\"\" data-id=\"31356\" data-full-url=\"https:\/\/webpe.colegiomayor.cl\/wp-content\/uploads\/5770.jpg\" data-link=\"https:\/\/webpe.colegiomayor.cl\/?attachment_id=31356\" class=\"wp-image-31356\"\/><\/figure><\/li><\/ul><\/figure>\n\n\n\n<p>Asimismo, entreg\u00f3 unas palabras a los estudiantes de IV\u00ba Medio se\u00f1alando que <strong><em>\u201csin darse cuenta, comienzan un a\u00f1o de despedida y preparaci\u00f3n para la pr\u00f3xima etapa que les corresponder\u00e1 ser protagonistas. Los acompa\u00f1aremos en este camino para que cierren su etapa escolar con los mejores recuerdos de su colegio\u201d.<\/em><\/strong><\/p>\n\n\n\n<figure class=\"wp-block-gallery columns-3 is-cropped wp-block-gallery-7 is-layout-flex wp-block-gallery-is-layout-flex\"><ul class=\"blocks-gallery-grid\"><li class=\"blocks-gallery-item\"><figure><img decoding=\"async\" src=\"https:\/\/webpe.colegiomayor.cl\/wp-content\/uploads\/5771.jpg\" alt=\"\" data-id=\"31360\" data-full-url=\"https:\/\/webpe.colegiomayor.cl\/wp-content\/uploads\/5771.jpg\" data-link=\"https:\/\/webpe.colegiomayor.cl\/?attachment_id=31360\" class=\"wp-image-31360\"\/><\/figure><\/li><li class=\"blocks-gallery-item\"><figure><img decoding=\"async\" src=\"https:\/\/webpe.colegiomayor.cl\/wp-content\/uploads\/5760.jpg\" alt=\"\" data-id=\"31359\" data-full-url=\"https:\/\/webpe.colegiomayor.cl\/wp-content\/uploads\/5760.jpg\" data-link=\"https:\/\/webpe.colegiomayor.cl\/?attachment_id=31359\" class=\"wp-image-31359\"\/><\/figure><\/li><li class=\"blocks-gallery-item\"><figure><img decoding=\"async\" src=\"https:\/\/webpe.colegiomayor.cl\/wp-content\/uploads\/5749.jpg\" alt=\"\" data-id=\"31358\" data-full-url=\"https:\/\/webpe.colegiomayor.cl\/wp-content\/uploads\/5749.jpg\" data-link=\"https:\/\/webpe.colegiomayor.cl\/?attachment_id=31358\" class=\"wp-image-31358\"\/><\/figure><\/li><\/ul><\/figure>\n\n\n\n<p>Finalmente, las y los estudiantes de IV\u00b0 Medio, generaci\u00f3n\n2024 se retiraron junto a sus padres.<strong><em><\/em><\/strong><\/p>\n","protected":false},"excerpt":{"rendered":"<p>El d\u00eda viernes 15 de marzo se realiz\u00f3 la ceremonia de inauguraci\u00f3n del a\u00f1o Escolar 2024 en nuestro Colegio. El encuentro cont\u00f3 con la presencia de apoderados de las y los estudiantes de IV\u00b0 Medio, y estuvo encabezado por la rectora, se\u00f1ora Macarena Salas Achondo,&nbsp;<a href=\"https:\/\/webpe.colegiomayor.cl\/?p=31340\">&hellip;<\/a><\/p>\n","protected":false},"author":5,"featured_media":31349,"comment_status":"closed","ping_status":"closed","sticky":false,"template":"","format":"standard","meta":{"content-type":"","footnotes":""},"categories":[23],"tags":[],"class_list":["post-31340","post","type-post","status-publish","format-standard","has-post-thumbnail","hentry","category-actualidad","odd"],"rttpg_featured_image_url":null,"rttpg_author":{"display_name":"Flor Parragu\u00e9z","author_link":"https:\/\/webpe.colegiomayor.cl\/?author=5"},"rttpg_comment":0,"rttpg_category":"<a href=\"https:\/\/webpe.colegiomayor.cl\/?cat=23\" rel=\"category\">COLEGIO<\/a>","rttpg_excerpt":"El d\u00eda viernes 15 de marzo se realiz\u00f3 la ceremonia de inauguraci\u00f3n del a\u00f1o Escolar 2024 en nuestro Colegio. El encuentro cont\u00f3 con la presencia de apoderados de las y los estudiantes de IV\u00b0 Medio, y estuvo encabezado por la rectora, se\u00f1ora Macarena Salas Achondo,&nbsp;&hellip;","_links":{"self":[{"href":"https:\/\/webpe.colegiomayor.cl\/index.php?rest_route=\/wp\/v2\/posts\/31340","targetHints":{"allow":["GET"]}}],"collection":[{"href":"https:\/\/webpe.colegiomayor.cl\/index.php?rest_route=\/wp\/v2\/posts"}],"about":[{"href":"https:\/\/webpe.colegiomayor.cl\/index.php?rest_route=\/wp\/v2\/types\/post"}],"author":[{"embeddable":true,"href":"https:\/\/webpe.colegiomayor.cl\/index.php?rest_route=\/wp\/v2\/users\/5"}],"replies":[{"embeddable":true,"href":"https:\/\/webpe.colegiomayor.cl\/index.php?rest_route=%2Fwp%2Fv2%2Fcomments&post=31340"}],"version-history":[{"count":0,"href":"https:\/\/webpe.colegiomayor.cl\/index.php?rest_route=\/wp\/v2\/posts\/31340\/revisions"}],"wp:featuredmedia":[{"embeddable":true,"href":"https:\/\/webpe.colegiomayor.cl\/index.php?rest_route=\/"}],"wp:attachment":[{"href":"https:\/\/webpe.colegiomayor.cl\/index.php?rest_route=%2Fwp%2Fv2%2Fmedia&parent=31340"}],"wp:term":[{"taxonomy":"category","embeddable":true,"href":"https:\/\/webpe.colegiomayor.cl\/index.php?rest_route=%2Fwp%2Fv2%2Fcategories&post=31340"},{"taxonomy":"post_tag","embeddable":true,"href":"https:\/\/webpe.colegiomayor.cl\/index.php?rest_route=%2Fwp%2Fv2%2Ftags&post=31340"}],"curies":[{"name":"wp","href":"https:\/\/api.w.org\/{rel}","templated":true}]}}