{"id":31332,"date":"2024-04-03T14:56:03","date_gmt":"2024-04-03T14:56:03","guid":{"rendered":"https:\/\/webpe.colegiomayor.cl\/?p=31332"},"modified":"2024-04-03T14:56:03","modified_gmt":"2024-04-03T14:56:03","slug":"profesores-nuevos-2024-fueron-capacitados-en-metodologia-de-aula-invertida","status":"publish","type":"post","link":"https:\/\/webpe.colegiomayor.cl\/?p=31332","title":{"rendered":"Profesores nuevos 2024 fueron capacitados en Metodolog\u00eda de Aula Invertida"},"content":{"rendered":"\n<p class=\"has-background has-very-light-gray-background-color\"><strong><em>Colegio Mayor de Pe\u00f1alol\u00e9n se encuentra llevando a cabo un Taller Metodol\u00f3gico de Aula Invertida dirigido a las y los profesores que se integraron este a\u00f1o 2024 al Proyecto Educativo, con el objetivo de transmitir la experiencia y aplicaci\u00f3n de este modelo pedag\u00f3gico.<\/em><\/strong><\/p>\n\n\n\n<figure class=\"wp-block-image size-large\"><img decoding=\"async\" src=\"https:\/\/webpe.colegiomayor.cl\/wp-content\/uploads\/IMG_6613-1.jpg\" alt=\"\" class=\"wp-image-31336\"\/><\/figure>\n\n\n\n<p>El taller\nestuvo a cargo de la docente Olivia Leiva, quien ha vivenciado y aplicado desde\nsus inicios el Modelo de Aula Invertida en nuestro Colegio y Ximena Mu\u00f1oz,\nDirectora de Tecnolog\u00edas para el Aprendizaje.<\/p>\n\n\n\n<p>En esta instancia la relatora realiz\u00f3 un recuento de lo que ha sido el Aula Invertida en la instituci\u00f3n, recordando el a\u00f1o 2014, cuando se comenz\u00f3 a vivenciar un cambio gradual en su Proyecto Educativo Institucional (PEI), adaptando y aplicando paulatinamente la metodolog\u00eda llamada \u201cFlipped Classroom, Aula Invertida\u201d (FC-AI). Para luego adentrarse en las tem\u00e1ticas a desarrollar en este taller metodol\u00f3gico.<\/p>\n\n\n\n<figure class=\"wp-block-image size-large\"><img decoding=\"async\" src=\"https:\/\/webpe.colegiomayor.cl\/wp-content\/uploads\/IMG_6605-1.jpg\" alt=\"\" class=\"wp-image-31335\"\/><\/figure>\n\n\n\n<p class=\"has-background has-cyan-bluish-gray-background-color\"><strong>Tem\u00e1ticas:<\/strong><\/p>\n\n\n\n<p class=\"has-background has-very-light-gray-background-color\"><strong>1\u00b0 Sesi\u00f3n :<\/strong> Fundamentaci\u00f3n metodol\u00f3gica, del modelo Aula Invertida.<\/p>\n\n\n\n<p class=\"has-background has-very-light-gray-background-color\"><strong>2\u00b0 Sesi\u00f3n :<\/strong> Elaboraci\u00f3n del gui\u00f3n y sus etapas y algunos tips de c\u00f3mo grabar una c\u00e1psula de video.<\/p>\n\n\n\n<p class=\"has-background has-very-light-gray-background-color\"><strong>3\u00b0 Sesi\u00f3n :<\/strong> Clase Taller&nbsp; \u00bfC\u00f3mo invierto mi clase?.<\/p>\n\n\n\n<p class=\"has-background has-very-light-gray-background-color\"><strong>4\u00b0 Sesi\u00f3n :<\/strong> C\u00e1psulas de Video ,uso Camtasia.<\/p>\n\n\n\n<p>Se espera que en con estos encuentros las y los docentes se\ninstruyan de este m\u00e9todo que tiene al estudiante como protagonista y centro del\naprendizaje, permiti\u00e9ndoles aprender de manera activa. Donde el rol del docente\nes guiar, supervisar y mediar el proceso.<\/p>\n\n\n\n<p>Olivia Leiva, profesora y relatora de este taller nos coment\u00f3\nal respecto: <strong><em>\u201cEl taller de aula invertida para profesores y profesoras que\ningresaron al colegio este a\u00f1o 2024, es una gran iniciativa que busca acompa\u00f1ar\na los docentes en la aplicaci\u00f3n de esta metodolog\u00eda activa. Hemos programado\ndistintas sesiones continuas a lo largo del a\u00f1o, que tienen como principal\nobjetivo, dise\u00f1ar clases taller y aplicar en el aula toda la experiencia\nadquirida y compartida por este grupo que me corresponde liderar\u201d.<\/em><\/strong><\/p>\n\n\n\n<p>Asimismo, agreg\u00f3<strong><em> \u201cPara m\u00ed es una experiencia muy\ngratificante y motivadora, pues somos docentes de distintas asignaturas, todos\ndispuestos a aprender y aportar para que el aprendizaje de nuestros y nuestras\nestudiantes sea significativo y desarrollen habilidades del siglo XXI, que les\npermita desenvolverse con \u00e9xito en su etapa educativa escolar, y adquirir las\ncompetencias necesarias para la educaci\u00f3n superior\u201d.<\/em><\/strong><\/p>\n\n\n\n<p>Por su parte, Ximena Mu\u00f1oz, Directora de Tecnol\u00f3gica para el Aprendizaje nos cont\u00f3<strong><em> \u201cNuestra primera sesi\u00f3n trat\u00f3 sobre la fundamentaci\u00f3n pedag\u00f3gicas y metodol\u00f3gica del Modelo Aula Invertida, para que nuestros docentes puedan elaborar sus c\u00e1psula y clases taller utiliz\u00e1ndolas en sus pr\u00e1cticas docentes.\u201d <\/em><\/strong>Y agrega<strong><em> \u201cNuestra preocupaci\u00f3n como colegio es realizar un acompa\u00f1amiento a los docentes en esta metodolog\u00eda permanentemente y por esa raz\u00f3n realizaremos varias sesiones durante el a\u00f1o acad\u00e9mico. He visto a los docentes interesados, expectantes, agradecidos, con nuevos conocimientos y motivados\u201d.<\/em><\/strong><\/p>\n\n\n\n<figure class=\"wp-block-gallery columns-2 is-cropped wp-block-gallery-1 is-layout-flex wp-block-gallery-is-layout-flex\"><ul class=\"blocks-gallery-grid\"><li class=\"blocks-gallery-item\"><figure><img decoding=\"async\" src=\"https:\/\/webpe.colegiomayor.cl\/wp-content\/uploads\/Capacitaci\u00edon-profesores-nuevos.jpg\" alt=\"\" data-id=\"31333\" data-full-url=\"https:\/\/webpe.colegiomayor.cl\/wp-content\/uploads\/Capacitaci\u00edon-profesores-nuevos.jpg\" data-link=\"https:\/\/webpe.colegiomayor.cl\/?attachment_id=31333\" class=\"wp-image-31333\"\/><\/figure><\/li><li class=\"blocks-gallery-item\"><figure><img decoding=\"async\" src=\"https:\/\/webpe.colegiomayor.cl\/wp-content\/uploads\/IMG_6595-1.jpg\" alt=\"\" data-id=\"31334\" data-full-url=\"https:\/\/webpe.colegiomayor.cl\/wp-content\/uploads\/IMG_6595-1.jpg\" data-link=\"https:\/\/webpe.colegiomayor.cl\/?attachment_id=31334\" class=\"wp-image-31334\"\/><\/figure><\/li><\/ul><\/figure>\n\n\n\n<p>Finalmente, es importante recordar que, a mediados de 2014,\nnuestro Colegio comenz\u00f3 a incorporar un cambio en su Proyecto Educativo\nInstitucional (PEI), adaptando y aplicando paulatinamente la metodolog\u00eda\nllamada \u201cFlipped Classroom, Aula Invertida\u201d (FC-AI). <\/p>\n\n\n\n<p>Este modelo educativo consiste en invertir la concepci\u00f3n de\nla clase tradicional por una clase donde los estudiantes sean los protagonistas\nde su propio aprendizaje.&nbsp; Se mediatiza el\nconocimiento a trav\u00e9s de c\u00e1psulas de video, creadas por sus profesores, las que\nlos estudiantes deben visualizar antes de la clase y de esa forma dejar tiempo\nen clases para plantear dudas, realizar actividades grupales y m\u00e1s\nparticipativas, donde el profesor pasa a ser gu\u00eda colaborador de sus\nestudiantes.<\/p>\n","protected":false},"excerpt":{"rendered":"<p>Colegio Mayor de Pe\u00f1alol\u00e9n se encuentra llevando a cabo un Taller Metodol\u00f3gico de Aula Invertida dirigido a las y los profesores que se integraron este a\u00f1o 2024 al Proyecto Educativo, con el objetivo de transmitir la experiencia y aplicaci\u00f3n de este modelo pedag\u00f3gico. El taller&nbsp;<a href=\"https:\/\/webpe.colegiomayor.cl\/?p=31332\">&hellip;<\/a><\/p>\n","protected":false},"author":5,"featured_media":31334,"comment_status":"closed","ping_status":"closed","sticky":false,"template":"","format":"standard","meta":{"content-type":"","footnotes":""},"categories":[23],"tags":[],"class_list":["post-31332","post","type-post","status-publish","format-standard","has-post-thumbnail","hentry","category-actualidad","odd"],"rttpg_featured_image_url":null,"rttpg_author":{"display_name":"Flor Parragu\u00e9z","author_link":"https:\/\/webpe.colegiomayor.cl\/?author=5"},"rttpg_comment":0,"rttpg_category":"<a href=\"https:\/\/webpe.colegiomayor.cl\/?cat=23\" rel=\"category\">COLEGIO<\/a>","rttpg_excerpt":"Colegio Mayor de Pe\u00f1alol\u00e9n se encuentra llevando a cabo un Taller Metodol\u00f3gico de Aula Invertida dirigido a las y los profesores que se integraron este a\u00f1o 2024 al Proyecto Educativo, con el objetivo de transmitir la experiencia y aplicaci\u00f3n de este modelo pedag\u00f3gico. El taller&nbsp;&hellip;","_links":{"self":[{"href":"https:\/\/webpe.colegiomayor.cl\/index.php?rest_route=\/wp\/v2\/posts\/31332","targetHints":{"allow":["GET"]}}],"collection":[{"href":"https:\/\/webpe.colegiomayor.cl\/index.php?rest_route=\/wp\/v2\/posts"}],"about":[{"href":"https:\/\/webpe.colegiomayor.cl\/index.php?rest_route=\/wp\/v2\/types\/post"}],"author":[{"embeddable":true,"href":"https:\/\/webpe.colegiomayor.cl\/index.php?rest_route=\/wp\/v2\/users\/5"}],"replies":[{"embeddable":true,"href":"https:\/\/webpe.colegiomayor.cl\/index.php?rest_route=%2Fwp%2Fv2%2Fcomments&post=31332"}],"version-history":[{"count":0,"href":"https:\/\/webpe.colegiomayor.cl\/index.php?rest_route=\/wp\/v2\/posts\/31332\/revisions"}],"wp:featuredmedia":[{"embeddable":true,"href":"https:\/\/webpe.colegiomayor.cl\/index.php?rest_route=\/"}],"wp:attachment":[{"href":"https:\/\/webpe.colegiomayor.cl\/index.php?rest_route=%2Fwp%2Fv2%2Fmedia&parent=31332"}],"wp:term":[{"taxonomy":"category","embeddable":true,"href":"https:\/\/webpe.colegiomayor.cl\/index.php?rest_route=%2Fwp%2Fv2%2Fcategories&post=31332"},{"taxonomy":"post_tag","embeddable":true,"href":"https:\/\/webpe.colegiomayor.cl\/index.php?rest_route=%2Fwp%2Fv2%2Ftags&post=31332"}],"curies":[{"name":"wp","href":"https:\/\/api.w.org\/{rel}","templated":true}]}}