{"id":31316,"date":"2024-04-05T12:08:26","date_gmt":"2024-04-05T12:08:26","guid":{"rendered":"https:\/\/webpe.colegiomayor.cl\/?p=31316"},"modified":"2024-04-05T12:08:26","modified_gmt":"2024-04-05T12:08:26","slug":"fechas-relevantes-ano-lectivo-2024","status":"publish","type":"post","link":"https:\/\/webpe.colegiomayor.cl\/?p=31316","title":{"rendered":"Fechas relevantes a\u00f1o lectivo 2024"},"content":{"rendered":"\n<p class=\"has-background has-text-align-center has-very-light-gray-background-color\"><strong><em>Compartimos con ustedes las fechas relevantes del a\u00f1o escolar 2024<\/em><\/strong>.<\/p>\n\n\n\n<figure class=\"wp-block-table\"><table class=\"has-subtle-pale-blue-background-color has-background\"><tbody><tr><td>\n  <strong>FECHAS<\/strong>\n  <\/td><td>\n  <strong>ACTIVIDADES<\/strong>\n  <\/td><\/tr><tr><td>\n  05\n  de abril\n  <\/td><td>\n  D\u00eda\n  de la Actividad F\u00edsica\n  <\/td><\/tr><tr><td>\n  13\n  de abril \n  <\/td><td>\n  Primera\n  Comuni\u00f3n\n  <\/td><\/tr><tr><td>\n  15\n  de abril\n  <\/td><td>\n  Semana\n  del Libro\n  Inicio\n  Evaluaciones Progresivas 1\u00b0 b\u00e1sico a IV\u00b0 medio\n  <\/td><\/tr><tr><td>\n  22\n  de abril\n  <\/td><td>\n  Semana\n  de la Convivencia\n  <\/td><\/tr><tr><td>\n  25\n  de abril\n  <\/td><td>\n  D\u00eda\n  de la Convivencia\n  <\/td><\/tr><tr><td>\n  23-24-25\n  de abril\n  <\/td><td>\n  CAMPA\u00d1A INFLUENZA 2024&nbsp; PG \u2013 5\u00b0\n  B\u00c1SICO-PERSONAL DOCENTE HASTA 8\u00b0\n  <\/td><\/tr><tr><td>\n  27\n  de abril\n  <\/td><td>\n  D\u00eda\n  del Carabinero\n  1\u00b0\n  Jornada Familiar deportiva\/recreativa\n  <\/td><\/tr><tr><td>\n  &nbsp;\n  <\/td><td>\n  &nbsp;\n  <\/td><\/tr><tr><td>\n  01 de mayo\n  <\/td><td>\n  D\u00eda del Trabajo FERIADO\n  <\/td><\/tr><tr><td>\n  03\n  de mayo \n  <\/td><td>\n  T\u00e9rmino\n  Evaluaciones Progresivas 1\u00b0 b\u00e1sico a IV\u00b0 medio\n  <\/td><\/tr><tr><td>\n  08\n  de mayo \n  <\/td><td>\n  Ceremonia\n  entrega certificados FCE 2023\n  <\/td><\/tr><tr><td>\n  09\n  de mayo\n  <\/td><td>\n  1\u00b0\n  Jornada reflexi\u00f3n pedag\u00f3gica docentes\n  &nbsp;(salida estudiantes 1\u00b0 Ciclo, 12.00 hrs.- 2\u00b0\n  y 3\u00b0 Ciclo, 12.50 hrs.)\n  <\/td><\/tr><tr><td>\n  10\n  de mayo\n  <\/td><td>\n  D\u00eda\n  del Estudiante\n  <\/td><\/tr><tr><td>\n  12\n  de mayo \n  <\/td><td>\n  D\u00eda\n  de la Madre\n  <\/td><\/tr><tr><td>\n  13\n  de mayo\n  <\/td><td>\n  Publicaci\u00f3n\n  temarios 1\u00b0 Consolidaci\u00f3n\n  Semana\n  de la Educaci\u00f3n Art\u00edstica\n  <\/td><\/tr><tr><td>\n  20\n  de mayo\n  <\/td><td>\n  Interferiado\n  <\/td><\/tr><tr><td>\n  21 de mayo \n  <\/td><td>\n  Glorias Navales \/ FERIADO\n  <\/td><\/tr><tr><td>\n  22\n  de mayo\n  <\/td><td>\n  Inicio\n  1\u00b0 Consolidaci\u00f3n de Aprendizaje\n  Acto\n  conmemorativo D\u00eda de las Glorias Navales\n  <\/td><\/tr><tr><td>\n  25\n  de mayo\n  <\/td><td>\n  Encuentro\n  Padre e Hijo 8\u00b0 b\u00e1sico\n  <\/td><\/tr><tr><td>\n  27\n  de mayo\n  <\/td><td>\n  2\u00b0\n  semana de Consolidaci\u00f3n\n  <\/td><\/tr><tr><td>\n  03\n  de junio\n  <\/td><td>\n  3\u00b0\n  semana de Consolidaci\u00f3n\n  <\/td><\/tr><tr><td>\n  07\n  de junio\n  <\/td><td>\n  D\u00eda\n  del Clavel CEM\n  T\u00e9rmino\n  1\u00b0 Consolidaci\u00f3n de Aprendizaje\n  <\/td><\/tr><tr><td>\n  12\n  de junio\n  <\/td><td>\n  D\u00eda\n  de los Patrimonios\n  Olimpiadas\n  de Matem\u00e1ticas\n  <\/td><\/tr><tr><td>\n  <strong>17 de junio<\/strong>\n  <\/td><td>\n  <strong>\u00daltimo d\u00eda de clases 1\u00b0\n  Semestre<\/strong>\n  Expo\n  Pueblos Originarios \n  <\/td><\/tr><tr><td>\n  18\n  de junio\n  <\/td><td>\n  Aplicaci\u00f3n\n  Evaluaciones pendientes 1\u00b0 Consolidado 5\u00b0 a IV\u00b0\n  <\/td><\/tr><tr><td>\n  <strong>18 y 19 junio<\/strong>\n  <\/td><td>\n  <strong>Jornadas docentes,&nbsp; Planificaci\u00f3n y&nbsp; Evaluaci\u00f3n semestral (suspensi\u00f3n clases)<\/strong>\n  <\/td><\/tr><tr><td>\n  20 de junio \n  <\/td><td>\n  D\u00eda de los Pueblos Ind\u00edgenas \/ FERIADO\n  <\/td><\/tr><tr><td>\n  21\n  de junio\n  <\/td><td>\n  Interferiado\n  <\/td><\/tr><tr><td>\n  24\n  de junio al 05 de julio\n  <\/td><td>\n  VACACIONES\n  INVIERNO\n  <\/td><\/tr><tr><td>\n  <strong>08 de julio<\/strong>\n  <\/td><td>\n  <strong>Inicio Segundo Semestre<\/strong>\n  <\/td><\/tr><tr><td>\n  09\n  de julio\n  <\/td><td>\n  D\u00eda\n  Nacional de la Bandera\n  <\/td><\/tr><tr><td>\n  10,\n  11, 12 de julio\n  <\/td><td>\n  Olimpiadas\n  de Matem\u00e1tica, Ronda final\n  <\/td><\/tr><tr><td>\n  15\n  de julio\n  <\/td><td>\n  Interferiado\n  <\/td><\/tr><tr><td>\n  16 de julio \n  <\/td><td>\n  FERIADO Virgen del Carmen\n  <\/td><\/tr><tr><td>\n  19\n  de julio \n  <\/td><td>\n  D\u00eda\n  de la Matem\u00e1tica\n  <\/td><\/tr><tr><td>\n  23\n  y 25 julio\n  <\/td><td>\n  2\u00b0\n  Reuni\u00f3n Apoderados \n  <\/td><\/tr><tr><td>\n  02\n  de agosto\n  <\/td><td>\n  Caf\u00e9\n  Concert, CEM\n  <\/td><\/tr><tr><td>\n  05\n  de agosto\n  <\/td><td>\n  English\n  Week \n  <\/td><\/tr><tr><td>\n  09\n  de agosto\n  <\/td><td>\n  English\n  day\n  <\/td><\/tr><tr><td>\n  12\n  de agosto\n  <\/td><td>\n  D\u00eda\n  del ni\u00f1o y ni\u00f1a (interno)\n  <\/td><\/tr><tr><td>\n  15 de agosto\n  <\/td><td>\n  FERIADO Asunci\u00f3n de la Virgen\n  <\/td><\/tr><tr><td>\n  16\n  de agosto\n  <\/td><td>\n  Interferiado\n  <\/td><\/tr><tr><td>\n  19\n  de agosto\n  <\/td><td>\n  Semana\n  de la Ciencias\n  <\/td><\/tr><tr><td>\n  22\n  de agosto\n  <\/td><td>\n  Expo\n  Ciencias y Tecnolog\u00eda\n  <\/td><\/tr><tr><td>\n  29\n  de agosto\n  <\/td><td>\n  2\u00b0\n  Jornada reflexi\u00f3n pedag\u00f3gica docentes\n  &nbsp;(salida estudiantes 1\u00b0 Ciclo, 12.00 hrs.- 2\u00b0\n  y 3\u00b0 Ciclo, 12.50 hrs.)\n  <\/td><\/tr><tr><td>\n  11-13\n  de septiembre\n  <\/td><td>\n  Semana\n  de la Chilenidad\n  <\/td><\/tr><tr><td>\n  16\n  al 20 de septiembre\n  <\/td><td>\n  VACACIONES\n  FIESTAS PATRIAS\n  <\/td><\/tr><tr><td>\n  25\n  al 27 de septiembre\n  <\/td><td>\n  Aniversario\n  2024\n  <\/td><\/tr><tr><td>\n  04\n  de octubre\n  <\/td><td>\n  D\u00eda\n  de la M\u00fasica Chilena\n  <\/td><\/tr><tr><td>\n  12\n  de octubre\n  <\/td><td>\n  Encuentro\n  de&nbsp; Dos Mundos\n  <\/td><\/tr><tr><td>\n  16\n  de octubre \n  <\/td><td>\n  D\u00eda\n  del Profesor (suspensi\u00f3n clases)\n  <\/td><\/tr><tr><td>\n  18\n  de octubre\n  <\/td><td>\n  Cena\n  Aniversario\n  <\/td><\/tr><tr><td>\n  25\n  de octubre\n  <\/td><td>\n  Festival\n  de la Voz, Premiaci\u00f3n \u201cOjo con el Arte\u201d\n  <\/td><\/tr><tr><td>\n  26\n  de octubre \n  <\/td><td>\n  2\u00b0\n  Jornada Familiar deportiva\/recreativa\n  <\/td><\/tr><tr><td>\n  31 de octubre\n  <\/td><td>\n  FERIADO D\u00eda Iglesias Evang\u00e9licas y Protestantes \n  <\/td><\/tr><tr><td>\n  01 de noviembre\n  <\/td><td>\n  FERIADO D\u00eda de todos los Santos FERIADO\n  <\/td><\/tr><tr><td>\n  04\n  de noviembre\n  <\/td><td>\n  Inicio\n  2\u00b0 Consolidaci\u00f3n de Aprendizajes\n  <\/td><\/tr><tr><td>\n  08\n  de noviembre \n  <\/td><td>\n  Despedida\n  Colegio a IV\u00b0 Medio\n  <\/td><\/tr><tr><td>\n  11&nbsp; de noviembre\n  <\/td><td>\n  ExpoArte:\n  Formas y Colores\n  <\/td><\/tr><tr><td>\n  <strong>15 de noviembre<\/strong>\n  <\/td><td>\n  <strong>Licenciatura 2024<\/strong>\n  <\/td><\/tr><tr><td>\n  18\n  a 22 de noviembre\n  <\/td><td>\n  D\u00eda\n  de la Mariposa\n  <\/td><\/tr><tr><td>\n  19\n  y 21 de noviembre\n  <\/td><td>\n  3\u00b0\n  Reuni\u00f3n Apoderados\n  <\/td><\/tr><tr><td>\n  22\n  de noviembre\n  <\/td><td>\n  Finalizaci\u00f3n\n  2\u00b0 periodo de Consolidaci\u00f3n de Aprendizaje\n  <\/td><\/tr><tr><td>\n  03\n  de diciembre\n  <\/td><td>\n  D\u00eda\n  de la Secretaria\n  <\/td><\/tr><tr><td>\n  <strong>06 de diciembre<\/strong>\n  <\/td><td>\n  <strong>\u00daltimo d\u00eda de Clases<\/strong>\n  <\/td><\/tr><tr><td>\n  08 de diciembre\n  <\/td><td>\n  FERIADO D\u00eda de la Inmaculada Concepci\u00f3n\n  <\/td><\/tr><tr><td>\n  09-\n  10 de diciembre \n  <\/td><td>\n  Evaluaciones\n  pendientes y riesgo promoci\u00f3n\n  <\/td><\/tr><tr><td>\n  16\n  de diciembre\n  <\/td><td>\n  T\u00e9rmino\n  del A\u00f1o Escolar\n  <\/td><\/tr><tr><td>\n  20\n  y 23 de diciembre\n  <\/td><td>\n  Entrevista\n  de Cierre y Promoci\u00f3n anual PT\/ Apoderados\n  <\/td><\/tr><\/tbody><\/table><\/figure>\n","protected":false},"excerpt":{"rendered":"<p>Compartimos con ustedes las fechas relevantes del a\u00f1o escolar 2024. FECHAS ACTIVIDADES 05 de abril D\u00eda de la Actividad F\u00edsica 13 de abril Primera Comuni\u00f3n 15 de abril Semana del Libro Inicio Evaluaciones Progresivas 1\u00b0 b\u00e1sico a IV\u00b0 medio 22 de abril Semana de la&nbsp;<a href=\"https:\/\/webpe.colegiomayor.cl\/?p=31316\">&hellip;<\/a><\/p>\n","protected":false},"author":5,"featured_media":22569,"comment_status":"closed","ping_status":"closed","sticky":false,"template":"","format":"standard","meta":{"content-type":"","footnotes":""},"categories":[23],"tags":[],"class_list":["post-31316","post","type-post","status-publish","format-standard","has-post-thumbnail","hentry","category-actualidad","odd"],"rttpg_featured_image_url":null,"rttpg_author":{"display_name":"Flor Parragu\u00e9z","author_link":"https:\/\/webpe.colegiomayor.cl\/?author=5"},"rttpg_comment":0,"rttpg_category":"<a href=\"https:\/\/webpe.colegiomayor.cl\/?cat=23\" rel=\"category\">COLEGIO<\/a>","rttpg_excerpt":"Compartimos con ustedes las fechas relevantes del a\u00f1o escolar 2024. FECHAS ACTIVIDADES 05 de abril D\u00eda de la Actividad F\u00edsica 13 de abril Primera Comuni\u00f3n 15 de abril Semana del Libro Inicio Evaluaciones Progresivas 1\u00b0 b\u00e1sico a IV\u00b0 medio 22 de abril Semana de la&nbsp;&hellip;","_links":{"self":[{"href":"https:\/\/webpe.colegiomayor.cl\/index.php?rest_route=\/wp\/v2\/posts\/31316","targetHints":{"allow":["GET"]}}],"collection":[{"href":"https:\/\/webpe.colegiomayor.cl\/index.php?rest_route=\/wp\/v2\/posts"}],"about":[{"href":"https:\/\/webpe.colegiomayor.cl\/index.php?rest_route=\/wp\/v2\/types\/post"}],"author":[{"embeddable":true,"href":"https:\/\/webpe.colegiomayor.cl\/index.php?rest_route=\/wp\/v2\/users\/5"}],"replies":[{"embeddable":true,"href":"https:\/\/webpe.colegiomayor.cl\/index.php?rest_route=%2Fwp%2Fv2%2Fcomments&post=31316"}],"version-history":[{"count":0,"href":"https:\/\/webpe.colegiomayor.cl\/index.php?rest_route=\/wp\/v2\/posts\/31316\/revisions"}],"wp:featuredmedia":[{"embeddable":true,"href":"https:\/\/webpe.colegiomayor.cl\/index.php?rest_route=\/"}],"wp:attachment":[{"href":"https:\/\/webpe.colegiomayor.cl\/index.php?rest_route=%2Fwp%2Fv2%2Fmedia&parent=31316"}],"wp:term":[{"taxonomy":"category","embeddable":true,"href":"https:\/\/webpe.colegiomayor.cl\/index.php?rest_route=%2Fwp%2Fv2%2Fcategories&post=31316"},{"taxonomy":"post_tag","embeddable":true,"href":"https:\/\/webpe.colegiomayor.cl\/index.php?rest_route=%2Fwp%2Fv2%2Ftags&post=31316"}],"curies":[{"name":"wp","href":"https:\/\/api.w.org\/{rel}","templated":true}]}}