{"id":31307,"date":"2024-04-04T19:30:22","date_gmt":"2024-04-04T19:30:22","guid":{"rendered":"https:\/\/webpe.colegiomayor.cl\/?p=31307"},"modified":"2024-04-04T19:30:22","modified_gmt":"2024-04-04T19:30:22","slug":"actividades-deportivas-sabado-6-de-abril","status":"publish","type":"post","link":"https:\/\/webpe.colegiomayor.cl\/?p=31307","title":{"rendered":"Actividades deportivas, s\u00e1bado 6 de abril"},"content":{"rendered":"\n<figure class=\"wp-block-image size-large\"><img decoding=\"async\" src=\"https:\/\/webpe.colegiomayor.cl\/wp-content\/uploads\/dest_deportes_04-1024x589.jpg\" alt=\"\" class=\"wp-image-25803\"\/><\/figure>\n\n\n\n<p class=\"has-background has-cyan-bluish-gray-background-color\"><strong>Atletismo Selecci\u00f3n:<\/strong><\/p>\n\n\n\n<p><strong>ENTRENAMIENTO NORMAL<\/strong><\/p>\n\n\n\n<p><strong>Lugar:<\/strong> Pista\natl\u00e9tica Estadio Mayor.<\/p>\n\n\n\n<p><strong>Horario:<\/strong> 09:00 a\n10:20 horas.<\/p>\n\n\n\n<p><strong>Categor\u00edas:<\/strong> Penecas\n\/ Preparatoria<\/p>\n\n\n\n<p><strong>Horario:<\/strong> 10:30 a\n12:00 horas.<\/p>\n\n\n\n<p><strong>Categor\u00edas:<\/strong>\nInfantil \/ Intermedia \/ Superior<\/p>\n\n\n\n<p><strong>Profesores a Cargo:<\/strong>\n\u00darsula Rebolledo \u2013 Carlos Soto \u2013 Javiera Gonz\u00e1lez<\/p>\n\n\n\n<p class=\"has-background has-cyan-bluish-gray-background-color\"><strong>B\u00e1squetbol<\/strong>:<\/p>\n\n\n\n<p><strong>TORNEO UC CMPE V\/S\nCOLEGIO SAN JUAN EVANGELISTA<\/strong><\/p>\n\n\n\n<p><strong>Lugar:<\/strong>&nbsp; Colegio Everest; avenida Camino Real 4518, Lo\nBarnechea<\/p>\n\n\n\n<p><strong>Horario: <\/strong>desde\nlas 10:30 horas <\/p>\n\n\n\n<p><strong>Categor\u00edas:<\/strong> intermedia\n&#8211; Superior <\/p>\n\n\n\n<p><strong>Profesora a cargo:<\/strong> Nicol\u00e1s Ort\u00edz \u2013 Carlos Cerecera.<\/p>\n\n\n\n<p><strong>Mini \u2013 infantil\nSUSPENDIDO<\/strong><\/p>\n\n\n\n<p class=\"has-background has-cyan-bluish-gray-background-color\"><strong>Cheerleaders<\/strong>:<\/p>\n\n\n\n<p><strong>ENTRENAMIENTO NORMAL<\/strong><\/p>\n\n\n\n<p><strong>Lugar:<\/strong> Carpeta Estadio Mayor.<\/p>\n\n\n\n<p><strong>Horario: <\/strong>desde las 09:00 horas.<\/p>\n\n\n\n<p><strong>Categor\u00edas:<\/strong> Junior &#8211; Senior.<\/p>\n\n\n\n<p><strong>Profesora a cargo:<\/strong> Daniela Acu\u00f1a \u2013 Ricardo Vergara.<\/p>\n\n\n\n<p class=\"has-background has-cyan-bluish-gray-background-color\"><strong>F\u00fatbol Selecci\u00f3n:<\/strong><\/p>\n\n\n\n<p><strong>TORNEO UC CMPE V\/S\nANDREE ENGLISH SCHOOL<\/strong><\/p>\n\n\n\n<p><strong>Lugar:<\/strong> Cancha Estadio Mayor.<\/p>\n\n\n\n<p><strong>Horario<\/strong>: desde\nlas 08:30 horas.<\/p>\n\n\n\n<p><strong>Categor\u00edas:<\/strong> Intermedia\n\u2013 Superior<\/p>\n\n\n\n<p><strong>Entrenamiento Normal:\nmini (09:00 \u2013 10:15 horas) \/\/ Infantil (09:30 a 12:00 horas)<\/strong><\/p>\n\n\n\n<ul class=\"wp-block-list\"><li><strong>Traer\nZapatillas mini e infantil <\/strong><\/li><\/ul>\n\n\n\n<p><strong>Profesores a Cargo:<\/strong>\nRa\u00fal briones \u2013 Pablo S\u00e1nchez \u2013 Edgar Vargas<\/p>\n\n\n\n<p><strong>Gimnasia Art\u00edstica\nSelecci\u00f3n:<\/strong><\/p>\n\n\n\n<p><strong>ENTRENAMIENTO NORMAL<\/strong><\/p>\n\n\n\n<p><strong>Lugar:<\/strong> Estadio\nMayor<\/p>\n\n\n\n<p><strong>Horario Primer Bloque:<\/strong> 09:00 a 10:20 horas.<\/p>\n\n\n\n<p>Profesores a cargo: Loreto Erazo.<\/p>\n\n\n\n<p><strong>Horario Segundo Bloque:<\/strong> 10:30 a 12:00 horas.<\/p>\n\n\n\n<p><strong>Profesores a Cargo:<\/strong>\nLoreto Erazo &#8211; Millaray Albornoz \u2013 Yabhet Oblitas<\/p>\n\n\n\n<p class=\"has-background has-cyan-bluish-gray-background-color\"><strong>Nataci\u00f3n Selecci\u00f3n:<\/strong><\/p>\n\n\n\n<p><strong>ENTRENAMIENTO NORMAL<\/strong><\/p>\n\n\n\n<p><strong>Lugar:<\/strong> Piscina Estadio Mayor.<\/p>\n\n\n\n<p><strong>Horario Primer Bloque:<\/strong> 09:00 a 10:20 horas.<\/p>\n\n\n\n<p><strong>Categor\u00edas:<\/strong> (3 B\u00e1sico a III\u00ba Medio).<\/p>\n\n\n\n<p>Profesores a cargo: Sim\u00f3n Fern\u00e1ndez \u2013 Mat\u00edas Jaque.<\/p>\n\n\n\n<p><strong>Horario Segundo Bloque:<\/strong> 10:30 a 12:00 horas.<\/p>\n\n\n\n<p><strong>Categor\u00edas:<\/strong> (2\u00ba a\n4\u00ba B\u00e1sico).<\/p>\n\n\n\n<p><strong>Profesores a Cargo:<\/strong>\nSim\u00f3n Fern\u00e1ndez &#8211; -Marly Delgado \u2013 Mat\u00edas Jaque<\/p>\n\n\n\n<p><strong>Tenis Selecci\u00f3n:<\/strong><\/p>\n\n\n\n<p><strong>TORNEO ENTRETENIS<\/strong><\/p>\n\n\n\n<p>Entrenamientos Suspendidos<\/p>\n\n\n\n<p><strong>Lugar:<\/strong> San Carlos\nde Apoquindo<\/p>\n\n\n\n<p><strong>Categor\u00eda: <\/strong>Listado\nseleccionados para torneo<\/p>\n\n\n\n<p><strong>Profesores a Cargo:<\/strong> Sebasti\u00e1n Mondaca \u2013 Claudio Catal\u00e1n.<\/p>\n\n\n\n<p><strong>ENTRENAMIENTOS\nSUSPENDIDOS<\/strong><\/p>\n\n\n\n<p class=\"has-background has-cyan-bluish-gray-background-color\"><strong>Voleibol Femenino<\/strong><\/p>\n\n\n\n<p><strong>TORNEO UC CMPE V\/S\nCOLEGIO SAGRADOS CORAZON DE MANQUEHUE<\/strong><\/p>\n\n\n\n<p><strong>Lugar:<\/strong> Colegio Sagrado Coraz\u00f3n de Manquehue.<\/p>\n\n\n\n<p><strong>Horario:<\/strong> citaci\u00f3n desde las 09:30 horas.<\/p>\n\n\n\n<p>Profesores a cargo: Joaqu\u00edn M\u00e9ndez \u2013 Maximiliano Ram\u00edrez.<\/p>\n\n\n\n<p><strong>ENTRENAMIENTOS\nSUSPENDIDOS<\/strong><\/p>\n\n\n\n<p class=\"has-background has-cyan-bluish-gray-background-color\"><strong>Voleibol Masculino<\/strong>:<\/p>\n\n\n\n<p><strong>TORNEO UC CMPE V\/S\nCOLEGIO ALEM\u00c1N<\/strong><\/p>\n\n\n\n<p><strong>Lugar:<\/strong> Colegio Nuestra Se\u00f1ora del Rosario.<\/p>\n\n\n\n<p><strong>Horario:<\/strong> 08:15 horas.<\/p>\n\n\n\n<p>Profesores a cargo: Valent\u00edn Tamayo \u2013 Pablo Beltr\u00e1n.<\/p>\n\n\n\n<p><strong>ENTRENAMIENTOS\nSUSPENDIDOS<\/strong><\/p>\n","protected":false},"excerpt":{"rendered":"<p>Atletismo Selecci\u00f3n: ENTRENAMIENTO NORMAL Lugar: Pista atl\u00e9tica Estadio Mayor. Horario: 09:00 a 10:20 horas. Categor\u00edas: Penecas \/ Preparatoria Horario: 10:30 a 12:00 horas. Categor\u00edas: Infantil \/ Intermedia \/ Superior Profesores a Cargo: \u00darsula Rebolledo \u2013 Carlos Soto \u2013 Javiera Gonz\u00e1lez B\u00e1squetbol: TORNEO UC CMPE V\/S&nbsp;<a href=\"https:\/\/webpe.colegiomayor.cl\/?p=31307\">&hellip;<\/a><\/p>\n","protected":false},"author":5,"featured_media":25803,"comment_status":"closed","ping_status":"closed","sticky":false,"template":"","format":"standard","meta":{"content-type":"","footnotes":""},"categories":[25],"tags":[],"class_list":["post-31307","post","type-post","status-publish","format-standard","has-post-thumbnail","hentry","category-deportes","odd"],"rttpg_featured_image_url":null,"rttpg_author":{"display_name":"Flor Parragu\u00e9z","author_link":"https:\/\/webpe.colegiomayor.cl\/?author=5"},"rttpg_comment":0,"rttpg_category":"<a href=\"https:\/\/webpe.colegiomayor.cl\/?cat=25\" rel=\"category\">DEPORTES<\/a>","rttpg_excerpt":"Atletismo Selecci\u00f3n: ENTRENAMIENTO NORMAL Lugar: Pista atl\u00e9tica Estadio Mayor. Horario: 09:00 a 10:20 horas. Categor\u00edas: Penecas \/ Preparatoria Horario: 10:30 a 12:00 horas. Categor\u00edas: Infantil \/ Intermedia \/ Superior Profesores a Cargo: \u00darsula Rebolledo \u2013 Carlos Soto \u2013 Javiera Gonz\u00e1lez B\u00e1squetbol: TORNEO UC CMPE V\/S&nbsp;&hellip;","_links":{"self":[{"href":"https:\/\/webpe.colegiomayor.cl\/index.php?rest_route=\/wp\/v2\/posts\/31307","targetHints":{"allow":["GET"]}}],"collection":[{"href":"https:\/\/webpe.colegiomayor.cl\/index.php?rest_route=\/wp\/v2\/posts"}],"about":[{"href":"https:\/\/webpe.colegiomayor.cl\/index.php?rest_route=\/wp\/v2\/types\/post"}],"author":[{"embeddable":true,"href":"https:\/\/webpe.colegiomayor.cl\/index.php?rest_route=\/wp\/v2\/users\/5"}],"replies":[{"embeddable":true,"href":"https:\/\/webpe.colegiomayor.cl\/index.php?rest_route=%2Fwp%2Fv2%2Fcomments&post=31307"}],"version-history":[{"count":0,"href":"https:\/\/webpe.colegiomayor.cl\/index.php?rest_route=\/wp\/v2\/posts\/31307\/revisions"}],"wp:featuredmedia":[{"embeddable":true,"href":"https:\/\/webpe.colegiomayor.cl\/index.php?rest_route=\/"}],"wp:attachment":[{"href":"https:\/\/webpe.colegiomayor.cl\/index.php?rest_route=%2Fwp%2Fv2%2Fmedia&parent=31307"}],"wp:term":[{"taxonomy":"category","embeddable":true,"href":"https:\/\/webpe.colegiomayor.cl\/index.php?rest_route=%2Fwp%2Fv2%2Fcategories&post=31307"},{"taxonomy":"post_tag","embeddable":true,"href":"https:\/\/webpe.colegiomayor.cl\/index.php?rest_route=%2Fwp%2Fv2%2Ftags&post=31307"}],"curies":[{"name":"wp","href":"https:\/\/api.w.org\/{rel}","templated":true}]}}