{"id":31235,"date":"2024-03-22T19:09:02","date_gmt":"2024-03-22T19:09:02","guid":{"rendered":"https:\/\/webpe.colegiomayor.cl\/?p=31235"},"modified":"2024-03-22T19:09:02","modified_gmt":"2024-03-22T19:09:02","slug":"traspaso-de-mando-del-cem-2024","status":"publish","type":"post","link":"https:\/\/webpe.colegiomayor.cl\/?p=31235","title":{"rendered":"Traspaso de mando del CEM 2024"},"content":{"rendered":"\n<p class=\"has-background has-text-align-center has-very-light-gray-background-color\"><strong><em>El Centro de estudiantes cumple un rol fundamental para el colegio, este debe velar por el bienestar del estudiantado, representarlos frente a direcci\u00f3n y organizar eventos recreativos, deportivos, educativos, culturales y solidarios.<\/em><\/strong><\/p>\n\n\n\n<figure class=\"wp-block-image size-large\"><img decoding=\"async\" src=\"https:\/\/webpe.colegiomayor.cl\/wp-content\/uploads\/5837.jpg\" alt=\"\" class=\"wp-image-31236\"\/><\/figure>\n\n\n\n<p>En la instancia el TRICEL Tribunal calificador de elecciones dio una cordial bienvenida al cambio de mando 2024, en manos de las estudiantes Martina G\u00f3mez y Florencia Barrientos quienes fueron las encargadas de guiar el traspaso de mando del Centro de Estudiantes.<\/p>\n\n\n\n<figure class=\"wp-block-gallery columns-2 is-cropped wp-block-gallery-1 is-layout-flex wp-block-gallery-is-layout-flex\"><ul class=\"blocks-gallery-grid\"><li class=\"blocks-gallery-item\"><figure><img decoding=\"async\" src=\"https:\/\/webpe.colegiomayor.cl\/wp-content\/uploads\/Sin-t\u00edtulo-70.png\" alt=\"\" data-id=\"31240\" data-full-url=\"https:\/\/webpe.colegiomayor.cl\/wp-content\/uploads\/Sin-t\u00edtulo-70.png\" data-link=\"https:\/\/webpe.colegiomayor.cl\/?attachment_id=31240\" class=\"wp-image-31240\"\/><figcaption class=\"blocks-gallery-item__caption\">Profesor Asesor, Sa\u00fal Villagr\u00e1n junto al Director de Ciclo, Jos\u00e9 Miguel Arriagada.<\/figcaption><\/figure><\/li><li class=\"blocks-gallery-item\"><figure><img decoding=\"async\" src=\"https:\/\/webpe.colegiomayor.cl\/wp-content\/uploads\/PTA.png\" alt=\"\" data-id=\"31239\" data-full-url=\"https:\/\/webpe.colegiomayor.cl\/wp-content\/uploads\/PTA.png\" data-link=\"https:\/\/webpe.colegiomayor.cl\/?attachment_id=31239\" class=\"wp-image-31239\"\/><figcaption class=\"blocks-gallery-item__caption\"><strong>Sophia Zamora, Presidenta CEM 2024.<\/strong><\/figcaption><\/figure><\/li><\/ul><\/figure>\n\n\n\n<p class=\"has-background has-very-light-gray-background-color\"><strong>La lista electa que asumi\u00f3 el\nCentro de Estudiante 2023 est\u00e1 conformado por:<\/strong><\/p>\n\n\n\n<figure class=\"wp-block-table\"><table class=\"has-subtle-pale-blue-background-color has-background\"><tbody><tr><td>\n  <strong>Mesa\n  Central<\/strong>\n  <\/td><td>\n  <strong>Delegaci\u00f3n\n  de cultura: <\/strong>\n  <strong>&nbsp;<\/strong>\n  <\/td><td>\n  <strong>Delegaci\u00f3n\n  de recreaci\u00f3n y deportes <\/strong>\n  <strong>&nbsp;<\/strong>\n  <\/td><td>\n  <strong>Delegaci\u00f3n\n  de acci\u00f3n social <\/strong>\n  <strong>&nbsp;<\/strong>\n  <\/td><td>\n  <strong>Delegaci\u00f3n\n  b\u00e1sica <\/strong>\n  <strong>&nbsp;<\/strong>\n  <\/td><\/tr><tr><td>\n  Soph\u00eda Zamora (Presidenta).\n  \n  Sof\u00eda Su\u00e1rez (Vicepresidente)\n  Benjam\u00edn Cubillos (Secretario\n  de finanzas) \n  V\u00edctor Esperguel (Secretario\n  ejecutivo) \n  Ignacia Baier (Secretaria\n  de comunicaciones) \n  Josefina Mansilla (Secretaria\n  de actas)&nbsp; \n  &nbsp;\n  <\/td><td>\n  &nbsp;\n  Antonia Sims \n  Amanda Maldonado \n  Sofia Lanas \n  Joaqu\u00edn Bocaz \n  Javiera Gonz\u00e1lez Catalina\n  Veas \n  &nbsp;\n  <\/td><td>\n  Benjam\u00edn P\u00e9rez \n  Santiago Cilveti \n  Emilia Varas \n  Vicente Sandoval \n  Tiara Carroza &nbsp;\n  Crist\u00f3bal Antona \n  Camila Zavala \n  &nbsp;\n  <\/td><td>\n  &nbsp;\n  Emilia Gangas \n  Luna Rodas \n  Valentina D\u00edaz \n  Sof\u00eda G\u00e1lvez \n  Rafael Molina \n  Isidora Klein \n  Francisca Moraga \n  &nbsp;\n  <\/td><td>\n  &nbsp;\n  Isidora Fuenzalida \n  Renato Gonz\u00e1lez \n  Emilia Thiele \n  &nbsp;\n  <\/td><\/tr><\/tbody><\/table><\/figure>\n\n\n\n<figure class=\"wp-block-image size-large\"><img decoding=\"async\" src=\"https:\/\/webpe.colegiomayor.cl\/wp-content\/uploads\/IMG_6678.jpg\" alt=\"\" class=\"wp-image-31238\"\/><\/figure>\n\n\n\n<p class=\"has-background has-very-light-gray-background-color\">Les deseamos el mejor de los \u00e9xitos para la gesti\u00f3n de este a\u00f1o 2024.<\/p>\n\n\n\n<figure class=\"wp-block-gallery columns-2 is-cropped wp-block-gallery-2 is-layout-flex wp-block-gallery-is-layout-flex\"><ul class=\"blocks-gallery-grid\"><li class=\"blocks-gallery-item\"><figure><img decoding=\"async\" src=\"https:\/\/webpe.colegiomayor.cl\/wp-content\/uploads\/IMG_6674.jpg\" alt=\"\" data-id=\"31243\" data-full-url=\"https:\/\/webpe.colegiomayor.cl\/wp-content\/uploads\/IMG_6674.jpg\" data-link=\"https:\/\/webpe.colegiomayor.cl\/?attachment_id=31243\" class=\"wp-image-31243\"\/><\/figure><\/li><li class=\"blocks-gallery-item\"><figure><img decoding=\"async\" src=\"https:\/\/webpe.colegiomayor.cl\/wp-content\/uploads\/IMG_6675.jpg\" alt=\"\" data-id=\"31244\" data-full-url=\"https:\/\/webpe.colegiomayor.cl\/wp-content\/uploads\/IMG_6675.jpg\" data-link=\"https:\/\/webpe.colegiomayor.cl\/?attachment_id=31244\" class=\"wp-image-31244\"\/><\/figure><\/li><\/ul><\/figure>\n\n\n\n<p class=\"has-background has-very-light-gray-background-color\">Se les agradece su gesti\u00f3n y compromiso a quienes fueron parte del Centro de Estudiantes durante el a\u00f1o 2023.<\/p>\n\n\n\n<figure class=\"wp-block-image size-large\"><img decoding=\"async\" src=\"https:\/\/webpe.colegiomayor.cl\/wp-content\/uploads\/5842.jpg\" alt=\"\" class=\"wp-image-31237\"\/><\/figure>\n\n\n\n<figure class=\"wp-block-table\"><table class=\"has-subtle-pale-pink-background-color has-background\"><tbody><tr><td>   <strong>Cultura   <\/strong><\/td><td>   <strong>Acci\u00f3n   social  <\/strong> &nbsp;   <\/td><td>   <strong>Deporte  <\/strong>  &nbsp;   <\/td><td><strong>   B\u00e1sica   <\/strong><\/td><td>   <strong>Mesa Central<\/strong>   <\/td><\/tr><tr><td>\n  Francisca\n  Mart\u00ednez\n  Agustina\n  Escobar \n  Valentina\n  Garc\u00eda \n  Benjam\u00edn\n  Lagos \n  &nbsp;\n  &nbsp;\n  <\/td><td>\n  Mar\u00eda\n  Ignacia Baier \n  Josefina\n  Mansilla\n  Rafael\n  Molina \n  Eduardo\n  Avellano \n  Sof\u00eda Avil\u00e9s\n  \n  &nbsp;\n  <\/td><td>\n  Alberto\n  Encina \n  Ema Cortes \n  Crist\u00f3bal\n  P\u00e9rez\n  Josefa\n  Lisboa\n  Victor\n  Esperguel\n  &nbsp;\n  <\/td><td>\n  Ignacio\n  Durand\n  Francisca\n  Moraga\n  Rodrigo\n  Ram\u00edrez\n  &nbsp;\n  <\/td><td>\n  Maximiliano\n  Carrillo\n  Angelina\n  Meta\n  Sophia\n  Zamora\n  Javiera\n  P\u00e9rez\n  Gabriela\n  Molina\n  Elisa Arcos\n  &nbsp;\n  <\/td><\/tr><\/tbody><\/table><\/figure>\n\n\n\n<p>A todos ustedes muchas gracias.<\/p>\n","protected":false},"excerpt":{"rendered":"<p>El Centro de estudiantes cumple un rol fundamental para el colegio, este debe velar por el bienestar del estudiantado, representarlos frente a direcci\u00f3n y organizar eventos recreativos, deportivos, educativos, culturales y solidarios. En la instancia el TRICEL Tribunal calificador de elecciones dio una cordial bienvenida&nbsp;<a href=\"https:\/\/webpe.colegiomayor.cl\/?p=31235\">&hellip;<\/a><\/p>\n","protected":false},"author":5,"featured_media":31237,"comment_status":"closed","ping_status":"closed","sticky":false,"template":"","format":"standard","meta":{"content-type":"","footnotes":""},"categories":[23],"tags":[],"class_list":["post-31235","post","type-post","status-publish","format-standard","has-post-thumbnail","hentry","category-actualidad","odd"],"rttpg_featured_image_url":null,"rttpg_author":{"display_name":"Flor Parragu\u00e9z","author_link":"https:\/\/webpe.colegiomayor.cl\/?author=5"},"rttpg_comment":0,"rttpg_category":"<a href=\"https:\/\/webpe.colegiomayor.cl\/?cat=23\" rel=\"category\">COLEGIO<\/a>","rttpg_excerpt":"El Centro de estudiantes cumple un rol fundamental para el colegio, este debe velar por el bienestar del estudiantado, representarlos frente a direcci\u00f3n y organizar eventos recreativos, deportivos, educativos, culturales y solidarios. En la instancia el TRICEL Tribunal calificador de elecciones dio una cordial bienvenida&nbsp;&hellip;","_links":{"self":[{"href":"https:\/\/webpe.colegiomayor.cl\/index.php?rest_route=\/wp\/v2\/posts\/31235","targetHints":{"allow":["GET"]}}],"collection":[{"href":"https:\/\/webpe.colegiomayor.cl\/index.php?rest_route=\/wp\/v2\/posts"}],"about":[{"href":"https:\/\/webpe.colegiomayor.cl\/index.php?rest_route=\/wp\/v2\/types\/post"}],"author":[{"embeddable":true,"href":"https:\/\/webpe.colegiomayor.cl\/index.php?rest_route=\/wp\/v2\/users\/5"}],"replies":[{"embeddable":true,"href":"https:\/\/webpe.colegiomayor.cl\/index.php?rest_route=%2Fwp%2Fv2%2Fcomments&post=31235"}],"version-history":[{"count":0,"href":"https:\/\/webpe.colegiomayor.cl\/index.php?rest_route=\/wp\/v2\/posts\/31235\/revisions"}],"wp:featuredmedia":[{"embeddable":true,"href":"https:\/\/webpe.colegiomayor.cl\/index.php?rest_route=\/"}],"wp:attachment":[{"href":"https:\/\/webpe.colegiomayor.cl\/index.php?rest_route=%2Fwp%2Fv2%2Fmedia&parent=31235"}],"wp:term":[{"taxonomy":"category","embeddable":true,"href":"https:\/\/webpe.colegiomayor.cl\/index.php?rest_route=%2Fwp%2Fv2%2Fcategories&post=31235"},{"taxonomy":"post_tag","embeddable":true,"href":"https:\/\/webpe.colegiomayor.cl\/index.php?rest_route=%2Fwp%2Fv2%2Ftags&post=31235"}],"curies":[{"name":"wp","href":"https:\/\/api.w.org\/{rel}","templated":true}]}}