{"id":31226,"date":"2024-03-21T18:31:24","date_gmt":"2024-03-21T18:31:24","guid":{"rendered":"https:\/\/webpe.colegiomayor.cl\/?p=31226"},"modified":"2024-03-21T18:31:24","modified_gmt":"2024-03-21T18:31:24","slug":"actividades-deportivas-sabado-23-de-marzo","status":"publish","type":"post","link":"https:\/\/webpe.colegiomayor.cl\/?p=31226","title":{"rendered":"Actividades Deportivas, s\u00e1bado 23 de marzo"},"content":{"rendered":"\n<figure class=\"wp-block-image size-large\"><img decoding=\"async\" src=\"https:\/\/webpe.colegiomayor.cl\/wp-content\/uploads\/dest_deportes_01-1024x589.jpg\" alt=\"\" class=\"wp-image-25929\"\/><\/figure>\n\n\n\n<p class=\"has-background has-very-light-gray-background-color\"><strong>Atletismo Selecci\u00f3n<\/strong><\/p>\n\n\n\n<p>Entrenamiento Normal.<\/p>\n\n\n\n<p><strong>Lugar:<\/strong> Pista\natl\u00e9tica Estadio Mayor.<\/p>\n\n\n\n<p><strong>Horario:<\/strong> 09:00 a\n10:20 horas.<\/p>\n\n\n\n<p><strong>Categor\u00edas:<\/strong> Penecas \/ Preparatoria.<\/p>\n\n\n\n<p><strong>Horario:<\/strong> 10:30 a\n12:00 horas.<\/p>\n\n\n\n<p><strong>Categor\u00edas:<\/strong>\nInfantil \/ Intermedia \/ Superior<\/p>\n\n\n\n<p><strong>Profesores a Cargo:<\/strong> \u00darsula Rebolledo \u2013 Carlos Soto \u2013 Javiera Gonz\u00e1lez.<\/p>\n\n\n\n<p class=\"has-background has-very-light-gray-background-color\"><strong>B\u00e1squetbol<\/strong><\/p>\n\n\n\n<p>Entrenamiento Normal.<\/p>\n\n\n\n<p><strong>Lugar:<\/strong> Carpeta\nEstadio Mayor<\/p>\n\n\n\n<p><strong>Horario: <\/strong>desde las 09:00 horas .<\/p>\n\n\n\n<p><strong>Categor\u00edas:<\/strong> Mini \u2013 Media.<\/p>\n\n\n\n<p><strong>Profesora a cargo:<\/strong> Nicol\u00e1s Fr\u00edas.<\/p>\n\n\n\n<p>Superior \u2013 infantil, SUSPENDIDO.<\/p>\n\n\n\n<p class=\"has-background has-very-light-gray-background-color\"><strong>Cheerleaders<\/strong><\/p>\n\n\n\n<p>Entrenamiento Normal.<\/p>\n\n\n\n<p><strong>Lugar:<\/strong> Carpeta Estadio Mayor.<\/p>\n\n\n\n<p><strong>Horario: <\/strong>desde las 09:00 horas.<\/p>\n\n\n\n<p><strong>Categor\u00edas:<\/strong> Junior &#8211; Senior.<\/p>\n\n\n\n<p><strong>Profesora a cargo:<\/strong> Daniela Acu\u00f1a \u2013 Ricardo Vergara.<\/p>\n\n\n\n<p class=\"has-background has-very-light-gray-background-color\"><strong>F\u00fatbol Selecci\u00f3n<\/strong><\/p>\n\n\n\n<p>Entrenamiento normal<\/p>\n\n\n\n<p><strong>Lugar:<\/strong> Cancha\nEstadio Mayor<\/p>\n\n\n\n<p><strong>Horario<\/strong>: desde\nlas 09:00 horas<\/p>\n\n\n\n<p><strong>Categor\u00edas:<\/strong> todas<\/p>\n\n\n\n<p><strong>Profesores a Cargo:<\/strong>\nRa\u00fal briones \u2013 Pablo S\u00e1nchez \u2013 Edgar Vargas<\/p>\n\n\n\n<p class=\"has-background has-very-light-gray-background-color\"><strong>Gimnasia Art\u00edstica Selecci\u00f3n<\/strong><\/p>\n\n\n\n<p>Entrenamiento normal<\/p>\n\n\n\n<p><strong>Lugar:<\/strong> Estadio Mayor.<\/p>\n\n\n\n<p><strong>Horario Primer Bloque:<\/strong> 09:00 a 10:20 horas.<\/p>\n\n\n\n<p><strong>Profesores a cargo:<\/strong> Loreto Erazo.<\/p>\n\n\n\n<p><strong>Horario Segundo Bloque:<\/strong> 10:30 a 12:00 horas.<\/p>\n\n\n\n<p><strong>Profesores a Cargo:<\/strong> Loreto Erazo.<\/p>\n\n\n\n<p class=\"has-background has-very-light-gray-background-color\"><strong>Nataci\u00f3n Selecci\u00f3n:<\/strong><\/p>\n\n\n\n<p>Entrenamiento Piscina<\/p>\n\n\n\n<p><strong>Lugar:<\/strong> Piscina\nEstadio Mayor<\/p>\n\n\n\n<p><strong>Horario Primer\nBloque:<\/strong> 09:00 a 10:20 horas<\/p>\n\n\n\n<p><strong>Categor\u00edas:<\/strong> (3\nB\u00e1sico a III\u00ba Medio)<\/p>\n\n\n\n<p>Profesores a cargo: Sim\u00f3n Fern\u00e1ndez \u2013 Mat\u00edas Jaque<\/p>\n\n\n\n<p><strong>Horario Segundo\nBloque:<\/strong> 10:30 a 12:00 horas<\/p>\n\n\n\n<p><strong>Categor\u00edas:<\/strong> (2\u00ba a\n4\u00ba B\u00e1sico).<\/p>\n\n\n\n<p><strong>Profesores a Cargo:<\/strong>\nSim\u00f3n Fern\u00e1ndez &#8211; -Marly Delgado \u2013 Mat\u00edas Jaque<\/p>\n\n\n\n<p class=\"has-background has-very-light-gray-background-color\"><strong>Tenis Selecci\u00f3n<\/strong><\/p>\n\n\n\n<p>Entrenamiento Normal<\/p>\n\n\n\n<p><strong>Lugar:<\/strong> Canchas de\ntenis Estadio Mayor<\/p>\n\n\n\n<p><strong>Horario Primer Bloque:<\/strong> 09:00 a 10:20 horas.<\/p>\n\n\n\n<p><strong>Categor\u00edas:<\/strong> grupo 1.<\/p>\n\n\n\n<p>Profesores a cargo: Sebasti\u00e1n Mondaca.<\/p>\n\n\n\n<p><strong>Horario Segundo Bloque:<\/strong> 10:30 a 12:00 horas.<\/p>\n\n\n\n<p><strong>Categor\u00edas:<\/strong> grupo 2.<\/p>\n\n\n\n<p><strong>Profesores a Cargo:<\/strong> Sebasti\u00e1n Mondaca.<\/p>\n\n\n\n<p class=\"has-background has-very-light-gray-background-color\"><strong>V\u00f3leibol Femenino<\/strong><\/p>\n\n\n\n<p>Cuadrangular amistoso <\/p>\n\n\n\n<ul class=\"wp-block-list\"><li>Club Olivos<\/li><li>Trewhelas superior<\/li><li>CMPE<\/li><li>Trewhelas Infantil<\/li><\/ul>\n\n\n\n<p><strong>Lugar:<\/strong> Foro &#8211; Carpeta.<\/p>\n\n\n\n<p><strong>Horario:<\/strong> 09:00 a 12:00 horas.<\/p>\n\n\n\n<p>Profesores a cargo: Joaqu\u00edn M\u00e9ndez.<\/p>\n\n\n\n<p class=\"has-background has-very-light-gray-background-color\"><strong>V\u00f3leibol Masculino <\/strong><\/p>\n\n\n\n<p>Entrenamiento suspendido mini<\/p>\n\n\n\n<p>Amistoso, CMPE V\/S LUIS CAMPINO.<\/p>\n\n\n\n<p><strong>Lugar:<\/strong> Colegio Luis Campino.<\/p>\n\n\n\n<p><strong>Horario:<\/strong> citaci\u00f3n desde las 08:30 horas.<\/p>\n\n\n\n<p><strong>Profesores a cargo:<\/strong> Pablo Beltr\u00e1n \u2013 Valent\u00edn Tamayo.<\/p>\n","protected":false},"excerpt":{"rendered":"<p>Atletismo Selecci\u00f3n Entrenamiento Normal. Lugar: Pista atl\u00e9tica Estadio Mayor. Horario: 09:00 a 10:20 horas. Categor\u00edas: Penecas \/ Preparatoria. Horario: 10:30 a 12:00 horas. Categor\u00edas: Infantil \/ Intermedia \/ Superior Profesores a Cargo: \u00darsula Rebolledo \u2013 Carlos Soto \u2013 Javiera Gonz\u00e1lez. B\u00e1squetbol Entrenamiento Normal. Lugar: Carpeta&nbsp;<a href=\"https:\/\/webpe.colegiomayor.cl\/?p=31226\">&hellip;<\/a><\/p>\n","protected":false},"author":5,"featured_media":25929,"comment_status":"closed","ping_status":"closed","sticky":false,"template":"","format":"standard","meta":{"content-type":"","footnotes":""},"categories":[25],"tags":[],"class_list":["post-31226","post","type-post","status-publish","format-standard","has-post-thumbnail","hentry","category-deportes","odd"],"rttpg_featured_image_url":null,"rttpg_author":{"display_name":"Flor Parragu\u00e9z","author_link":"https:\/\/webpe.colegiomayor.cl\/?author=5"},"rttpg_comment":0,"rttpg_category":"<a href=\"https:\/\/webpe.colegiomayor.cl\/?cat=25\" rel=\"category\">DEPORTES<\/a>","rttpg_excerpt":"Atletismo Selecci\u00f3n Entrenamiento Normal. Lugar: Pista atl\u00e9tica Estadio Mayor. Horario: 09:00 a 10:20 horas. Categor\u00edas: Penecas \/ Preparatoria. Horario: 10:30 a 12:00 horas. Categor\u00edas: Infantil \/ Intermedia \/ Superior Profesores a Cargo: \u00darsula Rebolledo \u2013 Carlos Soto \u2013 Javiera Gonz\u00e1lez. B\u00e1squetbol Entrenamiento Normal. Lugar: Carpeta&nbsp;&hellip;","_links":{"self":[{"href":"https:\/\/webpe.colegiomayor.cl\/index.php?rest_route=\/wp\/v2\/posts\/31226","targetHints":{"allow":["GET"]}}],"collection":[{"href":"https:\/\/webpe.colegiomayor.cl\/index.php?rest_route=\/wp\/v2\/posts"}],"about":[{"href":"https:\/\/webpe.colegiomayor.cl\/index.php?rest_route=\/wp\/v2\/types\/post"}],"author":[{"embeddable":true,"href":"https:\/\/webpe.colegiomayor.cl\/index.php?rest_route=\/wp\/v2\/users\/5"}],"replies":[{"embeddable":true,"href":"https:\/\/webpe.colegiomayor.cl\/index.php?rest_route=%2Fwp%2Fv2%2Fcomments&post=31226"}],"version-history":[{"count":0,"href":"https:\/\/webpe.colegiomayor.cl\/index.php?rest_route=\/wp\/v2\/posts\/31226\/revisions"}],"wp:featuredmedia":[{"embeddable":true,"href":"https:\/\/webpe.colegiomayor.cl\/index.php?rest_route=\/"}],"wp:attachment":[{"href":"https:\/\/webpe.colegiomayor.cl\/index.php?rest_route=%2Fwp%2Fv2%2Fmedia&parent=31226"}],"wp:term":[{"taxonomy":"category","embeddable":true,"href":"https:\/\/webpe.colegiomayor.cl\/index.php?rest_route=%2Fwp%2Fv2%2Fcategories&post=31226"},{"taxonomy":"post_tag","embeddable":true,"href":"https:\/\/webpe.colegiomayor.cl\/index.php?rest_route=%2Fwp%2Fv2%2Ftags&post=31226"}],"curies":[{"name":"wp","href":"https:\/\/api.w.org\/{rel}","templated":true}]}}