{"id":31207,"date":"2024-03-19T15:48:44","date_gmt":"2024-03-19T15:48:44","guid":{"rendered":"https:\/\/webpe.colegiomayor.cl\/?p=31207"},"modified":"2024-03-19T15:48:44","modified_gmt":"2024-03-19T15:48:44","slug":"lista-de-espera-para-after-school","status":"publish","type":"post","link":"https:\/\/webpe.colegiomayor.cl\/?p=31207","title":{"rendered":"Lista de espera para After School"},"content":{"rendered":"\n<figure class=\"wp-block-image size-large\"><img decoding=\"async\" src=\"https:\/\/webpe.colegiomayor.cl\/wp-content\/uploads\/logo-after.png\" alt=\"\" class=\"wp-image-31204\"\/><\/figure>\n\n\n\n<p>Estimadas Familias,<\/p>\n\n\n\n<p>Junto con saludarlos, les queremos expresar nuestro agradecimiento por la\ngran acogida que ha tenido nuestro After School Mayor, estamos muy contentos de\npoder contribuir de manera exitosa con las distintas necesidades de las familias\nque componen nuestra comunidad.<\/p>\n\n\n\n<p>En relaci\u00f3n a lo anterior, les informamos que el nivel de 3 a 5 a\u00f1os est\u00e1\ncompleto, sin embargo, se iniciara a partir del d\u00eda de hoy martes 19 de marzo\nuna lista de espera, en la cual si usted est\u00e1 interesada\/o en que su hija\/o\nasista, se puede inscribir a trav\u00e9s del correo <a href=\"mailto:Afterschool@colegiomayor.cl\">Afterschool@colegiomayor.cl<\/a>, y ser\u00e1 atendido por Roc\u00edo Moraga, Directora de After School Mayor.<\/p>\n\n\n\n<p>Es relevante mencionar que una vez inscritos 15 ni\u00f1os, podremos iniciar un\nnuevo curso.<\/p>\n\n\n\n<p>Se despide cordialmente,<\/p>\n\n\n\n<p>Roc\u00edo Moraga M.<\/p>\n\n\n\n<p class=\"has-background has-very-light-gray-background-color\"><strong>Direcci\u00f3n de Extensi\u00f3n<\/strong><\/p>\n\n\n\n<p class=\"has-background has-very-light-gray-background-color\"><strong>Colegios Mayor<\/strong><\/p>\n","protected":false},"excerpt":{"rendered":"<p>Estimadas Familias, Junto con saludarlos, les queremos expresar nuestro agradecimiento por la gran acogida que ha tenido nuestro After School Mayor, estamos muy contentos de poder contribuir de manera exitosa con las distintas necesidades de las familias que componen nuestra comunidad. En relaci\u00f3n a lo&nbsp;<a href=\"https:\/\/webpe.colegiomayor.cl\/?p=31207\">&hellip;<\/a><\/p>\n","protected":false},"author":5,"featured_media":29013,"comment_status":"closed","ping_status":"closed","sticky":false,"template":"","format":"standard","meta":{"content-type":"","footnotes":""},"categories":[23],"tags":[],"class_list":["post-31207","post","type-post","status-publish","format-standard","has-post-thumbnail","hentry","category-actualidad","odd"],"rttpg_featured_image_url":null,"rttpg_author":{"display_name":"Flor Parragu\u00e9z","author_link":"https:\/\/webpe.colegiomayor.cl\/?author=5"},"rttpg_comment":0,"rttpg_category":"<a href=\"https:\/\/webpe.colegiomayor.cl\/?cat=23\" rel=\"category\">COLEGIO<\/a>","rttpg_excerpt":"Estimadas Familias, Junto con saludarlos, les queremos expresar nuestro agradecimiento por la gran acogida que ha tenido nuestro After School Mayor, estamos muy contentos de poder contribuir de manera exitosa con las distintas necesidades de las familias que componen nuestra comunidad. En relaci\u00f3n a lo&nbsp;&hellip;","_links":{"self":[{"href":"https:\/\/webpe.colegiomayor.cl\/index.php?rest_route=\/wp\/v2\/posts\/31207","targetHints":{"allow":["GET"]}}],"collection":[{"href":"https:\/\/webpe.colegiomayor.cl\/index.php?rest_route=\/wp\/v2\/posts"}],"about":[{"href":"https:\/\/webpe.colegiomayor.cl\/index.php?rest_route=\/wp\/v2\/types\/post"}],"author":[{"embeddable":true,"href":"https:\/\/webpe.colegiomayor.cl\/index.php?rest_route=\/wp\/v2\/users\/5"}],"replies":[{"embeddable":true,"href":"https:\/\/webpe.colegiomayor.cl\/index.php?rest_route=%2Fwp%2Fv2%2Fcomments&post=31207"}],"version-history":[{"count":0,"href":"https:\/\/webpe.colegiomayor.cl\/index.php?rest_route=\/wp\/v2\/posts\/31207\/revisions"}],"wp:featuredmedia":[{"embeddable":true,"href":"https:\/\/webpe.colegiomayor.cl\/index.php?rest_route=\/"}],"wp:attachment":[{"href":"https:\/\/webpe.colegiomayor.cl\/index.php?rest_route=%2Fwp%2Fv2%2Fmedia&parent=31207"}],"wp:term":[{"taxonomy":"category","embeddable":true,"href":"https:\/\/webpe.colegiomayor.cl\/index.php?rest_route=%2Fwp%2Fv2%2Fcategories&post=31207"},{"taxonomy":"post_tag","embeddable":true,"href":"https:\/\/webpe.colegiomayor.cl\/index.php?rest_route=%2Fwp%2Fv2%2Ftags&post=31207"}],"curies":[{"name":"wp","href":"https:\/\/api.w.org\/{rel}","templated":true}]}}