{"id":31149,"date":"2024-03-15T18:56:04","date_gmt":"2024-03-15T18:56:04","guid":{"rendered":"https:\/\/webpe.colegiomayor.cl\/?p=31149"},"modified":"2024-03-15T18:56:04","modified_gmt":"2024-03-15T18:56:04","slug":"primer-dia-de-clases","status":"publish","type":"post","link":"https:\/\/webpe.colegiomayor.cl\/?p=31149","title":{"rendered":"Primer d\u00eda de clases"},"content":{"rendered":"\n<p class=\"has-background has-text-align-center has-very-light-gray-background-color\"><strong><em>El pasado mi\u00e9rcoles 6 de marzo nuestro Colegio Mayor Pe\u00f1alol\u00e9n dio el vamos al a\u00f1o escolar 2024 desde Play Group a IV\u00ba Medio<\/em><\/strong>.<\/p>\n\n\n\n<figure class=\"wp-block-gallery columns-2 is-cropped wp-block-gallery-1 is-layout-flex wp-block-gallery-is-layout-flex\"><ul class=\"blocks-gallery-grid\"><li class=\"blocks-gallery-item\"><figure><img decoding=\"async\" src=\"https:\/\/webpe.colegiomayor.cl\/wp-content\/uploads\/WhatsApp-Image-2024-03-12-at-10.00.19-713x1024.jpeg\" alt=\"\" data-id=\"31168\" data-full-url=\"https:\/\/webpe.colegiomayor.cl\/wp-content\/uploads\/WhatsApp-Image-2024-03-12-at-10.00.19.jpeg\" data-link=\"https:\/\/webpe.colegiomayor.cl\/?attachment_id=31168\" class=\"wp-image-31168\"\/><\/figure><\/li><li class=\"blocks-gallery-item\"><figure><img decoding=\"async\" src=\"https:\/\/webpe.colegiomayor.cl\/wp-content\/uploads\/IMG_6377-1.jpg\" alt=\"\" data-id=\"31154\" data-full-url=\"https:\/\/webpe.colegiomayor.cl\/wp-content\/uploads\/IMG_6377-1.jpg\" data-link=\"https:\/\/webpe.colegiomayor.cl\/?attachment_id=31154\" class=\"wp-image-31154\"\/><\/figure><\/li><\/ul><\/figure>\n\n\n\n<p>Con mucho entusiasmo padres y apoderados llegaron a nuestras dependencias a dejar a sus hijos, en este nuevo a\u00f1o escolar, el que se presenta con nuevos desaf\u00edos, anhelos, aprendizaje, compromiso y nuevas&nbsp; experiencias.<\/p>\n\n\n\n<figure class=\"wp-block-gallery columns-1 is-cropped wp-block-gallery-2 is-layout-flex wp-block-gallery-is-layout-flex\"><ul class=\"blocks-gallery-grid\"><li class=\"blocks-gallery-item\"><figure><img decoding=\"async\" src=\"https:\/\/webpe.colegiomayor.cl\/wp-content\/uploads\/IMG_6382-1.jpg\" alt=\"\" data-id=\"31156\" data-full-url=\"https:\/\/webpe.colegiomayor.cl\/wp-content\/uploads\/IMG_6382-1.jpg\" data-link=\"https:\/\/webpe.colegiomayor.cl\/?attachment_id=31156\" class=\"wp-image-31156\"\/><\/figure><\/li><\/ul><\/figure>\n\n\n\n<figure class=\"wp-block-gallery columns-2 is-cropped wp-block-gallery-3 is-layout-flex wp-block-gallery-is-layout-flex\"><ul class=\"blocks-gallery-grid\"><li class=\"blocks-gallery-item\"><figure><img decoding=\"async\" src=\"https:\/\/webpe.colegiomayor.cl\/wp-content\/uploads\/IMG_6385-1.jpg\" alt=\"\" data-id=\"31158\" data-full-url=\"https:\/\/webpe.colegiomayor.cl\/wp-content\/uploads\/IMG_6385-1.jpg\" data-link=\"https:\/\/webpe.colegiomayor.cl\/?attachment_id=31158\" class=\"wp-image-31158\"\/><\/figure><\/li><li class=\"blocks-gallery-item\"><figure><img decoding=\"async\" src=\"https:\/\/webpe.colegiomayor.cl\/wp-content\/uploads\/IMG_6388-1.jpg\" alt=\"\" data-id=\"31159\" data-full-url=\"https:\/\/webpe.colegiomayor.cl\/wp-content\/uploads\/IMG_6388-1.jpg\" data-link=\"https:\/\/webpe.colegiomayor.cl\/?attachment_id=31159\" class=\"wp-image-31159\"\/><\/figure><\/li><\/ul><\/figure>\n\n\n\n<figure class=\"wp-block-gallery columns-2 is-cropped wp-block-gallery-4 is-layout-flex wp-block-gallery-is-layout-flex\"><ul class=\"blocks-gallery-grid\"><li class=\"blocks-gallery-item\"><figure><img decoding=\"async\" src=\"https:\/\/webpe.colegiomayor.cl\/wp-content\/uploads\/IMG_6395.jpg\" alt=\"\" data-id=\"31161\" data-full-url=\"https:\/\/webpe.colegiomayor.cl\/wp-content\/uploads\/IMG_6395.jpg\" data-link=\"https:\/\/webpe.colegiomayor.cl\/?attachment_id=31161\" class=\"wp-image-31161\"\/><\/figure><\/li><li class=\"blocks-gallery-item\"><figure><img decoding=\"async\" src=\"https:\/\/webpe.colegiomayor.cl\/wp-content\/uploads\/IMG_6406.jpg\" alt=\"\" data-id=\"31162\" data-full-url=\"https:\/\/webpe.colegiomayor.cl\/wp-content\/uploads\/IMG_6406.jpg\" data-link=\"https:\/\/webpe.colegiomayor.cl\/?attachment_id=31162\" class=\"wp-image-31162\"\/><\/figure><\/li><\/ul><\/figure>\n\n\n\n<figure class=\"wp-block-gallery columns-2 is-cropped wp-block-gallery-5 is-layout-flex wp-block-gallery-is-layout-flex\"><ul class=\"blocks-gallery-grid\"><li class=\"blocks-gallery-item\"><figure><img decoding=\"async\" src=\"https:\/\/webpe.colegiomayor.cl\/wp-content\/uploads\/IMG_6418.jpg\" alt=\"\" data-id=\"31164\" data-full-url=\"https:\/\/webpe.colegiomayor.cl\/wp-content\/uploads\/IMG_6418.jpg\" data-link=\"https:\/\/webpe.colegiomayor.cl\/?attachment_id=31164\" class=\"wp-image-31164\"\/><\/figure><\/li><li class=\"blocks-gallery-item\"><figure><img decoding=\"async\" src=\"https:\/\/webpe.colegiomayor.cl\/wp-content\/uploads\/IMG_6420.jpg\" alt=\"\" data-id=\"31165\" data-full-url=\"https:\/\/webpe.colegiomayor.cl\/wp-content\/uploads\/IMG_6420.jpg\" data-link=\"https:\/\/webpe.colegiomayor.cl\/?attachment_id=31165\" class=\"wp-image-31165\"\/><\/figure><\/li><\/ul><\/figure>\n\n\n\n<figure class=\"wp-block-gallery columns-2 is-cropped wp-block-gallery-6 is-layout-flex wp-block-gallery-is-layout-flex\"><ul class=\"blocks-gallery-grid\"><li class=\"blocks-gallery-item\"><figure><img decoding=\"async\" src=\"https:\/\/webpe.colegiomayor.cl\/wp-content\/uploads\/IMG_6543.jpg\" alt=\"\" data-id=\"31170\" data-full-url=\"https:\/\/webpe.colegiomayor.cl\/wp-content\/uploads\/IMG_6543.jpg\" data-link=\"https:\/\/webpe.colegiomayor.cl\/?attachment_id=31170\" class=\"wp-image-31170\"\/><\/figure><\/li><li class=\"blocks-gallery-item\"><figure><img decoding=\"async\" src=\"https:\/\/webpe.colegiomayor.cl\/wp-content\/uploads\/IMG_6547.jpg\" alt=\"\" data-id=\"31171\" data-full-url=\"https:\/\/webpe.colegiomayor.cl\/wp-content\/uploads\/IMG_6547.jpg\" data-link=\"https:\/\/webpe.colegiomayor.cl\/?attachment_id=31171\" class=\"wp-image-31171\"\/><\/figure><\/li><\/ul><\/figure>\n\n\n\n<figure class=\"wp-block-image size-large\"><img decoding=\"async\" src=\"https:\/\/webpe.colegiomayor.cl\/wp-content\/uploads\/IMG_6561-1.jpg\" alt=\"\" class=\"wp-image-31174\"\/><\/figure>\n\n\n\n<figure class=\"wp-block-gallery columns-2 is-cropped wp-block-gallery-7 is-layout-flex wp-block-gallery-is-layout-flex\"><ul class=\"blocks-gallery-grid\"><li class=\"blocks-gallery-item\"><figure><img decoding=\"async\" src=\"https:\/\/webpe.colegiomayor.cl\/wp-content\/uploads\/IMG_6549.jpg\" alt=\"\" data-id=\"31175\" data-full-url=\"https:\/\/webpe.colegiomayor.cl\/wp-content\/uploads\/IMG_6549.jpg\" data-link=\"https:\/\/webpe.colegiomayor.cl\/?attachment_id=31175\" class=\"wp-image-31175\"\/><\/figure><\/li><li class=\"blocks-gallery-item\"><figure><img decoding=\"async\" src=\"https:\/\/webpe.colegiomayor.cl\/wp-content\/uploads\/IMG_6559-1.jpg\" alt=\"\" data-id=\"31176\" data-full-url=\"https:\/\/webpe.colegiomayor.cl\/wp-content\/uploads\/IMG_6559-1.jpg\" data-link=\"https:\/\/webpe.colegiomayor.cl\/?attachment_id=31176\" class=\"wp-image-31176\"\/><\/figure><\/li><\/ul><\/figure>\n\n\n\n<figure class=\"wp-block-gallery columns-2 is-cropped wp-block-gallery-8 is-layout-flex wp-block-gallery-is-layout-flex\"><ul class=\"blocks-gallery-grid\"><li class=\"blocks-gallery-item\"><figure><img decoding=\"async\" src=\"https:\/\/webpe.colegiomayor.cl\/wp-content\/uploads\/IMG_6476-1-683x1024.jpg\" alt=\"\" data-id=\"31192\" data-full-url=\"https:\/\/webpe.colegiomayor.cl\/wp-content\/uploads\/IMG_6476-1.jpg\" data-link=\"https:\/\/webpe.colegiomayor.cl\/?attachment_id=31192\" class=\"wp-image-31192\"\/><\/figure><\/li><li class=\"blocks-gallery-item\"><figure><img decoding=\"async\" src=\"https:\/\/webpe.colegiomayor.cl\/wp-content\/uploads\/IMG_6517-1-683x1024.jpg\" alt=\"\" data-id=\"31190\" data-full-url=\"https:\/\/webpe.colegiomayor.cl\/wp-content\/uploads\/IMG_6517-1.jpg\" data-link=\"https:\/\/webpe.colegiomayor.cl\/?attachment_id=31190\" class=\"wp-image-31190\"\/><\/figure><\/li><\/ul><\/figure>\n","protected":false},"excerpt":{"rendered":"<p>El pasado mi\u00e9rcoles 6 de marzo nuestro Colegio Mayor Pe\u00f1alol\u00e9n dio el vamos al a\u00f1o escolar 2024 desde Play Group a IV\u00ba Medio. Con mucho entusiasmo padres y apoderados llegaron a nuestras dependencias a dejar a sus hijos, en este nuevo a\u00f1o escolar, el que&nbsp;<a href=\"https:\/\/webpe.colegiomayor.cl\/?p=31149\">&hellip;<\/a><\/p>\n","protected":false},"author":5,"featured_media":31156,"comment_status":"closed","ping_status":"closed","sticky":false,"template":"","format":"standard","meta":{"content-type":"","footnotes":""},"categories":[23],"tags":[],"class_list":["post-31149","post","type-post","status-publish","format-standard","has-post-thumbnail","hentry","category-actualidad","odd"],"rttpg_featured_image_url":null,"rttpg_author":{"display_name":"Flor Parragu\u00e9z","author_link":"https:\/\/webpe.colegiomayor.cl\/?author=5"},"rttpg_comment":0,"rttpg_category":"<a href=\"https:\/\/webpe.colegiomayor.cl\/?cat=23\" rel=\"category\">COLEGIO<\/a>","rttpg_excerpt":"El pasado mi\u00e9rcoles 6 de marzo nuestro Colegio Mayor Pe\u00f1alol\u00e9n dio el vamos al a\u00f1o escolar 2024 desde Play Group a IV\u00ba Medio. Con mucho entusiasmo padres y apoderados llegaron a nuestras dependencias a dejar a sus hijos, en este nuevo a\u00f1o escolar, el que&nbsp;&hellip;","_links":{"self":[{"href":"https:\/\/webpe.colegiomayor.cl\/index.php?rest_route=\/wp\/v2\/posts\/31149","targetHints":{"allow":["GET"]}}],"collection":[{"href":"https:\/\/webpe.colegiomayor.cl\/index.php?rest_route=\/wp\/v2\/posts"}],"about":[{"href":"https:\/\/webpe.colegiomayor.cl\/index.php?rest_route=\/wp\/v2\/types\/post"}],"author":[{"embeddable":true,"href":"https:\/\/webpe.colegiomayor.cl\/index.php?rest_route=\/wp\/v2\/users\/5"}],"replies":[{"embeddable":true,"href":"https:\/\/webpe.colegiomayor.cl\/index.php?rest_route=%2Fwp%2Fv2%2Fcomments&post=31149"}],"version-history":[{"count":0,"href":"https:\/\/webpe.colegiomayor.cl\/index.php?rest_route=\/wp\/v2\/posts\/31149\/revisions"}],"wp:featuredmedia":[{"embeddable":true,"href":"https:\/\/webpe.colegiomayor.cl\/index.php?rest_route=\/"}],"wp:attachment":[{"href":"https:\/\/webpe.colegiomayor.cl\/index.php?rest_route=%2Fwp%2Fv2%2Fmedia&parent=31149"}],"wp:term":[{"taxonomy":"category","embeddable":true,"href":"https:\/\/webpe.colegiomayor.cl\/index.php?rest_route=%2Fwp%2Fv2%2Fcategories&post=31149"},{"taxonomy":"post_tag","embeddable":true,"href":"https:\/\/webpe.colegiomayor.cl\/index.php?rest_route=%2Fwp%2Fv2%2Ftags&post=31149"}],"curies":[{"name":"wp","href":"https:\/\/api.w.org\/{rel}","templated":true}]}}