{"id":31147,"date":"2024-03-16T01:08:29","date_gmt":"2024-03-16T01:08:29","guid":{"rendered":"https:\/\/webpe.colegiomayor.cl\/?p=31147"},"modified":"2024-03-16T01:08:29","modified_gmt":"2024-03-16T01:08:29","slug":"actividades-deportivas-sabado-16-de-marzo","status":"publish","type":"post","link":"https:\/\/webpe.colegiomayor.cl\/?p=31147","title":{"rendered":"Actividades Deportivas, s\u00e1bado 16 de marzo"},"content":{"rendered":"\n<figure class=\"wp-block-image size-large\"><img decoding=\"async\" src=\"https:\/\/webpe.colegiomayor.cl\/wp-content\/uploads\/dest_deportes_01-1024x589.jpg\" alt=\"\" class=\"wp-image-25929\"\/><\/figure>\n\n\n\n<p>Selecciones\nDeportivas, Colegio Mayor Pe\u00f1alol\u00e9n, s\u00e1bado 16 de Marzo<\/p>\n\n\n\n<p class=\"has-background has-very-light-gray-background-color\"><strong>Atletismo Selecci\u00f3n:<\/strong><\/p>\n\n\n\n<p>Entrenamiento Normal<\/p>\n\n\n\n<p><strong>Lugar:<\/strong> Pista\natl\u00e9tica Estadio Mayor.<\/p>\n\n\n\n<p><strong>Horario:<\/strong> 09:00 a\n10:20 horas.<\/p>\n\n\n\n<p><strong>Categor\u00edas:<\/strong> Penecas\n\/ Preparatoria<\/p>\n\n\n\n<p><strong>Horario:<\/strong> 10:30 a\n12:00 horas.<\/p>\n\n\n\n<p><strong>Categor\u00edas:<\/strong>\nInfantil \/ Intermedia \/ Superior<\/p>\n\n\n\n<p><strong>Profesores a Cargo:<\/strong>\n\u00darsula Rebolledo \u2013 Carlos Soto \u2013 Javiera Gonz\u00e1lez<\/p>\n\n\n\n<p class=\"has-background has-very-light-gray-background-color\"><strong>B\u00e1squetbol<\/strong><\/p>\n\n\n\n<p>Entrenamiento Normal <\/p>\n\n\n\n<p><strong>Lugar:<\/strong> Carpeta\nEstadio Mayor<\/p>\n\n\n\n<p><strong>Horario Primer\nBloque:<\/strong> 09:00 a 10:20 horas.<\/p>\n\n\n\n<p><strong>Categor\u00edas:<\/strong> Mini<\/p>\n\n\n\n<p><strong>Profesora a cargo:<\/strong>\nCarlos Cerecera <\/p>\n\n\n\n<p>Superior \u2013 infantil SUSPENDIDO<\/p>\n\n\n\n<p class=\"has-background has-very-light-gray-background-color\"><strong>F\u00fatbol Selecci\u00f3n:<\/strong><\/p>\n\n\n\n<p>Entrenamiento normal<\/p>\n\n\n\n<p><strong>Lugar:<\/strong> Cancha\nEstadio Mayor<\/p>\n\n\n\n<p><strong>Categor\u00edas:<\/strong> todas<\/p>\n\n\n\n<p><strong>Profesores a Cargo:<\/strong>\nRa\u00fal briones \u2013 Pablo S\u00e1nchez \u2013 Edgar Vargas<\/p>\n\n\n\n<p class=\"has-background has-very-light-gray-background-color\"><strong>Gimnasia Art\u00edstica\nSelecci\u00f3n:<\/strong><\/p>\n\n\n\n<p>Entrenamiento normal<\/p>\n\n\n\n<p><strong>Lugar:<\/strong> Estadio\nMayor<\/p>\n\n\n\n<p><strong>Horario Primer\nBloque:<\/strong> 09:00 a 10:20 horas<\/p>\n\n\n\n<p>Profesores a cargo: Millaray Albornoz \u2013 Yabhet Oblitas<\/p>\n\n\n\n<p><strong>Horario Segundo\nBloque:<\/strong> 10:30 a 12:00 horas<\/p>\n\n\n\n<p><strong>Profesores a Cargo:<\/strong>\nMillaray Albornoz \u2013 Yabhet Oblitas <\/p>\n\n\n\n<p class=\"has-background has-very-light-gray-background-color\"><strong>Nataci\u00f3n Selecci\u00f3n:<\/strong><\/p>\n\n\n\n<p>Entrenamiento Piscina<\/p>\n\n\n\n<p><strong>Lugar:<\/strong> Piscina\nEstadio Mayor<\/p>\n\n\n\n<p><strong>Horario Primer\nBloque:<\/strong> 09:00 a 10:20 horas<\/p>\n\n\n\n<p><strong>Categor\u00edas:<\/strong> (3\nB\u00e1sico a III\u00ba Medio)<\/p>\n\n\n\n<p>Profesores a cargo: Sim\u00f3n Fern\u00e1ndez \u2013 Mat\u00edas Jaque<\/p>\n\n\n\n<p><strong>Horario Segundo\nBloque:<\/strong> 10:30 a 12:00 horas<\/p>\n\n\n\n<p><strong>Categor\u00edas:<\/strong> (2\u00ba a\n4\u00ba B\u00e1sico).<\/p>\n\n\n\n<p><strong>Profesores a Cargo:<\/strong>\nSim\u00f3n Fern\u00e1ndez &#8211; -Marly Delgado \u2013 Mat\u00edas Jaque<\/p>\n\n\n\n<p class=\"has-background has-very-light-gray-background-color\"><strong>Tenis Selecci\u00f3n:<\/strong><\/p>\n\n\n\n<p>Entrenamiento Normal<\/p>\n\n\n\n<p><strong>Lugar:<\/strong> Canchas de\ntenis Estadio Mayor<\/p>\n\n\n\n<p><strong>Horario Primer\nBloque:<\/strong> 09:00 a 10:20 horas<\/p>\n\n\n\n<p><strong>Categor\u00edas:<\/strong> (7\nB\u00e1sico a III\u00ba Medio)<\/p>\n\n\n\n<p>Profesores a cargo: Sebasti\u00e1n Mondaca<\/p>\n\n\n\n<p><strong>Horario Segundo Bloque:<\/strong>\n10:30 a 12:00 horas<\/p>\n\n\n\n<p><strong>Categor\u00edas:<\/strong> (2\u00ba a\n5\u00ba B\u00e1sico).<\/p>\n\n\n\n<p><strong>Profesores a Cargo:<\/strong>\nSebasti\u00e1n Mondaca<\/p>\n\n\n\n<p class=\"has-background has-very-light-gray-background-color\"><strong>Voleibol Masculino <\/strong><\/p>\n\n\n\n<p>Cuadrangular amistoso TODOS CONTRA TODOS<\/p>\n\n\n\n<ul class=\"wp-block-list\"><li>CMPE<\/li><li>SAN GABRIEL<\/li><li>VERBO DIVINO<\/li><li>SAN GEORGE<\/li><\/ul>\n\n\n\n<p><strong>Lugar:<\/strong> Foro &#8211;\nCarpeta<\/p>\n\n\n\n<p><strong>Horario:<\/strong> 09:00 a\n12:00 horas<\/p>\n\n\n\n<p>Profesores a cargo: Pablo Beltr\u00e1n \u2013 Valent\u00edn Tamayo<\/p>\n","protected":false},"excerpt":{"rendered":"<p>Selecciones Deportivas, Colegio Mayor Pe\u00f1alol\u00e9n, s\u00e1bado 16 de Marzo Atletismo Selecci\u00f3n: Entrenamiento Normal Lugar: Pista atl\u00e9tica Estadio Mayor. Horario: 09:00 a 10:20 horas. Categor\u00edas: Penecas \/ Preparatoria Horario: 10:30 a 12:00 horas. Categor\u00edas: Infantil \/ Intermedia \/ Superior Profesores a Cargo: \u00darsula Rebolledo \u2013 Carlos&nbsp;<a href=\"https:\/\/webpe.colegiomayor.cl\/?p=31147\">&hellip;<\/a><\/p>\n","protected":false},"author":5,"featured_media":25929,"comment_status":"closed","ping_status":"closed","sticky":false,"template":"","format":"standard","meta":{"content-type":"","footnotes":""},"categories":[25],"tags":[],"class_list":["post-31147","post","type-post","status-publish","format-standard","has-post-thumbnail","hentry","category-deportes","odd"],"rttpg_featured_image_url":null,"rttpg_author":{"display_name":"Flor Parragu\u00e9z","author_link":"https:\/\/webpe.colegiomayor.cl\/?author=5"},"rttpg_comment":0,"rttpg_category":"<a href=\"https:\/\/webpe.colegiomayor.cl\/?cat=25\" rel=\"category\">DEPORTES<\/a>","rttpg_excerpt":"Selecciones Deportivas, Colegio Mayor Pe\u00f1alol\u00e9n, s\u00e1bado 16 de Marzo Atletismo Selecci\u00f3n: Entrenamiento Normal Lugar: Pista atl\u00e9tica Estadio Mayor. Horario: 09:00 a 10:20 horas. Categor\u00edas: Penecas \/ Preparatoria Horario: 10:30 a 12:00 horas. Categor\u00edas: Infantil \/ Intermedia \/ Superior Profesores a Cargo: \u00darsula Rebolledo \u2013 Carlos&nbsp;&hellip;","_links":{"self":[{"href":"https:\/\/webpe.colegiomayor.cl\/index.php?rest_route=\/wp\/v2\/posts\/31147","targetHints":{"allow":["GET"]}}],"collection":[{"href":"https:\/\/webpe.colegiomayor.cl\/index.php?rest_route=\/wp\/v2\/posts"}],"about":[{"href":"https:\/\/webpe.colegiomayor.cl\/index.php?rest_route=\/wp\/v2\/types\/post"}],"author":[{"embeddable":true,"href":"https:\/\/webpe.colegiomayor.cl\/index.php?rest_route=\/wp\/v2\/users\/5"}],"replies":[{"embeddable":true,"href":"https:\/\/webpe.colegiomayor.cl\/index.php?rest_route=%2Fwp%2Fv2%2Fcomments&post=31147"}],"version-history":[{"count":0,"href":"https:\/\/webpe.colegiomayor.cl\/index.php?rest_route=\/wp\/v2\/posts\/31147\/revisions"}],"wp:featuredmedia":[{"embeddable":true,"href":"https:\/\/webpe.colegiomayor.cl\/index.php?rest_route=\/"}],"wp:attachment":[{"href":"https:\/\/webpe.colegiomayor.cl\/index.php?rest_route=%2Fwp%2Fv2%2Fmedia&parent=31147"}],"wp:term":[{"taxonomy":"category","embeddable":true,"href":"https:\/\/webpe.colegiomayor.cl\/index.php?rest_route=%2Fwp%2Fv2%2Fcategories&post=31147"},{"taxonomy":"post_tag","embeddable":true,"href":"https:\/\/webpe.colegiomayor.cl\/index.php?rest_route=%2Fwp%2Fv2%2Ftags&post=31147"}],"curies":[{"name":"wp","href":"https:\/\/api.w.org\/{rel}","templated":true}]}}