{"id":31134,"date":"2024-03-11T19:37:59","date_gmt":"2024-03-11T19:37:59","guid":{"rendered":"https:\/\/webpe.colegiomayor.cl\/?p=31134"},"modified":"2024-03-11T19:37:59","modified_gmt":"2024-03-11T19:37:59","slug":"primera-reunion-de-apoderados","status":"publish","type":"post","link":"https:\/\/webpe.colegiomayor.cl\/?p=31134","title":{"rendered":"Primera Reuni\u00f3n de apoderados"},"content":{"rendered":"\n<p>Estimados Padres y\nApoderados:<\/p>\n\n\n\n<p>Junto con saludar, reiteramos un cordial saludo de bienvenida al a\u00f1o lectivo 2024, muy\nespecialmente a las familias de estudiantes nuevos que se incorporan a nuestra\ncomunidad educativa del Colegio Mayor Pe\u00f1alol\u00e9n.<\/p>\n\n\n\n<p>Los invitamos a participar de\nla primera reuni\u00f3n de apoderados que se desarrollar\u00e1n en forma presencial, en\nlas fechas que se detallan a continuaci\u00f3n: <\/p>\n\n\n\n<figure class=\"wp-block-table\"><table class=\"has-subtle-pale-blue-background-color has-background\"><tbody><tr><td>\n  <strong>Fecha<\/strong><strong><\/strong>\n  <\/td><td>\n  <strong>Horario<\/strong><strong><\/strong>\n  <\/td><td>\n  <strong>Ciclo<\/strong><strong><\/strong>\n  <\/td><\/tr><tr><td>\n  Martes 19&nbsp; marzo\n  <\/td><td>\n  19:15 \n  <\/td><td>\n  Segundo Ciclo de 3\u00b0 a\n  6\u00b0 B\u00e1sico\n  <\/td><\/tr><tr><td>\n  Jueves 21 de marzo\n  <\/td><td>\n  19:15 \n  <\/td><td>\n  1\u00b0, 2\u00b0 B\u00e1sico y 3\u00b0\n  Ciclo de 7\u00b0 a IV\u00b0 Medio\n  <\/td><\/tr><\/tbody><\/table><\/figure>\n\n\n\n<p>El objetivo de esta\ninstancia est\u00e1 orientado a conocer a sus profesores tutores que\nestar\u00e1n a cargo de sus hijos durante el presente a\u00f1o, establecer lineamientos\nde trabajo en conjunto colegio-familia, apoyar y fortalecer las estrategias\npara los aprendizajes del grupo curso y las fechas de las actividades m\u00e1s relevantes del\ncurso y colegio. Esperando contar con su valiosa participaci\u00f3n, saluda atte.<strong> <\/strong><strong><\/strong><\/p>\n\n\n\n<p><strong>La Direcci\u00f3n<\/strong><\/p>\n\n\n\n<p><strong>Colegio Mayor Pe\u00f1alol\u00e9n&nbsp;\n<\/strong><\/p>\n","protected":false},"excerpt":{"rendered":"<p>Estimados Padres y Apoderados: Junto con saludar, reiteramos un cordial saludo de bienvenida al a\u00f1o lectivo 2024, muy especialmente a las familias de estudiantes nuevos que se incorporan a nuestra comunidad educativa del Colegio Mayor Pe\u00f1alol\u00e9n. Los invitamos a participar de la primera reuni\u00f3n de&nbsp;<a href=\"https:\/\/webpe.colegiomayor.cl\/?p=31134\">&hellip;<\/a><\/p>\n","protected":false},"author":5,"featured_media":22613,"comment_status":"closed","ping_status":"closed","sticky":false,"template":"","format":"standard","meta":{"content-type":"","footnotes":""},"categories":[23],"tags":[],"class_list":["post-31134","post","type-post","status-publish","format-standard","has-post-thumbnail","hentry","category-actualidad","odd"],"rttpg_featured_image_url":null,"rttpg_author":{"display_name":"Flor Parragu\u00e9z","author_link":"https:\/\/webpe.colegiomayor.cl\/?author=5"},"rttpg_comment":0,"rttpg_category":"<a href=\"https:\/\/webpe.colegiomayor.cl\/?cat=23\" rel=\"category\">COLEGIO<\/a>","rttpg_excerpt":"Estimados Padres y Apoderados: Junto con saludar, reiteramos un cordial saludo de bienvenida al a\u00f1o lectivo 2024, muy especialmente a las familias de estudiantes nuevos que se incorporan a nuestra comunidad educativa del Colegio Mayor Pe\u00f1alol\u00e9n. Los invitamos a participar de la primera reuni\u00f3n de&nbsp;&hellip;","_links":{"self":[{"href":"https:\/\/webpe.colegiomayor.cl\/index.php?rest_route=\/wp\/v2\/posts\/31134","targetHints":{"allow":["GET"]}}],"collection":[{"href":"https:\/\/webpe.colegiomayor.cl\/index.php?rest_route=\/wp\/v2\/posts"}],"about":[{"href":"https:\/\/webpe.colegiomayor.cl\/index.php?rest_route=\/wp\/v2\/types\/post"}],"author":[{"embeddable":true,"href":"https:\/\/webpe.colegiomayor.cl\/index.php?rest_route=\/wp\/v2\/users\/5"}],"replies":[{"embeddable":true,"href":"https:\/\/webpe.colegiomayor.cl\/index.php?rest_route=%2Fwp%2Fv2%2Fcomments&post=31134"}],"version-history":[{"count":0,"href":"https:\/\/webpe.colegiomayor.cl\/index.php?rest_route=\/wp\/v2\/posts\/31134\/revisions"}],"wp:featuredmedia":[{"embeddable":true,"href":"https:\/\/webpe.colegiomayor.cl\/index.php?rest_route=\/"}],"wp:attachment":[{"href":"https:\/\/webpe.colegiomayor.cl\/index.php?rest_route=%2Fwp%2Fv2%2Fmedia&parent=31134"}],"wp:term":[{"taxonomy":"category","embeddable":true,"href":"https:\/\/webpe.colegiomayor.cl\/index.php?rest_route=%2Fwp%2Fv2%2Fcategories&post=31134"},{"taxonomy":"post_tag","embeddable":true,"href":"https:\/\/webpe.colegiomayor.cl\/index.php?rest_route=%2Fwp%2Fv2%2Ftags&post=31134"}],"curies":[{"name":"wp","href":"https:\/\/api.w.org\/{rel}","templated":true}]}}