{"id":31113,"date":"2024-03-04T12:24:45","date_gmt":"2024-03-04T12:24:45","guid":{"rendered":"https:\/\/webpe.colegiomayor.cl\/?p=31113"},"modified":"2024-03-04T12:24:45","modified_gmt":"2024-03-04T12:24:45","slug":"recordatorio-inicio-de-clases","status":"publish","type":"post","link":"https:\/\/webpe.colegiomayor.cl\/?p=31113","title":{"rendered":"Recordatorio Inicio de Clases"},"content":{"rendered":"\n<p>Estimada\nComunidad Colegio Mayor Pe\u00f1alol\u00e9n:<\/p>\n\n\n\n<p>Junto con saludar les damos una cordial y afectuosa bienvenida al a\u00f1o acad\u00e9mico 2024, esperamos que el descanso de verano, las fuerzas y energ\u00edas est\u00e9n recuperadas para abordar los nuevos desaf\u00edos de crecimiento y desarrollo que nos ofrece este nuevo a\u00f1o escolar.<\/p>\n\n\n\n<p class=\"has-background has-cyan-bluish-gray-background-color\"><strong>Queremos recordar algunas fechas relevantes para iniciar nuestras actividades<\/strong>:<\/p>\n\n\n\n<figure class=\"wp-block-table\"><table class=\"has-subtle-pale-blue-background-color has-background\"><tbody><tr><td>\n  <strong>Fecha<\/strong>\n  <\/td><td>\n  <strong>Horarios<\/strong>\n  <\/td><td>\n  <strong>Actividades<\/strong>\n  <\/td><\/tr><tr><td>\n  L 04 de\n  marzo\n  <\/td><td>\n  8.30 a\n  10.00 hrs. \n  <\/td><td>\n  Bienvenida\n  a Familias y estudiantes nuevos de 1\u00b0 y 2\u00b0 B\u00e1sico. Auditorio\n  <\/td><\/tr><tr><td>\n  &nbsp;\n  <\/td><td>\n  9.30 a\n  13.30 hrs.\n  <\/td><td>\n  Recepci\u00f3n\n  de materiales escolares,&nbsp; PG a 2\u00b0\n  B\u00e1sico, sector 1\u00b0&nbsp; ciclo.\n  <\/td><\/tr><tr><td>\n  M 05 de\n  marzo\n  <\/td><td>\n  8.30 a\n  10.00 hrs.\n  <\/td><td>\n  Bienvenida\n  a Familias y estudiantes nuevos de 3\u00b0 B\u00e1sico a III\u00b0 Medio. Auditorio\n  <\/td><\/tr><tr><td>\n  &nbsp;\n  <\/td><td>\n  8.00 a\n  15.00 \n  <\/td><td>\n  Recepci\u00f3n\n  de materiales escolares,&nbsp; PG a 2\u00b0\n  B\u00e1sico, sector 1\u00b0&nbsp; ciclo.\n  <\/td><\/tr><tr><td>\n  &nbsp;\n  <\/td><td>\n  19.15\n  hrs. \n  <\/td><td>\n  Reuni\u00f3n\n  Apoderados niveles: Play Group, Pre k\u00ednder, K\u00ednder.\n  <\/td><\/tr><tr><td>\n  W 06 de\n  marzo\n  <\/td><td>\n  7.45\n  hrs.\n  <\/td><td>\n  Inicio\n  de clases, PG a IV\u00b0 Medio a\u00f1o escolar 2024.\n  Puntualidad,\n  uniforme completo.\n  <\/td><\/tr><tr><td>\n  S 09 de\n  marzo\n  <\/td><td>\n  9.00\n  hrs.\n  <\/td><td>\n  Pruebas\n  estudiantes Selecciones deportivas, 5\u00b0 B\u00e1sico a IV\u00b0 Medio.\n  <\/td><\/tr><tr><td>\n  L 11 de\n  marzo\n  <\/td><td>\n  16.00 a\n  17.30 hrs.\n  <\/td><td>\n  Inicio\n  Actividades extracurriculares, Deportivas y no deportivas.\n  <\/td><\/tr><tr><td>\n  V 15 de\n  marzo\n  <\/td><td>\n  8.30\n  hrs.\n  <\/td><td>\n  Inauguraci\u00f3n\n  A\u00f1o Acad\u00e9mico 2024.\n  <\/td><\/tr><tr><td>\n  M 19 de\n  marzo \n  <\/td><td>\n  19.15\n  hrs.\n  <\/td><td>\n  Reuniones Apoderados 2\u00b0 Ciclo (3\u00b0 a 6\u00b0\n  B\u00e1sico)\n  <\/td><\/tr><tr><td>\n  J 21 de\n  marzo\n  <\/td><td>\n  19.15\n  hrs. \n  <\/td><td>\n  Reuniones Apoderados 1\u00b0 y 2\u00b0 B\u00e1sico y 3\u00b0Ciclo\n  (7\u00b0 B\u00e1sico a IV\u00b0 Medio)\n  <\/td><\/tr><tr><td>\n  J 09 de\n  mayo\n  <\/td><td>\n  Ajuste\n  horario termino jornada.\n  <\/td><td>\n  <strong>1\u00b0 Jornada\n  Reflexi\u00f3n pedag\u00f3gica. <\/strong>\n  Salida anticipada por Ciclos, 1\u00b0 Ciclo:\n  12.00 hrs.\/2\u00b0 y 3\u00b0 Ciclo: 12.40 hrs.\n  <\/td><\/tr><\/tbody><\/table><\/figure>\n\n\n\n<p>El a\u00f1o\nescolar 2024, seg\u00fan lo establecido por las autoridades, ser\u00e1 <strong>presencial,\nasistencia obligatoria<\/strong> (m\u00ednimo 85%) y <strong>modalidad\nsemestral.<\/strong><\/p>\n\n\n\n<figure class=\"wp-block-table\"><table class=\"has-subtle-pale-blue-background-color has-background\"><tbody><tr><td>\n  <strong>Semestre<\/strong>\n  <\/td><td>\n  <strong>Inicio<\/strong>\n  <\/td><td>\n  <strong>T\u00e9rmino<\/strong>\n  <\/td><td>\n  <strong>Otras fechas\n  relevantes<\/strong>\n  <\/td><\/tr><tr><td>\n  <strong>1\u00ba<\/strong>\n  <\/td><td>\n  01 de marzo\n  <\/td><td>\n  17 de junio\n  <\/td><td>\n  &#8211; Jornada de Evaluaci\u00f3n y\n  Planificaci\u00f3n ministerial 18,19 de junio.&nbsp;\n  (suspensi\u00f3n de clases); J 20 junio feriado, V 21 de junio,\n  interferido.\n  -Vacaciones de invierno: del 24\n  junio al 05 de julio.\n  <\/td><\/tr><tr><td>\n  <strong>2\u00ba<\/strong>\n  <\/td><td>\n  08 de julio\n  <\/td><td>\n  06 de dic. \n  <\/td><td>\n  &#8211; Vacaciones de septiembre: del\n  16 al 20 de sept.\n  &#8211; \u00daltimo d\u00eda de clases\n  estudiantes 06 de dic.\n  <\/td><\/tr><\/tbody><\/table><\/figure>\n\n\n\n<p class=\"has-background has-cyan-bluish-gray-background-color\">La <strong>jornada\nescolar<\/strong> se desarrollar\u00e1 como sigue:<\/p>\n\n\n\n<figure class=\"wp-block-table\"><table class=\"has-subtle-pale-blue-background-color has-background\"><tbody><tr><td>\n  <strong>Nivel<\/strong>\n  <\/td><td>\n  <strong>Horario lunes a\n  jueves<\/strong>\n  <\/td><td>\n  <strong>Horario viernes<\/strong>\n  <\/td><\/tr><tr><td>\n  <strong>Play Group <\/strong>\n  <\/td><td>\n  <strong>7:45<\/strong> \u2013 12:30\n  <\/td><td>\n  <strong>7:45<\/strong> \u2013 12:30\n  <\/td><\/tr><tr><td>\n  <strong>Pre K\u00ednder <\/strong>\n  <\/td><td>\n  <strong>7:45<\/strong> \u2013 13:30\n  <\/td><td>\n  <strong>7:45<\/strong> \u2013 13:30\n  <\/td><\/tr><tr><td>\n  <strong>K\u00ednder<\/strong>\n  <\/td><td>\n  <strong>7:45<\/strong> \u2013 13:30\n  <\/td><td>\n  <strong>7:45<\/strong> \u2013 14:00\n  <\/td><\/tr><tr><td>\n  <strong>De 1\u00ba B\u00e1sico a&nbsp; IV\u00ba Medio<\/strong>\n  <\/td><td>\n  <strong>7:45<\/strong> \u2013 16:00\n  <\/td><td>\n  <strong>7:45<\/strong> \u2013 13:45\n  <\/td><\/tr><\/tbody><\/table><\/figure>\n\n\n\n<p>Sin\nembargo, durante los primeros d\u00edas W06 a V 08 de marzo, <strong>el horario de salida<\/strong> ser\u00e1 el que sigue: <\/p>\n\n\n\n<figure class=\"wp-block-table\"><table class=\"has-subtle-pale-blue-background-color has-background\"><tbody><tr><td>\n  <strong>1\u00b0 Ciclo:<\/strong> PG a 2\u00b0 B\u00e1sico\n  <\/td><td>   12.00 hrs.   <\/td><\/tr><tr><td>\n  <strong>2\u00b0 y 3\u00b0 Ciclo:<\/strong> 3\u00b0\n  B\u00e1sico a IV\u00b0 Medio\n  <\/td><td>\n  12.50 hrs.\n  <\/td><\/tr><\/tbody><\/table><\/figure>\n\n\n\n<p><strong>Es importante destacar para este a\u00f1o:<\/strong><\/p>\n\n\n\n<p><strong>1.- El uniforme escolar <\/strong>es completo y obligatorio<strong>, <\/strong>seg\u00fan lo establece\nreglamento. <\/p>\n\n\n\n<ul class=\"wp-block-list\"><li><strong>PG a 4\u00b0\nB\u00e1sico, <\/strong>buzo institucional.<\/li><li><strong>5\u00b0 a IV\u00b0\nMedio, <\/strong>Pantal\u00f3n gris, falda escocesa,\npolera azul cuello amarillo, calcetines azules, zapatillas negras. Para clases de\nEd. F\u00edsica y Deporte, buzo institucional polera amarilla, traer art\u00edculos de\naseo y posterior cambio a polera azul.<\/li><\/ul>\n\n\n\n<p>2.- Para los\nestudiantes de 1\u00b0 y 2\u00b0 Ciclo, <strong>el uso y porte de celular y reloj \u201cMOMO\u201d est\u00e1\nprohibido durante la jornada escolar <\/strong>(7.45 a 16.00 hrs.), en caso\ncontrario, se retirar\u00e1 y entregar\u00e1 directamente al apoderado. Para los\nestudiantes de <strong>3\u00b0 Ciclo,<\/strong> <strong>el uso y manipulaci\u00f3n de celular\ndurante las horas de clases est\u00e1 prohibido. <\/strong><\/p>\n\n\n\n<p>3.- Respecto del <strong>almuerzo<\/strong>, cabe se\u00f1alar\nque El Colegio a trav\u00e9s de un concesionario\nofrecer\u00e1 el servicio de alimentaci\u00f3n, para lo que prontamente recibir\u00e1n\ninformaci\u00f3n respecto de las inscripciones y valores. Por otro lado, para\nquienes <strong>no tomen el servicio del casino<\/strong>, deber\u00e1n traer su\nalmuerzo en recipientes t\u00e9rmicos o pueden hacer uso adecuado de microondas\ndisponibles en casino. Por otra parte, el colegio cuenta con un kiosko\nsaludable para los estudiantes de 3\u00b0 b\u00e1sico a IV\u00b0 medio que ofrece distintas\nopciones de colaci\u00f3n. Finalmente, cabe se\u00f1alar que NO\nse recibir\u00e1n almuerzos o materiales una vez iniciada la jornada escolar (7:45 hrs.).<\/p>\n\n\n\n<p>4.- Se\nrefuerza y enfatiza <strong>el buentrato y\nrespeto<\/strong> hacia todo miembro de nuestra comunidad.<\/p>\n\n\n\n<p>5.-Se requiere\nque las familias se mantengan informadas de todas las actividades que ofrece el\ncolegio, principalmente aquellos en las que se invita a estar presentes, como\ntambi\u00e9n a trav\u00e9s de las plataformas de gesti\u00f3n escolar SchoolTrack (se enviar\u00e1 prontamente\ninstructivo de acceso), p\u00e1gina Web, Bolet\u00edn quincenal \u201cEl Encuentro\u201d, entre\notros.<\/p>\n\n\n\n<p>6.- Se\nrequiere respetar los conductos regulares de comunicaci\u00f3n que ofrece el\ncolegio, correo institucional, entrevistas profesores asignatura, profesores tutores,\nDirecciones de Ciclo, Direcci\u00f3n de Convivencia.<\/p>\n\n\n\n<p>7.- Los\nWP entre apoderados son un medio de comunicaci\u00f3n No institucional,\nes relevante mantener una comunicaci\u00f3n adecuada y respetuosa. <\/p>\n\n\n\n<p>8.-\nRespecto al <strong>buen uso de las redes\nsociales de sus hijos\/hijas <\/strong>(menores de edad), es responsabilidad de las\nfamilias cautelar y velar el tipo de contenidos a los cuales acceden, el uso\nadecuado seg\u00fan su etapa de desarrollo, resguardar acciones de tipo agresivo,\ndescalificativo, ciberbullying, y que finalmente puedan ser constitutivas de\ndelito, por lo tanto, merecedoras de sanciones reglamentarias internas y\/o ante\nla ley.<\/p>\n\n\n\n<p>Hacemos\noportuna la ocasi\u00f3n para informar la estructura de nuestro Colegio:<\/p>\n\n\n\n<ul class=\"wp-block-list\"><li>Primer Ciclo:\nPlay Group a 2\u00ba B\u00e1sico. Directora y Vicerrectora, M. Pilar Guti\u00e9rrez. <\/li><li>Segundo\nCiclo: 3\u00ba B\u00e1sico a 6 b\u00e1sico. Directora, Claudia Pantoja. <\/li><li>Tercer Ciclo:\n7\u00ba B\u00e1sico a IV\u00ba Medio. Director, Jos\u00e9 Miguel Arriagada. <\/li><li>Direcci\u00f3n de\nConvivencia: Margarita Acevedo<\/li><li>Direcci\u00f3n\nPsicoeducativa y Clima escolar: Carolina Acu\u00f1a<\/li><li>Direcci\u00f3n de\nTecnolog\u00eda: Ximena Mu\u00f1oz<\/li><li>Direcci\u00f3n\nAdmisi\u00f3n y Comunicaciones: Flor Mar\u00eda Parraguez<\/li><li>Direcci\u00f3n\nAdministrativa: Carolina Mej\u00edas<\/li><\/ul>\n\n\n\n<p>Confiamos\nque este a\u00f1o los procesos acad\u00e9micos y formativos sean beneficiosos y aporten\nsignificativamente al aprendizaje y bienestar de nuestros estudiantes y familias.<\/p>\n\n\n\n<p>Muy atentamente, <\/p>\n\n\n\n<p>La Direcci\u00f3n<\/p>\n","protected":false},"excerpt":{"rendered":"<p>Estimada Comunidad Colegio Mayor Pe\u00f1alol\u00e9n: Junto con saludar les damos una cordial y afectuosa bienvenida al a\u00f1o acad\u00e9mico 2024, esperamos que el descanso de verano, las fuerzas y energ\u00edas est\u00e9n recuperadas para abordar los nuevos desaf\u00edos de crecimiento y desarrollo que nos ofrece este nuevo&nbsp;<a href=\"https:\/\/webpe.colegiomayor.cl\/?p=31113\">&hellip;<\/a><\/p>\n","protected":false},"author":5,"featured_media":16688,"comment_status":"closed","ping_status":"closed","sticky":false,"template":"","format":"standard","meta":{"content-type":"","footnotes":""},"categories":[23],"tags":[],"class_list":["post-31113","post","type-post","status-publish","format-standard","has-post-thumbnail","hentry","category-actualidad","odd"],"rttpg_featured_image_url":null,"rttpg_author":{"display_name":"Flor Parragu\u00e9z","author_link":"https:\/\/webpe.colegiomayor.cl\/?author=5"},"rttpg_comment":0,"rttpg_category":"<a href=\"https:\/\/webpe.colegiomayor.cl\/?cat=23\" rel=\"category\">COLEGIO<\/a>","rttpg_excerpt":"Estimada Comunidad Colegio Mayor Pe\u00f1alol\u00e9n: Junto con saludar les damos una cordial y afectuosa bienvenida al a\u00f1o acad\u00e9mico 2024, esperamos que el descanso de verano, las fuerzas y energ\u00edas est\u00e9n recuperadas para abordar los nuevos desaf\u00edos de crecimiento y desarrollo que nos ofrece este nuevo&nbsp;&hellip;","_links":{"self":[{"href":"https:\/\/webpe.colegiomayor.cl\/index.php?rest_route=\/wp\/v2\/posts\/31113","targetHints":{"allow":["GET"]}}],"collection":[{"href":"https:\/\/webpe.colegiomayor.cl\/index.php?rest_route=\/wp\/v2\/posts"}],"about":[{"href":"https:\/\/webpe.colegiomayor.cl\/index.php?rest_route=\/wp\/v2\/types\/post"}],"author":[{"embeddable":true,"href":"https:\/\/webpe.colegiomayor.cl\/index.php?rest_route=\/wp\/v2\/users\/5"}],"replies":[{"embeddable":true,"href":"https:\/\/webpe.colegiomayor.cl\/index.php?rest_route=%2Fwp%2Fv2%2Fcomments&post=31113"}],"version-history":[{"count":0,"href":"https:\/\/webpe.colegiomayor.cl\/index.php?rest_route=\/wp\/v2\/posts\/31113\/revisions"}],"wp:featuredmedia":[{"embeddable":true,"href":"https:\/\/webpe.colegiomayor.cl\/index.php?rest_route=\/"}],"wp:attachment":[{"href":"https:\/\/webpe.colegiomayor.cl\/index.php?rest_route=%2Fwp%2Fv2%2Fmedia&parent=31113"}],"wp:term":[{"taxonomy":"category","embeddable":true,"href":"https:\/\/webpe.colegiomayor.cl\/index.php?rest_route=%2Fwp%2Fv2%2Fcategories&post=31113"},{"taxonomy":"post_tag","embeddable":true,"href":"https:\/\/webpe.colegiomayor.cl\/index.php?rest_route=%2Fwp%2Fv2%2Ftags&post=31113"}],"curies":[{"name":"wp","href":"https:\/\/api.w.org\/{rel}","templated":true}]}}