{"id":31042,"date":"2024-01-12T20:30:41","date_gmt":"2024-01-12T20:30:41","guid":{"rendered":"https:\/\/webpe.colegiomayor.cl\/?p=31042"},"modified":"2024-01-12T20:30:41","modified_gmt":"2024-01-12T20:30:41","slug":"plan-de-desarrollo-del-proyecto-educativo-institucional","status":"publish","type":"post","link":"https:\/\/webpe.colegiomayor.cl\/?p=31042","title":{"rendered":"Plan de Desarrollo del Proyecto Educativo Institucional"},"content":{"rendered":"\n<figure class=\"wp-block-image size-large\"><img decoding=\"async\" src=\"https:\/\/webpe.colegiomayor.cl\/wp-content\/uploads\/Dest_web_InicioClases_2024_PENTOB-1024x589.jpg\" alt=\"\" class=\"wp-image-31043\"\/><\/figure>\n\n\n\n<p>Estimada Comunidad Colegio Mayor Pe\u00f1alol\u00e9n:<\/p>\n\n\n\n<p>Junto con\nsaludar y desear que ustedes y sus familias se encuentren bien, adjuntamos el\ndocumento <strong><em>Plan de Desarrollo del Proyecto Educativo Institucional.<\/em><\/strong>\nEn este documento encontrar\u00e1 los detalles m\u00e1s relevantes sobre la forma en que\nnuestro Colegio abordar\u00e1 el a\u00f1o escolar 2024. <\/p>\n\n\n\n<p class=\"has-background has-very-light-gray-background-color\">-La\nrecepci\u00f3n de familias y estudiantes <strong>nuevos<\/strong>\n2024, ser\u00e1 realizar\u00e1 seg\u00fan se detalla:<\/p>\n\n\n\n<figure class=\"wp-block-table\"><table class=\"has-subtle-pale-blue-background-color has-background\"><tbody><tr><td>\n  <strong>Fecha<\/strong>\n  <\/td><td>\n  <strong>Horarios<\/strong>\n  <\/td><td>\n  <strong>Cursos\/Niveles<\/strong>\n  <\/td><\/tr><tr><td>\n  L 04 de marzo\n  <\/td><td>\n  08:15 a 9.15 \n  <\/td><td>\n  Recepci\u00f3n familias y estudiantes 1\u00b0 y 2\u00b0 B\u00e1sico.\n  <\/td><\/tr><tr><td>\n  M 05 de marzo \n  <\/td><td>\n  08:15 a 9.15\n  <\/td><td>\n  Recepci\u00f3n familias y estudiantes 3\u00b0 B\u00e1sico a III\u00b0 Medio.\n  <\/td><\/tr><tr><td>\n  M 05 de marzo\n  <\/td><td>\n  19.15 hrs.\n  <\/td><td>\n  1\u00b0 Reuni\u00f3n Apoderados niveles Play Group, Pre k\u00ednder, K\u00ednder.\n  <\/td><\/tr><\/tbody><\/table><\/figure>\n\n\n\n<p class=\"has-background has-very-light-gray-background-color\">-El inicio de\nclases para todos los estudiantes ser\u00e1 el <strong>mi\u00e9rcoles<\/strong>\n<strong>06 de marzo<\/strong>. <\/p>\n\n\n\n<p>-El a\u00f1o\nescolar 2024, seg\u00fan lo establecido por las autoridades ministeriales, ser\u00e1 <strong>presencial\ncon asistencia obligatoria<\/strong><strong> en\nmodalidad semestral.<\/strong><\/p>\n\n\n\n<p>-Los horarios\nde la <strong>jornada escolar<\/strong> habitual son los siguientes:<\/p>\n\n\n\n<figure class=\"wp-block-table\"><table class=\"has-subtle-pale-blue-background-color has-background\"><tbody><tr><td>\n  <strong>Nivel<\/strong>\n  <\/td><td>\n  <strong>Horario lunes a jueves<\/strong>\n  <\/td><td>\n  <strong>Horario viernes<\/strong>\n  <\/td><\/tr><tr><td>\n  Play Group \n  <\/td><td>\n  <strong>7:45\n  \u2013 12:30<\/strong>\n  <\/td><td>\n  <strong>7.45\n  \u2013 12.30<\/strong>\n  <\/td><\/tr><tr><td>\n  Pre K\u00ednder \n  <\/td><td>\n  <strong>7.45\n  \u2013 13.30<\/strong>\n  <\/td><td>\n  <strong>7.45\n  \u2013 13:30<\/strong>\n  <\/td><\/tr><tr><td>\n  K\u00ednder\n  <\/td><td>\n  <strong>7.45\n  \u2013 13.30<\/strong>\n  <\/td><td>\n  <strong>7.45\n  \u2013 14:00<\/strong>\n  <\/td><\/tr><tr><td>\n  De 1\u00ba B\u00e1sico a&nbsp; IV\u00ba Medio\n  <\/td><td>\n  <strong>7.45\n  \u2013 16:00<\/strong>\n  <\/td><td>\n  <strong>7.45\n  \u2013 13:45<\/strong>\n  <\/td><\/tr><\/tbody><\/table><\/figure>\n\n\n\n<p><strong>*Es relevante respetar los horarios de ingreso a la jornada escolar,\n7.45 hrs.<\/strong><\/p>\n\n\n\n<p>Sin embargo,\ndurante los primeros<strong> d\u00edas de la semana, <\/strong>es decir,<strong> 06-07-08 de marzo<\/strong>, el horario de la jornada\nescolar ser\u00e1 el que sigue: <\/p>\n\n\n\n<figure class=\"wp-block-table\"><table class=\"has-subtle-pale-blue-background-color has-background\"><tbody><tr><td>\n  <strong>Nivel <\/strong>\n  <\/td><td>\n  <strong>Horario<\/strong>\n  <\/td><\/tr><tr><td>\n  Play Group a 2\u00b0 B\u00e1sico&nbsp; \n  <\/td><td>\n  07:45&nbsp; \u2013 12:00 hrs.\n  <\/td><\/tr><tr><td>\n  3\u00b0 B\u00e1sico a IV\u00b0 Medio\n  <\/td><td>\n  07:45 \u2013 12:50 hrs.\n  <\/td><\/tr><\/tbody><\/table><\/figure>\n\n\n\n<p>-La\norganizaci\u00f3n temporal del a\u00f1o ser\u00e1 de r\u00e9gimen semestral.<\/p>\n\n\n\n<figure class=\"wp-block-table\"><table class=\"has-subtle-pale-blue-background-color has-background\"><tbody><tr><td>\n  <strong>Sem. <\/strong>\n  <\/td><td>\n  <strong>Inicio<\/strong>\n  <\/td><td>\n  <strong>T\u00e9rmino<\/strong>\n  <\/td><td>\n  <strong>Otras fechas\n  relevantes<\/strong>\n  <\/td><\/tr><tr><td>\n  1\u00ba\n  <\/td><td>\n  01 de marzo\n  <\/td><td>\n  18 de junio\n  <\/td><td>\n  &#8211;\n  Jornada de evaluaci\u00f3n y planificaci\u00f3n W 19 y V 21 de junio. \n  &#8211;\n  Vacaciones de invierno: del 24 junio al 05de julio.\n  <\/td><\/tr><tr><td>\n  2\u00ba\n  <\/td><td>\n  08 de julio\n  <\/td><td>\n  06 de\n  dic. \n  <\/td><td>\n  &#8211;\n  Vacaciones de septiembre: del 16 al 20 de sept.\n  &#8211; Ultimo\n  d\u00eda de clases estudiantes 06 de dic.\n  &#8211;\n  Termino A\u00f1o escolar 16 de dic.\n  <\/td><\/tr><tr><td><\/td><td><\/td><td><\/td><td><\/td><td><\/td><\/tr><\/tbody><\/table><\/figure>\n\n\n\n<p><strong>-Uniforme escolar institucional y de uniforme de Ed. F\u00edsica, <\/strong>es completo y obligatorio, seg\u00fan lo estipula el reglamento vigente,\nsolicitamos a los apoderados cautelar su correcto uso. <\/p>\n\n\n\n<p>-Las <strong>Listas de\n\u00fatiles por nivel 2024<\/strong> se encuentran disponibles en la p\u00e1gina Web. La\nrecepci\u00f3n de los materiales de los niveles del 1\u00b0 Ciclo (PG a 2\u00b0 B\u00e1sico), ser\u00e1n\nlos d\u00edas: L\n04 de marzo, de 9.30 a 13.30 hrs. y M 05 de marzo de 8.00 a 15.00\nhrs. en el sector de ciclo.<\/p>\n\n\n\n<p>-As\u00ed tambi\u00e9n,\nhacemos oportuna la ocasi\u00f3n para informar la estructura acad\u00e9mica de nuestro\nColegio para el presente a\u00f1o:<\/p>\n\n\n\n<figure class=\"wp-block-table\"><table class=\"has-subtle-pale-blue-background-color has-background\"><tbody><tr><td> <strong>Primer ciclo:\u00a0   <\/strong>   Play Group a 2\u00ba   b\u00e1sico.    \u00a0   <\/td><td>\n  <strong>Directora<\/strong>,\n  Profesora Pilar Guti\u00e9rrez, que as\u00ed mismo ejerce como <strong>Vicerrectora<\/strong>. \n  <strong>Equipo de Ciclo: <\/strong>\n  &#8211;\n  Psic\u00f3loga, Mar\u00eda Fernanda Vera \n  &#8211;\n  Educadora Diferencial, Valeska Castro\n  <\/td><\/tr><tr><td> <strong>Segundo ciclo: <\/strong>   3\u00ba b\u00e1sico a 6   b\u00e1sico.    \u00a0   <\/td><td>\n  <strong>Directora<\/strong>, Profesora Claudia Pantoja. \n  <strong>Equipo\n  de Ciclo:<\/strong> \n  &#8211; Psic\u00f3loga, Constanza Borjes\n  &#8211; Educadora Diferencial, Allison Green\n  <\/td><\/tr><tr><td><strong>Tercer ciclo: <\/strong>   7\u00ba b\u00e1sico a IV\u00ba   Medio.    \u00a0   <\/td><td>\n  <strong>Director,<\/strong> Jos\u00e9 Miguel Arriagada. \n  <strong>Equipo\n  de Ciclo: <\/strong>\n  &#8211; Psic\u00f3loga, Daniela Villalobos, \n  &#8211; Educadora Diferencial, Pamela Quiroz\n  &#8211; Orientador, Fabi\u00e1n P\u00e9rez\n  <\/td><\/tr><tr><td><strong>Direcci\u00f3n Psicoeducativa y Clima Escolar.  <\/strong> <\/td><td>\n  Psic\u00f3loga&nbsp; Carolina Acu\u00f1a.\n  <\/td><\/tr><tr><td><strong> Direcci\u00f3n   Curricular<\/strong>    <\/td><td>\n  Gema Mart\u00ednez\n  <\/td><\/tr><tr><td><strong> Direcci\u00f3n de   Tecnolog\u00eda del Aprendizaje   <\/strong><\/td><td>\n  Ximena Mu\u00f1oz\n  <\/td><\/tr><tr><td> <strong>Direcci\u00f3n de   Convivencia y Encargada   de Convivencia.  <\/strong> <\/td><td>\n  Margarita Acevedo (7\u00b0 a IV\u00b0 medio)\n  Psic\u00f3loga Natalia C\u00e1ceres&nbsp; (1\u00b0 a 6\u00b0 B\u00e1sico)\n  <\/td><\/tr><tr><td><strong>Direcci\u00f3n   Administrativa  <\/strong> <\/td><td>\n  Carolina Mej\u00edas\n  <\/td><\/tr><tr><td><strong>Direcci\u00f3n Admisi\u00f3n   y Comunicaci\u00f3n   <\/strong><\/td><td>\n  Flor Mar\u00eda Parraguez\n  <\/td><\/tr><\/tbody><\/table><\/figure>\n\n\n\n<p>Finalmente, invitamos\na todos los miembros de la comunidad a ser parte de los procesos acad\u00e9micos y\nformativos planteados en nuestro PEI, en beneficio del aprendizaje y bienestar\nde nuestros estudiantes y sus familias. <\/p>\n\n\n\n<p>Deseando que\ntengan un reparador descanso, se despide muy atentamente, <\/p>\n\n\n\n<p><strong>Macarena Salas Achondo<\/strong><\/p>\n\n\n\n<p><strong>Rectora Colegio Mayor Pe\u00f1alol\u00e9n<\/strong><\/p>\n\n\n\n<p class=\"has-background has-cyan-bluish-gray-background-color\"> <strong>Plan de Desarrollo del Proyecto Educativo Institucional<\/strong><\/p>\n\n\n\n<figure class=\"wp-block-image size-large\"><a href=\"https:\/\/webpe.colegiomayor.cl\/wp-content\/uploads\/PLAN-DE-DESARROLLO-2024_CMPe-1.pdf\"><img decoding=\"async\" src=\"https:\/\/webpe.colegiomayor.cl\/wp-content\/uploads\/descargasrpdf-1.png\" alt=\"\" class=\"wp-image-13199\"\/><\/a><\/figure>\n","protected":false},"excerpt":{"rendered":"<p>Estimada Comunidad Colegio Mayor Pe\u00f1alol\u00e9n: Junto con saludar y desear que ustedes y sus familias se encuentren bien, adjuntamos el documento Plan de Desarrollo del Proyecto Educativo Institucional. En este documento encontrar\u00e1 los detalles m\u00e1s relevantes sobre la forma en que nuestro Colegio abordar\u00e1 el&nbsp;<a href=\"https:\/\/webpe.colegiomayor.cl\/?p=31042\">&hellip;<\/a><\/p>\n","protected":false},"author":5,"featured_media":31043,"comment_status":"closed","ping_status":"closed","sticky":false,"template":"","format":"standard","meta":{"content-type":"","footnotes":""},"categories":[23],"tags":[],"class_list":["post-31042","post","type-post","status-publish","format-standard","has-post-thumbnail","hentry","category-actualidad","odd"],"rttpg_featured_image_url":null,"rttpg_author":{"display_name":"Flor Parragu\u00e9z","author_link":"https:\/\/webpe.colegiomayor.cl\/?author=5"},"rttpg_comment":0,"rttpg_category":"<a href=\"https:\/\/webpe.colegiomayor.cl\/?cat=23\" rel=\"category\">COLEGIO<\/a>","rttpg_excerpt":"Estimada Comunidad Colegio Mayor Pe\u00f1alol\u00e9n: Junto con saludar y desear que ustedes y sus familias se encuentren bien, adjuntamos el documento Plan de Desarrollo del Proyecto Educativo Institucional. En este documento encontrar\u00e1 los detalles m\u00e1s relevantes sobre la forma en que nuestro Colegio abordar\u00e1 el&nbsp;&hellip;","_links":{"self":[{"href":"https:\/\/webpe.colegiomayor.cl\/index.php?rest_route=\/wp\/v2\/posts\/31042","targetHints":{"allow":["GET"]}}],"collection":[{"href":"https:\/\/webpe.colegiomayor.cl\/index.php?rest_route=\/wp\/v2\/posts"}],"about":[{"href":"https:\/\/webpe.colegiomayor.cl\/index.php?rest_route=\/wp\/v2\/types\/post"}],"author":[{"embeddable":true,"href":"https:\/\/webpe.colegiomayor.cl\/index.php?rest_route=\/wp\/v2\/users\/5"}],"replies":[{"embeddable":true,"href":"https:\/\/webpe.colegiomayor.cl\/index.php?rest_route=%2Fwp%2Fv2%2Fcomments&post=31042"}],"version-history":[{"count":0,"href":"https:\/\/webpe.colegiomayor.cl\/index.php?rest_route=\/wp\/v2\/posts\/31042\/revisions"}],"wp:featuredmedia":[{"embeddable":true,"href":"https:\/\/webpe.colegiomayor.cl\/index.php?rest_route=\/"}],"wp:attachment":[{"href":"https:\/\/webpe.colegiomayor.cl\/index.php?rest_route=%2Fwp%2Fv2%2Fmedia&parent=31042"}],"wp:term":[{"taxonomy":"category","embeddable":true,"href":"https:\/\/webpe.colegiomayor.cl\/index.php?rest_route=%2Fwp%2Fv2%2Fcategories&post=31042"},{"taxonomy":"post_tag","embeddable":true,"href":"https:\/\/webpe.colegiomayor.cl\/index.php?rest_route=%2Fwp%2Fv2%2Ftags&post=31042"}],"curies":[{"name":"wp","href":"https:\/\/api.w.org\/{rel}","templated":true}]}}