{"id":30981,"date":"2024-01-12T14:13:21","date_gmt":"2024-01-12T14:13:21","guid":{"rendered":"https:\/\/webpe.colegiomayor.cl\/?p=30981"},"modified":"2024-01-12T14:13:21","modified_gmt":"2024-01-12T14:13:21","slug":"colegio-mayor-penalolen-cuatro-puntajes-maximos-y-28-estudiantes-destacan-en-paes-2023","status":"publish","type":"post","link":"https:\/\/webpe.colegiomayor.cl\/?p=30981","title":{"rendered":"Colegio Mayor Pe\u00f1alol\u00e9n: Cuatro puntajes m\u00e1ximos y 28 estudiantes destacan en PAES 2023"},"content":{"rendered":"\n<p class=\"has-background has-text-align-center has-very-light-gray-background-color\"><strong><em>El martes 3 de enero se dieron a conocer los resultados de la Prueba de Acceso a la Educaci\u00f3n Superior (PAES) y se inici\u00f3 el proceso de postulaci\u00f3n para el ingreso a las universidades adscritas al sistema. Y cuatro estudiantes de nuestro Colegio Mayor Pe\u00f1alol\u00e9n obtuvieron puntajes nacionales en matem\u00e1ticas y 28 de ellos destacados resultados.<\/em><\/strong><\/p>\n\n\n\n<figure class=\"wp-block-image size-large\"><img decoding=\"async\" src=\"https:\/\/webpe.colegiomayor.cl\/wp-content\/uploads\/dest_web_PAES_PEN_2023b-2-1024x589.jpg\" alt=\"\" class=\"wp-image-31053\"\/><\/figure>\n\n\n\n<p>Helena C\u00e1ceres; Matilde Baeza; Tomas Gallardo y Felipe Gatica son los estudiantes que lograron obtener puntaje m\u00e1ximo este a\u00f1o 2023. Todos lograron 1000 puntos en la prueba de matem\u00e1tica y muy buenos resultados en las otras evaluaciones.<\/p>\n\n\n\n<figure class=\"wp-block-image size-large\"><img decoding=\"async\" src=\"https:\/\/webpe.colegiomayor.cl\/wp-content\/uploads\/IMG_6222-1-1024x683.jpg\" alt=\"\" class=\"wp-image-30997\"\/><\/figure>\n\n\n\n<figure class=\"wp-block-gallery columns-2 is-cropped wp-block-gallery-1 is-layout-flex wp-block-gallery-is-layout-flex\"><ul class=\"blocks-gallery-grid\"><li class=\"blocks-gallery-item\"><figure><img decoding=\"async\" src=\"https:\/\/webpe.colegiomayor.cl\/wp-content\/uploads\/Felipe-Gatica-731x1024.png\" alt=\"\" data-id=\"30987\" data-full-url=\"https:\/\/webpe.colegiomayor.cl\/wp-content\/uploads\/Felipe-Gatica.png\" data-link=\"https:\/\/webpe.colegiomayor.cl\/?attachment_id=30987\" class=\"wp-image-30987\"\/><figcaption class=\"blocks-gallery-item__caption\"> Felipe Gatica, 1000 pts Matem\u00e1tica<\/figcaption><\/figure><\/li><li class=\"blocks-gallery-item\"><figure><img decoding=\"async\" src=\"https:\/\/webpe.colegiomayor.cl\/wp-content\/uploads\/Helena-C\u00e1ceres-731x1024.png\" alt=\"\" data-id=\"30988\" data-full-url=\"https:\/\/webpe.colegiomayor.cl\/wp-content\/uploads\/Helena-C\u00e1ceres.png\" data-link=\"https:\/\/webpe.colegiomayor.cl\/?attachment_id=30988\" class=\"wp-image-30988\"\/><figcaption class=\"blocks-gallery-item__caption\"> Helena C\u00e1ceres, 1000 pts Matem\u00e1tica<\/figcaption><\/figure><\/li><\/ul><\/figure>\n\n\n\n<figure class=\"wp-block-gallery columns-2 is-cropped wp-block-gallery-2 is-layout-flex wp-block-gallery-is-layout-flex\"><ul class=\"blocks-gallery-grid\"><li class=\"blocks-gallery-item\"><figure><img decoding=\"async\" src=\"https:\/\/webpe.colegiomayor.cl\/wp-content\/uploads\/Matilde-Baeza-729x1024.png\" alt=\"\" data-id=\"30989\" data-full-url=\"https:\/\/webpe.colegiomayor.cl\/wp-content\/uploads\/Matilde-Baeza.png\" data-link=\"https:\/\/webpe.colegiomayor.cl\/?attachment_id=30989\" class=\"wp-image-30989\"\/><figcaption class=\"blocks-gallery-item__caption\"> Matilde Baeza, 1000 pts Matem\u00e1tica <\/figcaption><\/figure><\/li><li class=\"blocks-gallery-item\"><figure><img decoding=\"async\" src=\"https:\/\/webpe.colegiomayor.cl\/wp-content\/uploads\/Tom\u00e1s-Gallardo-731x1024.png\" alt=\"\" data-id=\"30990\" data-full-url=\"https:\/\/webpe.colegiomayor.cl\/wp-content\/uploads\/Tom\u00e1s-Gallardo.png\" data-link=\"https:\/\/webpe.colegiomayor.cl\/?attachment_id=30990\" class=\"wp-image-30990\"\/><figcaption class=\"blocks-gallery-item__caption\"> Tomas Gallardo, 1000 pts Matem\u00e1tica <\/figcaption><\/figure><\/li><\/ul><\/figure>\n\n\n\n<p>Asimismo 12 de nuestros estudiantes destacaron en alguna de\nlas pruebas con m\u00e1s de 900 puntos, logro acad\u00e9mico que se alcanza producto del\ntrabajo constante de nuestros estudiantes que han demostrado tener un prop\u00f3sito\nclaro y se han dedicado a alcanzarlo, tambi\u00e9n al apoyo de su familia que han\nguiado a sus hijos desde muy peque\u00f1os, en un trabajo conjunto con el colegio\nque les otorg\u00f3 a sus estudiantes la oportunidad de un espacio de aprendizaje y\nde preparaci\u00f3n de la PAES.<\/p>\n\n\n\n<p class=\"has-background has-cyan-bluish-gray-background-color\"><strong>Desglose de resultados:<\/strong><\/p>\n\n\n\n<p class=\"has-background has-very-light-gray-background-color\"><strong>Matem\u00e1tica:<\/strong> 4 puntajes nacionales, 10 puntajes por sobre 900 puntos y 10 sobre 850 puntos.<\/p>\n\n\n\n<figure class=\"wp-block-image size-large\"><img decoding=\"async\" src=\"https:\/\/webpe.colegiomayor.cl\/wp-content\/uploads\/Matematica-PAES-1024x683.jpg\" alt=\"\" class=\"wp-image-30993\"\/><\/figure>\n\n\n\n<p class=\"has-background has-very-light-gray-background-color\"><strong>Comprensi\u00f3n lectora:<\/strong> 8 de nuestros estudiantes obtuvieron sobre los 850 puntos.<\/p>\n\n\n\n<figure class=\"wp-block-image size-large\"><img decoding=\"async\" src=\"https:\/\/webpe.colegiomayor.cl\/wp-content\/uploads\/Lenguaje-PAES-1024x683.jpg\" alt=\"\" class=\"wp-image-30994\"\/><\/figure>\n\n\n\n<p class=\"has-background has-very-light-gray-background-color\"><strong>Ciencias:<\/strong> 1 puntaje sobre 900 puntos y dos sobre 850 puntos.<\/p>\n\n\n\n<figure class=\"wp-block-image size-large\"><img decoding=\"async\" src=\"https:\/\/webpe.colegiomayor.cl\/wp-content\/uploads\/Ciencias-PAES-1024x683.jpg\" alt=\"\" class=\"wp-image-30995\"\/><\/figure>\n\n\n\n<p class=\"has-background has-very-light-gray-background-color\"><strong>Historia: <\/strong>1 puntaje sobre 900 puntos y 2 sobre los 850 puntos.<\/p>\n\n\n\n<figure class=\"wp-block-image size-large\"><img decoding=\"async\" src=\"https:\/\/webpe.colegiomayor.cl\/wp-content\/uploads\/Historia-PAES.jpg\" alt=\"\" class=\"wp-image-30996\"\/><\/figure>\n\n\n\n<p>Dado a lo anterior la direcci\u00f3n\nde nuestro colegio realiz\u00f3 un reconocimiento a los alumnos por este importante\nlogro a nivel acad\u00e9mico, el que se llev\u00f3 a cabo este jueves 11 de enero, en la\nque los 32 estudiantes destacados fueron invitados a un desayuno junto al\nequipo Directivo y docentes de nuestra instituci\u00f3n.<\/p>\n\n\n\n<p>En esta ocasi\u00f3n la Rectora Sra. Macarena Salas junto al Director de Tercer Ciclo Sr. Jos\u00e9 Miguel Arriagada invitaron a los estudiantes a compartir su experiencia de preparaci\u00f3n PAES 2023, impresiones y opciones de mejoras respecto a c\u00f3mo el colegio trabaja la preparaci\u00f3n de la prueba y que puede ser \u00fatil para las futuras generaciones.<\/p>\n\n\n\n<figure class=\"wp-block-gallery columns-2 is-cropped wp-block-gallery-3 is-layout-flex wp-block-gallery-is-layout-flex\"><ul class=\"blocks-gallery-grid\"><li class=\"blocks-gallery-item\"><figure><img decoding=\"async\" src=\"https:\/\/webpe.colegiomayor.cl\/wp-content\/uploads\/Desayuno-PAES-1024x683.jpg\" alt=\"\" data-id=\"30983\" data-full-url=\"https:\/\/webpe.colegiomayor.cl\/wp-content\/uploads\/Desayuno-PAES.jpg\" data-link=\"https:\/\/webpe.colegiomayor.cl\/?attachment_id=30983\" class=\"wp-image-30983\"\/><\/figure><\/li><li class=\"blocks-gallery-item\"><figure><img decoding=\"async\" src=\"https:\/\/webpe.colegiomayor.cl\/wp-content\/uploads\/Sin-t\u00edtulo-68-1024x799.png\" alt=\"\" data-id=\"30984\" data-full-url=\"https:\/\/webpe.colegiomayor.cl\/wp-content\/uploads\/Sin-t\u00edtulo-68.png\" data-link=\"https:\/\/webpe.colegiomayor.cl\/?attachment_id=30984\" class=\"wp-image-30984\"\/><\/figure><\/li><\/ul><\/figure>\n\n\n\n<p>En la oportunidad la rectora Sra.\nMacarena Salas salud\u00f3 y felicit\u00f3 a los estudiantes por sus puntajes indicando, <strong><em>\u201cestos\nresultados dan cuenta del trabajo que realizan las y los estudiantes en\nconjunto con las familias y el colegio\u201d<\/em><\/strong>. Y agreg\u00f3 <strong><em>\u201cComo Colegio Mayor Pe\u00f1alol\u00e9n\nestamos con satisfechos y orgullosos de nuestros estudiantes y de los resultados\nobtenidos por ellos, los que, sin duda, son el fruto de esfuerzo, tiempo y\ndedicaci\u00f3n\u201d.<\/em><\/strong><\/p>\n\n\n\n<p>Consultado por los resultados de\nesta generaci\u00f3n, el director de Ciclo Jos\u00e9 Miguel Arriagada nos se\u00f1al\u00f3 el\ncolegio ha realizado un trabajo sistem\u00e1tico. \u201c<strong><em>El trabajo PAES 2023 es la suma\nde toda la experiencia y aprendizaje que hemos alcanzado durante todos estos\na\u00f1os y que hemos ido mejorando. Hemos ido agregando a nuestro trabajo talleres\nde manejo de estr\u00e9s y en lo acad\u00e9mico talles de comprensi\u00f3n lectora. Es muy\nimportante para nosotros haber obtenido estos resultados porque son mejores que\nlos a\u00f1os anteriores. Estamos muy contentos como colegio porque nuestros\nestudiantes podr\u00e1n elegir la carrera y la universidad que quieran\u201d.<\/em><\/strong> <\/p>\n\n\n\n<p>Asimismo, destac\u00f3 el esfuerzo\nindividual de cada uno estudiantes y el trabajo de los profesores, se\u00f1alando\nque estos \u00faltimos han demostrado compromiso y profesionalismo.<\/p>\n\n\n\n<figure class=\"wp-block-image size-large\"><img decoding=\"async\" src=\"https:\/\/webpe.colegiomayor.cl\/wp-content\/uploads\/IMG_6213-1-1024x683.jpg\" alt=\"\" class=\"wp-image-30982\"\/><figcaption><strong><em>Estudiantes destacados PAES 2023<\/em><\/strong><\/figcaption><\/figure>\n\n\n\n<figure class=\"wp-block-table\"><table class=\"has-subtle-pale-blue-background-color has-background\"><tbody><tr><td>   <strong>NOMBRES ESTUDIANTES DESTACADOS PAES 2023<\/strong>   <\/td><\/tr><tr><td>\n  Morales Toro Fernando Nicol\u00e1s\n  <\/td><\/tr><tr><td>\n  Acu\u00f1a Quinteros Gabriel Ignacio\n  <\/td><\/tr><tr><td>\n  Del r\u00edo Guerra Constanza Bel\u00e9n\n  <\/td><\/tr><tr><td>\n  Butelmann Venegas Nyx Clara\n  <\/td><\/tr><tr><td>\n  Mart\u00ednez Constenla Juan Alberto\n  <\/td><\/tr><tr><td>\n  M\u00e9ndez Elgueta Eduardo Benjam\u00edn\n  <\/td><\/tr><tr><td>\n  Guzm\u00e1n S\u00e1nchez Macarena\n  <\/td><\/tr><tr><td>\n  Romo V\u00e1squez Gonzalo Alberto\n  <\/td><\/tr><tr><td>\n  Gajardo Quinchavil Ang\u00e9lica \n  <\/td><\/tr><tr><td>\n  Letelier Rojas Ray\u00e9n \n  <\/td><\/tr><tr><td>\n  Moya Roca Francisca \n  <\/td><\/tr><tr><td>\n  Vidal S\u00e1ez Agust\u00edn \n  <\/td><\/tr><tr><td>\n  Cacho Narv\u00e1ez Xavier \n  <\/td><\/tr><tr><td>\n  Oyarz\u00fan Saavedra Fernanda \n  <\/td><\/tr><tr><td>\n  Carvajal Ticchione Paola \n  <\/td><\/tr><tr><td>\n  Requena Balcazar Pedro Pablo\n  <\/td><\/tr><tr><td>\n  Bustos Cruz Sof\u00eda \n  <\/td><\/tr><tr><td>\n  Gallardo Esc\u00e1rate Tom\u00e1s \n  <\/td><\/tr><tr><td>\n  Hern\u00e1ndez Conde Diego \n  <\/td><\/tr><tr><td>\n  Su\u00e1rez Gonz\u00e1lez Nicol\u00e1s\n  <\/td><\/tr><tr><td>\n  Navarro Leyton Pablo\n  <\/td><\/tr><tr><td>\n  G\u00f3mez Mart\u00ednez Daniel \n  <\/td><\/tr><tr><td>\n  Gatica Bolados Felipe \n  <\/td><\/tr><tr><td>\n  Navarro Leyton Beatriz\n  <\/td><\/tr><tr><td>\n  Williams Guerrero Rafael \n  <\/td><\/tr><tr><td>\n  C\u00e1ceres Delgado Helena \n  <\/td><\/tr><tr><td>\n  Carre\u00f1o Orio Martina \n  <\/td><\/tr><tr><td>\n  Baeza Vargas Matilde \n  <\/td><\/tr><tr><td>\n  Valdivieso Obreque Ignacia\n  <\/td><\/tr><tr><td>\n  G\u00f3mez Navarro Vicente \n  <\/td><\/tr><tr><td>\n  P\u00e9rez Barra Gabriel \n  <\/td><\/tr><tr><td>\n  Araya Guzm\u00e1n Emilio \n  <\/td><\/tr><\/tbody><\/table><\/figure>\n","protected":false},"excerpt":{"rendered":"<p>El martes 3 de enero se dieron a conocer los resultados de la Prueba de Acceso a la Educaci\u00f3n Superior (PAES) y se inici\u00f3 el proceso de postulaci\u00f3n para el ingreso a las universidades adscritas al sistema. Y cuatro estudiantes de nuestro Colegio Mayor Pe\u00f1alol\u00e9n&nbsp;<a href=\"https:\/\/webpe.colegiomayor.cl\/?p=30981\">&hellip;<\/a><\/p>\n","protected":false},"author":5,"featured_media":31053,"comment_status":"closed","ping_status":"closed","sticky":false,"template":"","format":"standard","meta":{"content-type":"","footnotes":""},"categories":[23],"tags":[],"class_list":["post-30981","post","type-post","status-publish","format-standard","has-post-thumbnail","hentry","category-actualidad","odd"],"rttpg_featured_image_url":null,"rttpg_author":{"display_name":"Flor Parragu\u00e9z","author_link":"https:\/\/webpe.colegiomayor.cl\/?author=5"},"rttpg_comment":0,"rttpg_category":"<a href=\"https:\/\/webpe.colegiomayor.cl\/?cat=23\" rel=\"category\">COLEGIO<\/a>","rttpg_excerpt":"El martes 3 de enero se dieron a conocer los resultados de la Prueba de Acceso a la Educaci\u00f3n Superior (PAES) y se inici\u00f3 el proceso de postulaci\u00f3n para el ingreso a las universidades adscritas al sistema. Y cuatro estudiantes de nuestro Colegio Mayor Pe\u00f1alol\u00e9n&nbsp;&hellip;","_links":{"self":[{"href":"https:\/\/webpe.colegiomayor.cl\/index.php?rest_route=\/wp\/v2\/posts\/30981","targetHints":{"allow":["GET"]}}],"collection":[{"href":"https:\/\/webpe.colegiomayor.cl\/index.php?rest_route=\/wp\/v2\/posts"}],"about":[{"href":"https:\/\/webpe.colegiomayor.cl\/index.php?rest_route=\/wp\/v2\/types\/post"}],"author":[{"embeddable":true,"href":"https:\/\/webpe.colegiomayor.cl\/index.php?rest_route=\/wp\/v2\/users\/5"}],"replies":[{"embeddable":true,"href":"https:\/\/webpe.colegiomayor.cl\/index.php?rest_route=%2Fwp%2Fv2%2Fcomments&post=30981"}],"version-history":[{"count":0,"href":"https:\/\/webpe.colegiomayor.cl\/index.php?rest_route=\/wp\/v2\/posts\/30981\/revisions"}],"wp:featuredmedia":[{"embeddable":true,"href":"https:\/\/webpe.colegiomayor.cl\/index.php?rest_route=\/"}],"wp:attachment":[{"href":"https:\/\/webpe.colegiomayor.cl\/index.php?rest_route=%2Fwp%2Fv2%2Fmedia&parent=30981"}],"wp:term":[{"taxonomy":"category","embeddable":true,"href":"https:\/\/webpe.colegiomayor.cl\/index.php?rest_route=%2Fwp%2Fv2%2Fcategories&post=30981"},{"taxonomy":"post_tag","embeddable":true,"href":"https:\/\/webpe.colegiomayor.cl\/index.php?rest_route=%2Fwp%2Fv2%2Ftags&post=30981"}],"curies":[{"name":"wp","href":"https:\/\/api.w.org\/{rel}","templated":true}]}}